{"id":16137,"date":"2025-02-06T13:06:04","date_gmt":"2025-02-06T10:06:04","guid":{"rendered":"https:\/\/www.egemtv.com\/?p=16137"},"modified":"2025-02-06T13:06:09","modified_gmt":"2025-02-06T10:06:09","slug":"zabitaya-ofke-kontrolu-egitimi","status":"publish","type":"post","link":"https:\/\/www.egemtv.com\/?p=16137","title":{"rendered":"Zab\u0131taya \u00f6fke kontrol\u00fc e\u011fitimi"},"content":{"rendered":"<p>Yunusemre Belediyesi ve Elginkan Vakf\u0131 i\u015fbirli\u011fi ile Yunusemre Belediyesi Zab\u0131ta M\u00fcd\u00fcrl\u00fc\u011f\u00fc personellerine \u00f6fke kontrol\u00fc e\u011fitimi verildi.<br \/>\n<br \/>Yunusemre Belediyesi Zab\u0131ta M\u00fcd\u00fcrl\u00fc\u011f\u00fc\u2019nde g\u00f6rev yapan personellere \u00d6fke Kontrol\u00fc Etkili \u0130leti\u015fim konular\u0131nda e\u011fitim d\u00fczenlendi. Yunusemre Belediyesi ve Elginkan Vakf\u0131 i\u015fbirli\u011fi ile Manisa \u00dcmmehan Elginkan Mesleki ve Teknik E\u011fitim Merkezi\u2019nde \u0130leti\u015fim ve Beden Dili Uzman\u0131 Dilek Sel\u00e7uk taraf\u0131ndan verilen e\u011fitimde zab\u0131talar\u0131n ya\u015fad\u0131klar\u0131 ve ya\u015fayabilecekleri durumlar kar\u015f\u0131s\u0131nda \u00f6fke kontrollerini nas\u0131l sa\u011flamas\u0131 gerekti\u011fi ve stres an\u0131nda nas\u0131l ba\u015fa \u00e7\u0131kmas\u0131 gerekti\u011fi anlat\u0131ld\u0131. D\u00fczenlenen e\u011fitimler kapsam\u0131nda Yunusemre Belediyesi Zab\u0131ta M\u00fcd\u00fcrl\u00fc\u011f\u00fc b\u00fcnyesinde g\u00f6rev yapan 95 zab\u0131ta 2 grup halinde e\u011fitimlerini tamamlarken; 45 zab\u0131ta ilerleyen s\u00fcre\u00e7te e\u011fitimlerini tamamlay\u0131p, zor insanlarla ileti\u015fim ve stres y\u00f6netimi konular\u0131nda kendilerini geli\u015ftirmi\u015f olacak.<br \/><\/p>\n","protected":false},"excerpt":{"rendered":"<p>Yunusemre Belediyesi ve Elginkan Vakf\u0131 i\u015fbirli\u011fi ile Yunusemre Belediyesi Zab\u0131ta M\u00fcd\u00fcrl\u00fc\u011f\u00fc personellerine \u00f6fke kontrol\u00fc e\u011fitimi verildi. Yunusemre Belediyesi Zab\u0131ta M\u00fcd\u00fcrl\u00fc\u011f\u00fc\u2019nde g\u00f6rev yapan personellere \u00d6fke Kontrol\u00fc Etkili \u0130leti\u015fim konular\u0131nda e\u011fitim d\u00fczenlendi. Yunusemre Belediyesi ve Elginkan Vakf\u0131 i\u015fbirli\u011fi ile Manisa \u00dcmmehan Elginkan Mesleki ve Teknik E\u011fitim Merkezi\u2019nde \u0130leti\u015fim ve Beden Dili Uzman\u0131 Dilek Sel\u00e7uk taraf\u0131ndan verilen e\u011fitimde&#8230;<\/p>\n","protected":false},"author":1,"featured_media":16138,"comment_status":"open","ping_status":"open","sticky":false,"template":"","format":"standard","meta":{"_crdt_document":"","footnotes":""},"categories":[5],"tags":[],"class_list":["post-16137","post","type-post","status-publish","format-standard","has-post-thumbnail","hentry","category-asayis"],"_links":{"self":[{"href":"https:\/\/www.egemtv.com\/index.php?rest_route=\/wp\/v2\/posts\/16137","targetHints":{"allow":["GET"]}}],"collection":[{"href":"https:\/\/www.egemtv.com\/index.php?rest_route=\/wp\/v2\/posts"}],"about":[{"href":"https:\/\/www.egemtv.com\/index.php?rest_route=\/wp\/v2\/types\/post"}],"author":[{"embeddable":true,"href":"https:\/\/www.egemtv.com\/index.php?rest_route=\/wp\/v2\/users\/1"}],"replies":[{"embeddable":true,"href":"https:\/\/www.egemtv.com\/index.php?rest_route=%2Fwp%2Fv2%2Fcomments&post=16137"}],"version-history":[{"count":1,"href":"https:\/\/www.egemtv.com\/index.php?rest_route=\/wp\/v2\/posts\/16137\/revisions"}],"predecessor-version":[{"id":16139,"href":"https:\/\/www.egemtv.com\/index.php?rest_route=\/wp\/v2\/posts\/16137\/revisions\/16139"}],"wp:featuredmedia":[{"embeddable":true,"href":"https:\/\/www.egemtv.com\/index.php?rest_route=\/wp\/v2\/media\/16138"}],"wp:attachment":[{"href":"https:\/\/www.egemtv.com\/index.php?rest_route=%2Fwp%2Fv2%2Fmedia&parent=16137"}],"wp:term":[{"taxonomy":"category","embeddable":true,"href":"https:\/\/www.egemtv.com\/index.php?rest_route=%2Fwp%2Fv2%2Fcategories&post=16137"},{"taxonomy":"post_tag","embeddable":true,"href":"https:\/\/www.egemtv.com\/index.php?rest_route=%2Fwp%2Fv2%2Ftags&post=16137"}],"curies":[{"name":"wp","href":"https:\/\/api.w.org\/{rel}","templated":true}]}}