{"id":16134,"date":"2025-02-06T13:02:19","date_gmt":"2025-02-06T10:02:19","guid":{"rendered":"https:\/\/www.egemtv.com\/?p=16134"},"modified":"2025-02-06T13:02:23","modified_gmt":"2025-02-06T10:02:23","slug":"vali-elban-izmiri-santorini-kaynakli-deprem-etkisiyle-bir-tehlike-beklemiyor","status":"publish","type":"post","link":"https:\/\/www.egemtv.com\/?p=16134","title":{"rendered":"Vali Elban: &#8220;\u0130zmir\u2019i Santorini kaynakl\u0131 deprem etkisiyle bir tehlike beklemiyor&#8221;"},"content":{"rendered":"<p>6 \u015eubat 2023\u2019te Kahramanmara\u015f merkezli 7.7 ve 7.6 b\u00fcy\u00fckl\u00fc\u011f\u00fcndeki depremlerde hayatlar\u0131n\u0131 kaybedenler i\u00e7in \u0130zmir\u2019de anma program\u0131 d\u00fczenlendi. \u0130zmir Valisi S\u00fcleyman Elban, &#8220;Bilim insanlar\u0131n\u0131n, AFAD ve MTA\u2019n\u0131n ortak g\u00f6r\u00fc\u015f\u00fc \u2018bu civarda olu\u015fan deprem hareketlili\u011finin do\u011frudan ilimizi etkilemesi\u2019 beklenmiyor. Fay yap\u0131s\u0131 itibariyle bizim ilimizi tetikleyecek fay s\u00f6z konusu de\u011fil. \u0130zmir\u2019i Santorini kaynakl\u0131 deprem etkisiyle bir tehlike beklemiyor&#8221; dedi.<br \/>\n<br \/>\u0130zmir Valili\u011fi taraf\u0131ndan, 6 \u015eubat 2023 tarihinde Kahramanmara\u015f\u2019\u0131n Pazarc\u0131k il\u00e7esinde meydana gelen ve toplamda 11 ili etkileyen, 7.6 ve 7.7 b\u00fcy\u00fckl\u00fc\u011f\u00fcndeki depremde hayat\u0131n\u0131 kaybeden vatanda\u015flar i\u00e7in anma program\u0131 d\u00fczenledi. \u0130zmir \u0130ktisat Kongresi Binas\u0131\u2019nda ger\u00e7ekle\u015ftirilen program, sayg\u0131 duru\u015funda bulunulmas\u0131 ve \u0130stiklal Mar\u015f\u0131\u2019n\u0131n okunmas\u0131yla ba\u015flad\u0131. Ard\u0131ndan depremde ya\u015fam\u0131n\u0131 yitiren vatanda\u015flar i\u00e7in Kuran-\u0131 Kerim tilaveti yap\u0131l\u0131p dua edildi. Daha sonra AFAD taraf\u0131ndan haz\u0131rlanan, depremlerden etkilenen illerde yap\u0131lan \u00e7al\u0131\u015fmalar\u0131n anlat\u0131ld\u0131\u011f\u0131 video izletildi.<\/p>\n<p>&#8220;Ders al\u0131nacak ibretlik olaylar&#8221;<br \/>\n<br \/>Programda konu\u015fan \u0130zmir Valisi S\u00fcleyman Elban &#8220;6 \u015eubat depremlerini ya\u015fam\u0131\u015f, g\u00f6rm\u00fc\u015f ve g\u00f6rev alm\u0131\u015f biri olarak s\u00f6yl\u00fcyorum, o g\u00fcnk\u00fc ya\u015fan\u0131lan olaylar\u0131 anlatmak \u00e7ok zaman alacakt\u0131r. Orada ya\u015fan\u0131lan \u00e7ok \u00f6zel hikayeler var. Her biri ders al\u0131nacak ibretlik olaylar, i\u00e7imizi ac\u0131tacak vahim durumlar ve kahramanl\u0131k hikayeleri. G\u00fcnlerce uyumayan, bir \u015feyler yemeyen, \u2018Depremzedeler yesin\u2019 diyerek g\u00fcnlerce yemek yemeyen arkada\u015f\u0131m\u0131z vard\u0131. Orada devletimizin b\u00fcy\u00fckl\u00fc\u011f\u00fcn\u00fc g\u00f6rd\u00fck. Devletimizin bu kadar ara\u00e7 gereci, yeti\u015fmi\u015f personeli, kayna\u011f\u0131 oldu\u011funu orada g\u00f6rd\u00fck&#8221; diye vurgulad\u0131.<\/p>\n<p>&#8220;453 bin konut y\u0131l sonu hak sahiplerine teslim edilecek&#8221;<br \/>\n<br \/>Cumhurba\u015fkan\u0131m\u0131z\u0131n deste\u011fi ve takibiyle 453 bin konutun bu y\u0131l sonu bitirilerek hak sahiplerine verilece\u011finden bahseden Vali Elban, &#8220;Bu d\u00fcnyada e\u015fi benzeri olmayan bir rakam. Bunun d\u0131\u015f\u0131nda kamu binalar\u0131, yollar, altyap\u0131. Hepsi yap\u0131l\u0131yor. Bunun arkas\u0131nda ancak g\u00fc\u00e7l\u00fc bir lider, devlet ve millet olursa olur. Depremin 33-34\u2019\u00fcnc\u00fc g\u00fcn\u00fc de Adana\u2019da deprem konutlar\u0131n\u0131n temeli at\u0131ld\u0131. Bir y\u0131l ge\u00e7meden 200 binin \u00fczerinde konut teslim edildi. Bu y\u0131l sonunda da di\u011ferleri teslim edildi\u011finde art\u0131k hak sahipli\u011fi diye bir konu kalmayacak. Her \u015fey yerine getirilebilir ama hayat\u0131n\u0131 kaybedenler getirilemez. Felaketlerle ilgili as\u0131l olan \u015fey o felaketten hi\u00e7 etkilenmemek ya da az etkilenmek o da az yaral\u0131 ya da kay\u0131pla etkilenmek&#8221; ifadelerine yer verdi.<\/p>\n<p>&#8220;\u0130zmir\u2019de y\u00fczde 70\u2019e yak\u0131n yap\u0131 sto\u011fu sorunlu&#8221;<br \/>\n<br \/>Ege Denizi\u2019nde g\u00f6r\u00fclen deprem f\u0131rt\u0131nas\u0131 sebebiyle tedirginlik olu\u015ftu\u011funu ifade eden Elban, \u015funlar\u0131 kaydetti:<br \/>\n<br \/>&#8220;\u0130zmir\u2019de y\u00fczde 70 d\u00fczeyinde yap\u0131 sto\u011fumuzun sorunlu oldu\u011fu bilimsel olarak da a\u00e7\u0131klan\u0131yor. 28 Ocak tarihinden itibaren Santorini\u2019nin 6 bu\u00e7uk kilometre kuzey do\u011fusundaki Kolumbo Yanarda\u011f\u0131 civar\u0131nda yo\u011funla\u015fan deprem hareketlili\u011fi ba\u015flad\u0131. O tarihten bug\u00fcne 1\u2019in \u00fczerinde bini ge\u00e7en deprem kaydedildi. Bunlar\u0131n 800\u2019e yak\u0131n\u0131 3-4 \u015fiddeti civar\u0131nda. En son Santorini civar\u0131nda 1650 y\u0131l\u0131nda deprem olmu\u015f ve kay\u0131plar s\u00f6z konusu. Ancak biz deprem f\u0131rt\u0131nas\u0131n\u0131n ba\u015flad\u0131\u011f\u0131 ilk g\u00fcnden itibaren, bu i\u015fi bilen bilim insanlar\u0131, AFAD ve MTA ile s\u00fcrekli isti\u015fare halindeyiz. Santorini civar\u0131ndaki deprem f\u0131rt\u0131nas\u0131 diye tabir etti\u011finiz hareketlilik en son 2011 y\u0131l\u0131nda da olmu\u015f ve 14 ay s\u00fcrm\u00fc\u015f. O deprem hareketlili\u011finde ilimiz etkilenmemi\u015f. Bilim insanlar\u0131n\u0131n, AFAD ve MTA\u2019n\u0131n ortak g\u00f6r\u00fc\u015f\u00fc \u2018bu civarda olu\u015fan deprem hareketlili\u011finin do\u011frudan ilimizi etkilemesi\u2019 beklenmiyor. Fay yap\u0131s\u0131 itibariyle bizim ilimizi tetikleyecek fay s\u00f6z konusu de\u011fil. Depremin oldu\u011fu b\u00f6lgelerin ilimize uzakl\u0131\u011f\u0131 260-300 kilometre mesafe s\u00f6z konusu. \u0130zmir\u2019i Santorini kaynakl\u0131 deprem etkisiyle bir tehlike beklemiyor.&#8221;<\/p>\n<p>&#8220;Volkan\u2019\u0131n \u0130zmir\u2019e gelme ihtimali \u00e7ok zay\u0131f&#8221;<br \/>\n<br \/>Konu\u015fmas\u0131n\u0131n devam\u0131nda \u2019Kolumbo Volkan\u0131\u2019ndan da bahseden Vali Elban, s\u00f6zlerini \u015f\u00f6yle s\u00fcrd\u00fcrd\u00fc:<br \/>\n<br \/>&#8220;Volkan\u0131n faaliyete ge\u00e7mesi konusunda, e\u011fer suyun alt\u0131nda olu\u015facaksa lav ve k\u00fcl \u00e7\u0131k\u0131\u015f\u0131 olmayacak. Fakat suyun d\u0131\u015f\u0131nda olmas\u0131 durumunda orada olu\u015facak bir k\u00fcl\u00fcn \u0130zmir\u2019e gelme ihtimali \u00e7ok zay\u0131f. Gelmesi ancak o g\u00fcn r\u00fczg\u00e2r\u0131n ilimize do\u011fru olmas\u0131na ba\u011fl\u0131. Gelse bile rahats\u0131z edici d\u00fczeyde olmas\u0131 beklenmiyor. Tsunaminin ilimiz k\u0131y\u0131lar\u0131nda ancak yar\u0131m metre, 60-70 santimlik dalga olu\u015fturaca\u011f\u0131 bekleniyor. Mevsim itibariyle b\u00f6yle dalgalar her g\u00fcn var. \u00d6yle bir dalga hareketini hissetme ihtimalini d\u00fc\u015f\u00fcnm\u00fcyoruz. \u0130limiz depremsellik a\u00e7\u0131s\u0131ndan riskli, kendi depremi olabilir. Bu \u015fehirde 4 y\u0131l \u00f6nce olmu\u015f yine olabilir. Vatanda\u015flar resmi kaynaklara itibar etmeli.&#8221;<br \/>\n<br \/>AFAD Ba\u015fkanl\u0131\u011f\u0131 ve bilim insanlar\u0131 ile koordineli olduklar\u0131na de\u011finen Elban, yeni ekiplerin ve erken uyar\u0131 sistemiyle ilgili ara\u00e7 gere\u00e7lerin geldi\u011fini, bir afet olmas\u0131 durumunda ise kendisinin ba\u015fkanl\u0131\u011f\u0131nda g\u00f6rev alacak 49 kurumun bulundu\u011funu aktard\u0131.<\/p>\n<p>&#8220;B\u00fct\u00fcn kaynaklar seferber edildi&#8221;<br \/>\n<br \/>\u0130zmir \u0130l Afet ve Acil Durum M\u00fcd\u00fcr\u00fc Nazif Ekinci de &#8220;Kahramanmara\u015f\u2019ta meydana gelen depremde \u00fclke olarak hep birlikte sars\u0131ld\u0131k. \u0130ki b\u00fcy\u00fck deprem o zamana kadar kay\u0131t alt\u0131na al\u0131nm\u0131\u015f bir \u015fey de\u011fildi. O nedenle asr\u0131n felaketi demi\u015ftik. \u00d6zellikle 120 bin kilometre karelik bir alan etkilendi. 11 il etkilenirken \u00e7e\u015fitli \u00f6l\u00e7eklerde 18 ilimiz de etkilendi. \u0130lk dakikadan itibaren b\u00fct\u00fcn kaynaklar seferber edildi. Y\u0131l\u0131n en yo\u011fun kar ya\u011f\u0131\u015f\u0131 varken oraya ko\u015ftuk ve yaralar\u0131 sarmaya ba\u015flad\u0131k. Yakla\u015f\u0131k 53 bin 500 vatanda\u015f\u0131m\u0131z\u0131 kaybederken 120 bin vatanda\u015f\u0131m\u0131z yaraland\u0131. B\u00f6lgeden 5 milyon vatanda\u015f\u0131m\u0131z\u0131n \u00e7e\u015fitli illere tahliyeleri ger\u00e7ekle\u015ftirildi. Ayn\u0131 ayda 3 milyon ki\u015filik yemek deste\u011fi sa\u011fland\u0131. H\u0131zl\u0131ca \u00e7ad\u0131r kent ve konteynerler kuruldu. Afet meydana geldikten sonra m\u00fcdahale noktas\u0131nda 1999 y\u0131l\u0131na g\u00f6re iyi durumday\u0131z. \u00d6nlem konusunda ilk akla gelen ya\u015fad\u0131\u011f\u0131m\u0131z evler. \u00dclkemizde kentsel d\u00f6n\u00fc\u015f\u00fcm \u00e7al\u0131\u015fmalar\u0131 var ancak yap\u0131 stokuna dikkat edildi\u011finde 20 y\u0131la ihtiyac\u0131m\u0131z var. Ancak kaynaklar\u0131m\u0131z\u0131 daha etkili kullanarak bu d\u00f6n\u00fc\u015f\u00fcm\u00fc topyekun sa\u011flamal\u0131y\u0131z. Afetlerde daha g\u00fc\u00e7l\u00fc olma ad\u0131na ad\u0131mlar at\u0131ld\u0131. \u0130\u00e7i\u015fleri Bakanl\u0131\u011f\u0131\u2019m\u0131z\u0131n 100 bin arama kurtarma personeli yeti\u015ftirme projesi yap\u0131ld\u0131. \u0130zmir olarak kendimize 4 bin 500 kota koymu\u015ftuk, y\u0131l sonu itibariyle 4 bin 851 olarak ger\u00e7ekle\u015fti. 12 STK\u2019m\u0131z\u0131n akreditasyon s\u00fcreci tamamland\u0131. \u0130zmir ili olarak hedefimiz 30 akredite olmu\u015f profesyonel arama kurtarma ekipleri yeti\u015ftirmek&#8221; c\u00fcmlelerini aktard\u0131.<br \/>\n<br \/>Program, AFAD \u0130l M\u00fcd\u00fcrl\u00fc\u011f\u00fc \u00e7al\u0131\u015fanlar\u0131na te\u015fekk\u00fcr belgesi takdim edilmesiyle sona erdi. Etkinli\u011fe, \u0130zmir Valisi S\u00fcleyman Elban\u2019\u0131n yan\u0131 s\u0131ra; \u0130l Afet ve Acil Durum M\u00fcd\u00fcr\u00fc Nazif Ekinci, Ege Ordusu ve Garnizon Komutan\u0131 \u0130rfan \u00d6zsert, \u0130zmir Cumhuriyet Ba\u015fsavc\u0131s\u0131 Ali Yeldan, belediye ba\u015fkanlar\u0131 ve arama kurtarma ekibi temsilcileri kat\u0131ld\u0131.<br \/><\/p>\n","protected":false},"excerpt":{"rendered":"<p>6 \u015eubat 2023\u2019te Kahramanmara\u015f merkezli 7.7 ve 7.6 b\u00fcy\u00fckl\u00fc\u011f\u00fcndeki depremlerde hayatlar\u0131n\u0131 kaybedenler i\u00e7in \u0130zmir\u2019de anma program\u0131 d\u00fczenlendi. \u0130zmir Valisi S\u00fcleyman Elban, &#8220;Bilim insanlar\u0131n\u0131n, AFAD ve MTA\u2019n\u0131n ortak g\u00f6r\u00fc\u015f\u00fc \u2018bu civarda olu\u015fan deprem hareketlili\u011finin do\u011frudan ilimizi etkilemesi\u2019 beklenmiyor. Fay yap\u0131s\u0131 itibariyle bizim ilimizi tetikleyecek fay s\u00f6z konusu de\u011fil. \u0130zmir\u2019i Santorini kaynakl\u0131 deprem etkisiyle bir tehlike beklemiyor&#8221;&#8230;<\/p>\n","protected":false},"author":1,"featured_media":16135,"comment_status":"open","ping_status":"open","sticky":false,"template":"","format":"standard","meta":{"_crdt_document":"","footnotes":""},"categories":[1],"tags":[],"class_list":["post-16134","post","type-post","status-publish","format-standard","has-post-thumbnail","hentry","category-guncel"],"_links":{"self":[{"href":"https:\/\/www.egemtv.com\/index.php?rest_route=\/wp\/v2\/posts\/16134","targetHints":{"allow":["GET"]}}],"collection":[{"href":"https:\/\/www.egemtv.com\/index.php?rest_route=\/wp\/v2\/posts"}],"about":[{"href":"https:\/\/www.egemtv.com\/index.php?rest_route=\/wp\/v2\/types\/post"}],"author":[{"embeddable":true,"href":"https:\/\/www.egemtv.com\/index.php?rest_route=\/wp\/v2\/users\/1"}],"replies":[{"embeddable":true,"href":"https:\/\/www.egemtv.com\/index.php?rest_route=%2Fwp%2Fv2%2Fcomments&post=16134"}],"version-history":[{"count":1,"href":"https:\/\/www.egemtv.com\/index.php?rest_route=\/wp\/v2\/posts\/16134\/revisions"}],"predecessor-version":[{"id":16136,"href":"https:\/\/www.egemtv.com\/index.php?rest_route=\/wp\/v2\/posts\/16134\/revisions\/16136"}],"wp:featuredmedia":[{"embeddable":true,"href":"https:\/\/www.egemtv.com\/index.php?rest_route=\/wp\/v2\/media\/16135"}],"wp:attachment":[{"href":"https:\/\/www.egemtv.com\/index.php?rest_route=%2Fwp%2Fv2%2Fmedia&parent=16134"}],"wp:term":[{"taxonomy":"category","embeddable":true,"href":"https:\/\/www.egemtv.com\/index.php?rest_route=%2Fwp%2Fv2%2Fcategories&post=16134"},{"taxonomy":"post_tag","embeddable":true,"href":"https:\/\/www.egemtv.com\/index.php?rest_route=%2Fwp%2Fv2%2Ftags&post=16134"}],"curies":[{"name":"wp","href":"https:\/\/api.w.org\/{rel}","templated":true}]}}