{"id":16131,"date":"2025-02-06T12:44:05","date_gmt":"2025-02-06T09:44:05","guid":{"rendered":"https:\/\/www.egemtv.com\/?p=16131"},"modified":"2025-02-06T12:44:10","modified_gmt":"2025-02-06T09:44:10","slug":"soguk-pazara-vurdu-pazarcilar-careyi-ates-yakmakta-buldu","status":"publish","type":"post","link":"https:\/\/www.egemtv.com\/?p=16131","title":{"rendered":"So\u011fuk pazara vurdu, pazarc\u0131lar \u00e7areyi ate\u015f yakmakta buldu"},"content":{"rendered":"<p>Meteoroloji 4. B\u00f6lge M\u00fcd\u00fcrl\u00fc\u011f\u00fc taraf\u0131ndan ge\u00e7ti\u011fimiz g\u00fcnlerde yap\u0131lan uyar\u0131da, Mu\u011fla\u2019da 5 \u015eubat \u00c7ar\u015famba g\u00fcn\u00fcnden itibaren hava s\u0131cakl\u0131klar\u0131n\u0131n 6-12 derece d\u00fc\u015fece\u011fi belirtilmi\u015fti. Ge\u00e7ti\u011fimiz g\u00fcnlerde yazdan kalma g\u00fcnlerin ya\u015fand\u0131\u011f\u0131 Mu\u011fla\u2019da so\u011fuk hava etkisini g\u00f6sterdi.<br \/>\n<br \/>Mente\u015fe\u2019de Per\u015fembe g\u00fcnleri kurulan halk pazar\u0131nda sabah\u0131n erken saatlerinde tezgahlar\u0131n\u0131 a\u00e7an pazar esnaf\u0131ndan baz\u0131lar\u0131 tezgahlar\u0131n\u0131n yanlar\u0131na koyduklar\u0131 tenekelerde, baz\u0131lar\u0131 da pazar\u0131n uygun yerlerinde ate\u015f yakarak \u0131s\u0131nmaya \u00e7al\u0131\u015f\u0131yor. Yanan ate\u015ften pazara gelen m\u00fc\u015fteriler de yararlan\u0131yor.<br \/><\/p>\n","protected":false},"excerpt":{"rendered":"<p>Meteoroloji 4. B\u00f6lge M\u00fcd\u00fcrl\u00fc\u011f\u00fc taraf\u0131ndan ge\u00e7ti\u011fimiz g\u00fcnlerde yap\u0131lan uyar\u0131da, Mu\u011fla\u2019da 5 \u015eubat \u00c7ar\u015famba g\u00fcn\u00fcnden itibaren hava s\u0131cakl\u0131klar\u0131n\u0131n 6-12 derece d\u00fc\u015fece\u011fi belirtilmi\u015fti. Ge\u00e7ti\u011fimiz g\u00fcnlerde yazdan kalma g\u00fcnlerin ya\u015fand\u0131\u011f\u0131 Mu\u011fla\u2019da so\u011fuk hava etkisini g\u00f6sterdi. Mente\u015fe\u2019de Per\u015fembe g\u00fcnleri kurulan halk pazar\u0131nda sabah\u0131n erken saatlerinde tezgahlar\u0131n\u0131 a\u00e7an pazar esnaf\u0131ndan baz\u0131lar\u0131 tezgahlar\u0131n\u0131n yanlar\u0131na koyduklar\u0131 tenekelerde, baz\u0131lar\u0131 da pazar\u0131n uygun yerlerinde&#8230;<\/p>\n","protected":false},"author":1,"featured_media":16132,"comment_status":"open","ping_status":"open","sticky":false,"template":"","format":"standard","meta":{"_crdt_document":"","footnotes":""},"categories":[1],"tags":[],"class_list":["post-16131","post","type-post","status-publish","format-standard","has-post-thumbnail","hentry","category-guncel"],"_links":{"self":[{"href":"https:\/\/www.egemtv.com\/index.php?rest_route=\/wp\/v2\/posts\/16131","targetHints":{"allow":["GET"]}}],"collection":[{"href":"https:\/\/www.egemtv.com\/index.php?rest_route=\/wp\/v2\/posts"}],"about":[{"href":"https:\/\/www.egemtv.com\/index.php?rest_route=\/wp\/v2\/types\/post"}],"author":[{"embeddable":true,"href":"https:\/\/www.egemtv.com\/index.php?rest_route=\/wp\/v2\/users\/1"}],"replies":[{"embeddable":true,"href":"https:\/\/www.egemtv.com\/index.php?rest_route=%2Fwp%2Fv2%2Fcomments&post=16131"}],"version-history":[{"count":1,"href":"https:\/\/www.egemtv.com\/index.php?rest_route=\/wp\/v2\/posts\/16131\/revisions"}],"predecessor-version":[{"id":16133,"href":"https:\/\/www.egemtv.com\/index.php?rest_route=\/wp\/v2\/posts\/16131\/revisions\/16133"}],"wp:featuredmedia":[{"embeddable":true,"href":"https:\/\/www.egemtv.com\/index.php?rest_route=\/wp\/v2\/media\/16132"}],"wp:attachment":[{"href":"https:\/\/www.egemtv.com\/index.php?rest_route=%2Fwp%2Fv2%2Fmedia&parent=16131"}],"wp:term":[{"taxonomy":"category","embeddable":true,"href":"https:\/\/www.egemtv.com\/index.php?rest_route=%2Fwp%2Fv2%2Fcategories&post=16131"},{"taxonomy":"post_tag","embeddable":true,"href":"https:\/\/www.egemtv.com\/index.php?rest_route=%2Fwp%2Fv2%2Ftags&post=16131"}],"curies":[{"name":"wp","href":"https:\/\/api.w.org\/{rel}","templated":true}]}}