{"id":16126,"date":"2025-02-06T12:37:41","date_gmt":"2025-02-06T09:37:41","guid":{"rendered":"https:\/\/www.egemtv.com\/?p=16126"},"modified":"2025-02-06T12:37:47","modified_gmt":"2025-02-06T09:37:47","slug":"mentese-belediyesi-emitt-fuarinda-dunyaya-aciliyor-2","status":"publish","type":"post","link":"https:\/\/www.egemtv.com\/?p=16126","title":{"rendered":"Mente\u015fe Belediyesi EMITT Fuar\u0131\u2019nda d\u00fcnyaya a\u00e7\u0131l\u0131yor"},"content":{"rendered":"<p>D\u00fcnyan\u0131n en b\u00fcy\u00fck turizm fuarlar\u0131 aras\u0131nda yer alan 28. EMITT-Do\u011fu Akdeniz Uluslararas\u0131 Turizm ve Seyahat Fuar\u0131 \u0130stanbul\u2019da T\u00dcYAP Fuar ve Kongre Merkezi\u2019nde a\u00e7\u0131ld\u0131. 5-7 \u015eubat tarihleri aras\u0131nda turizm profesyonellerini ve sekt\u00f6r temsilcilerini 28. kez \u0130stanbul\u2019da bir araya getiren fuarda Mente\u015fe Belediyesi a\u00e7t\u0131\u011f\u0131 stant ile ziyaret\u00e7ilerini a\u011f\u0131rl\u0131yor.<br \/>\n<br \/>D\u00fcnya turizm sekt\u00f6r\u00fcn\u00fcn T\u00fcrkiye bulu\u015fma noktas\u0131 olan 28. EMITT Turizm Fuar\u0131 5-7 \u015eubat 2025 tarihlerinde turizm sekt\u00f6r\u00fcn\u00fcn t\u00fcm ulusal ve uluslararas\u0131 payda\u015flar\u0131 ile tatil t\u00fcketicilerini bir araya getiriyor. Fuara belediyeler, turizm destinasyonlar\u0131, yaz ve k\u0131\u015f turizmi, sa\u011fl\u0131k turizmi, gastronomi turizmi, oteller ve turist merkezleri, tur operat\u00f6rleri ve acenteler kat\u0131l\u0131yor.<br \/>\n<br \/>Mente\u015fe Belediye Ba\u015fkan\u0131 \u015eehir Planc\u0131s\u0131 Gonca K\u00f6ksal, EMITT Turizm Fuar\u0131\u2019n\u0131n Mente\u015fe\u2019nin do\u011fal, k\u00fclt\u00fcrel, tarihi ve turizm potansiyelinin tan\u0131t\u0131m\u0131na \u00f6nemli katk\u0131 sa\u011flayaca\u011f\u0131n\u0131 belirterek, &#8220;EMITT Turizm fuar\u0131 d\u00fcnyan\u0131n en \u00f6nemli 5 fuar\u0131 aras\u0131nda yer al\u0131yor. Bu y\u0131l 28\u2019incisi d\u00fczenlenen EMITT, \u0130stanbul\u2019da 77 \u00fclkeden 650 davetli tur operat\u00f6r\u00fcn\u00fc a\u011f\u0131rlayacak. Turizm sekt\u00f6r\u00fcn\u00fcn t\u00fcm payda\u015flar\u0131 ve tatil t\u00fcketicileri ile birlikte binlerce kat\u0131l\u0131mc\u0131 fuar\u0131 ziyaret edecek. Bu da Mente\u015fe\u2019mizi d\u00fcnya turizminde daha g\u00f6r\u00fcn\u00fcr k\u0131lacakt\u0131r. Mu\u011fla B\u00fcy\u00fck\u015fehir Belediye Ba\u015fkan\u0131m\u0131z Say\u0131n Ahmet Aras\u2019\u0131n \u2018D\u00fcnya Kenti Mu\u011fla\u2019 vizyonu \u00e7er\u00e7evesinde yer ald\u0131\u011f\u0131m\u0131z stantta Mente\u015fe\u2019mizin do\u011fal, tarihi ve k\u00fclt\u00fcrel de\u011ferleri ile y\u00f6re mutfa\u011f\u0131m\u0131z\u0131 ve lezzetlerimizi tan\u0131taca\u011f\u0131z. D\u00fcnya h\u0131zla de\u011fi\u015fiyor. Turizmi g\u00fc\u00e7lendiren, s\u00fcrd\u00fcr\u00fclebilir olmas\u0131n\u0131 sa\u011flayan ve yenilik\u00e7i \u00e7\u00f6z\u00fcmler \u00fcreten yeni bak\u0131\u015f a\u00e7\u0131lar\u0131 laz\u0131m. D\u00fcnya turizm sekt\u00f6r\u00fcn\u00fcn T\u00fcrkiye bulu\u015fma noktas\u0131 olan EMITT Fuar\u0131 bu bak\u0131mdan bir ad\u0131m \u00f6ne \u00e7\u0131k\u0131yor. Fuar\u0131n k\u00fclt\u00fcr turizmimize y\u00f6nelik att\u0131\u011f\u0131m\u0131z yeni ve cesur ad\u0131mlara \u00f6nemli katk\u0131lar sa\u011flayaca\u011f\u0131na inan\u0131yorum&#8221; dedi.<br \/>\n<br \/>\u00dc\u00e7 g\u00fcn s\u00fcrecek fuarda teknoloji, s\u00fcrd\u00fcr\u00fclebilirlik, alternatif turizm ve yapay zek\u00e2 yakla\u015f\u0131mlar\u0131n\u0131n nas\u0131l uygulanabilece\u011fine dair iyi \u00f6rnekler ve stratejiler payla\u015f\u0131lacak. \u0130zleyicilerin yeni fikirler geli\u015ftirebilece\u011fi interaktif tart\u0131\u015fmalar kurgulanacak.<br \/><\/p>\n","protected":false},"excerpt":{"rendered":"<p>D\u00fcnyan\u0131n en b\u00fcy\u00fck turizm fuarlar\u0131 aras\u0131nda yer alan 28. EMITT-Do\u011fu Akdeniz Uluslararas\u0131 Turizm ve Seyahat Fuar\u0131 \u0130stanbul\u2019da T\u00dcYAP Fuar ve Kongre Merkezi\u2019nde a\u00e7\u0131ld\u0131. 5-7 \u015eubat tarihleri aras\u0131nda turizm profesyonellerini ve sekt\u00f6r temsilcilerini 28. kez \u0130stanbul\u2019da bir araya getiren fuarda Mente\u015fe Belediyesi a\u00e7t\u0131\u011f\u0131 stant ile ziyaret\u00e7ilerini a\u011f\u0131rl\u0131yor. D\u00fcnya turizm sekt\u00f6r\u00fcn\u00fcn T\u00fcrkiye bulu\u015fma noktas\u0131 olan 28. EMITT&#8230;<\/p>\n","protected":false},"author":1,"featured_media":16128,"comment_status":"open","ping_status":"open","sticky":false,"template":"","format":"standard","meta":{"_crdt_document":"","footnotes":""},"categories":[1],"tags":[],"class_list":["post-16126","post","type-post","status-publish","format-standard","has-post-thumbnail","hentry","category-guncel"],"_links":{"self":[{"href":"https:\/\/www.egemtv.com\/index.php?rest_route=\/wp\/v2\/posts\/16126","targetHints":{"allow":["GET"]}}],"collection":[{"href":"https:\/\/www.egemtv.com\/index.php?rest_route=\/wp\/v2\/posts"}],"about":[{"href":"https:\/\/www.egemtv.com\/index.php?rest_route=\/wp\/v2\/types\/post"}],"author":[{"embeddable":true,"href":"https:\/\/www.egemtv.com\/index.php?rest_route=\/wp\/v2\/users\/1"}],"replies":[{"embeddable":true,"href":"https:\/\/www.egemtv.com\/index.php?rest_route=%2Fwp%2Fv2%2Fcomments&post=16126"}],"version-history":[{"count":1,"href":"https:\/\/www.egemtv.com\/index.php?rest_route=\/wp\/v2\/posts\/16126\/revisions"}],"predecessor-version":[{"id":16130,"href":"https:\/\/www.egemtv.com\/index.php?rest_route=\/wp\/v2\/posts\/16126\/revisions\/16130"}],"wp:featuredmedia":[{"embeddable":true,"href":"https:\/\/www.egemtv.com\/index.php?rest_route=\/wp\/v2\/media\/16128"}],"wp:attachment":[{"href":"https:\/\/www.egemtv.com\/index.php?rest_route=%2Fwp%2Fv2%2Fmedia&parent=16126"}],"wp:term":[{"taxonomy":"category","embeddable":true,"href":"https:\/\/www.egemtv.com\/index.php?rest_route=%2Fwp%2Fv2%2Fcategories&post=16126"},{"taxonomy":"post_tag","embeddable":true,"href":"https:\/\/www.egemtv.com\/index.php?rest_route=%2Fwp%2Fv2%2Ftags&post=16126"}],"curies":[{"name":"wp","href":"https:\/\/api.w.org\/{rel}","templated":true}]}}