{"id":16122,"date":"2025-02-06T12:30:12","date_gmt":"2025-02-06T09:30:12","guid":{"rendered":"https:\/\/www.egemtv.com\/?p=16122"},"modified":"2025-02-06T12:30:17","modified_gmt":"2025-02-06T09:30:17","slug":"vali-akbiyik-santorinideki-depremlerle-ilgili-konustu","status":"publish","type":"post","link":"https:\/\/www.egemtv.com\/?p=16122","title":{"rendered":"Vali Akb\u0131y\u0131k, Santorini\u2019deki depremlerle ilgili konu\u015ftu"},"content":{"rendered":"<p>Ege Denizi\u2019nde Santorini Adas\u0131 yak\u0131nlar\u0131nda ya\u015fanan s\u00fcrekli depremlerle ilgili olarak Mu\u011fla Valisi Dr. \u0130dris Akb\u0131y\u0131k, kamuoyuna a\u00e7\u0131klamalarda bulundu. Son d\u00f6nemde meydana gelen sismik hareketlilik hakk\u0131nda konu\u015fan Vali Akb\u0131y\u0131k, Mu\u011fla\u2019ya en yak\u0131n depremin 140 kilometre mesafede ger\u00e7ekle\u015fti\u011fini ve b\u00f6lgede 140 ile 200 kilometre aras\u0131nda s\u00fcrekli depremler ya\u015fand\u0131\u011f\u0131n\u0131 belirtti.<\/p>\n<p>Vali Akb\u0131y\u0131k, depremlerin b\u00fcy\u00fck \u00e7apta etkili olmad\u0131\u011f\u0131n\u0131 ancak olmas\u0131 ihtimal riskler kar\u015f\u0131s\u0131nda haz\u0131rl\u0131klar\u0131n yap\u0131ld\u0131\u011f\u0131n\u0131 vurgulayarak, &#8220;Tabii ki dereceleri d\u00fc\u015f\u00fck ancak biz bu konuda tedbirlerimizi al\u0131yoruz. Gerekli senaryolar\u0131m\u0131z\u0131 haz\u0131rl\u0131yoruz. \u00c7e\u015fitli bilim adamlar\u0131 bu b\u00f6lgeyi inceliyor. 6 veya 7 \u00fczeri bir deprem ihtimalinde ise Tsunami meydana gelebilir, ya da Bodrum ve Dat\u00e7a gibi sahil \u0130l\u00e7elerimiz etkilenebilir&#8221; dedi.<br \/>\n<br \/>Bu kapsamda \u015fehirdeki tedbirlerin artt\u0131r\u0131ld\u0131\u011f\u0131n\u0131 belirten Vali Akb\u0131y\u0131k, &#8220;Ge\u00e7ti\u011fimiz g\u00fcnlerde AFAD ile birlikte Emniyet, Sahil G\u00fcvenlik ve Kaymakamlar\u0131m\u0131z ile toplant\u0131lar ger\u00e7ekle\u015ftirdik. Mu\u011fla \u0130l Afet Planlama \u00e7er\u00e7evesinde \u0130l\u00e7elerimizde gerekli tedbirlerin al\u0131nmas\u0131 y\u00f6n\u00fcnde senaryolar\u0131m\u0131z\u0131 olu\u015fturuyoruz&#8221; ifadelerini kulland\u0131.<br \/>\n<br \/>AFAD Ba\u015fkanl\u0131\u011f\u0131\u2019n\u0131n Mu\u011fla\u2019ya bilimsel ve personel anlam\u0131nda destek verdi\u011fini belirten Vali Akb\u0131y\u0131k, depreme kar\u015f\u0131 haz\u0131rl\u0131klar\u0131n s\u00fcrekli g\u00fcncellendi\u011fini ifade etti. Halk\u0131 gereksiz panik ortam\u0131na sokmadan bilin\u00e7lendirme \u00e7al\u0131\u015fmalar\u0131 yap\u0131ld\u0131\u011f\u0131n\u0131 belirten Vali Akb\u0131y\u0131k, &#8220;B\u00f6lgemizde her zaman fay hatlar\u0131 mevcut ve biz bunun bilinciyle hareket etmeliyiz. T\u00fcm kurum ve kurulu\u015flar\u0131m\u0131zla birlikte depreme haz\u0131r olmam\u0131z gerekiyor. Allah milletimizi ve devletimizi b\u00fcy\u00fck afetlerden korusun&#8221; dedi.<br \/><\/p>\n","protected":false},"excerpt":{"rendered":"<p>Ege Denizi\u2019nde Santorini Adas\u0131 yak\u0131nlar\u0131nda ya\u015fanan s\u00fcrekli depremlerle ilgili olarak Mu\u011fla Valisi Dr. \u0130dris Akb\u0131y\u0131k, kamuoyuna a\u00e7\u0131klamalarda bulundu. Son d\u00f6nemde meydana gelen sismik hareketlilik hakk\u0131nda konu\u015fan Vali Akb\u0131y\u0131k, Mu\u011fla\u2019ya en yak\u0131n depremin 140 kilometre mesafede ger\u00e7ekle\u015fti\u011fini ve b\u00f6lgede 140 ile 200 kilometre aras\u0131nda s\u00fcrekli depremler ya\u015fand\u0131\u011f\u0131n\u0131 belirtti. Vali Akb\u0131y\u0131k, depremlerin b\u00fcy\u00fck \u00e7apta etkili olmad\u0131\u011f\u0131n\u0131 ancak&#8230;<\/p>\n","protected":false},"author":1,"featured_media":16123,"comment_status":"open","ping_status":"open","sticky":false,"template":"","format":"standard","meta":{"_crdt_document":"","footnotes":""},"categories":[123],"tags":[],"class_list":["post-16122","post","type-post","status-publish","format-standard","has-post-thumbnail","hentry","category-gundem"],"_links":{"self":[{"href":"https:\/\/www.egemtv.com\/index.php?rest_route=\/wp\/v2\/posts\/16122","targetHints":{"allow":["GET"]}}],"collection":[{"href":"https:\/\/www.egemtv.com\/index.php?rest_route=\/wp\/v2\/posts"}],"about":[{"href":"https:\/\/www.egemtv.com\/index.php?rest_route=\/wp\/v2\/types\/post"}],"author":[{"embeddable":true,"href":"https:\/\/www.egemtv.com\/index.php?rest_route=\/wp\/v2\/users\/1"}],"replies":[{"embeddable":true,"href":"https:\/\/www.egemtv.com\/index.php?rest_route=%2Fwp%2Fv2%2Fcomments&post=16122"}],"version-history":[{"count":1,"href":"https:\/\/www.egemtv.com\/index.php?rest_route=\/wp\/v2\/posts\/16122\/revisions"}],"predecessor-version":[{"id":16124,"href":"https:\/\/www.egemtv.com\/index.php?rest_route=\/wp\/v2\/posts\/16122\/revisions\/16124"}],"wp:featuredmedia":[{"embeddable":true,"href":"https:\/\/www.egemtv.com\/index.php?rest_route=\/wp\/v2\/media\/16123"}],"wp:attachment":[{"href":"https:\/\/www.egemtv.com\/index.php?rest_route=%2Fwp%2Fv2%2Fmedia&parent=16122"}],"wp:term":[{"taxonomy":"category","embeddable":true,"href":"https:\/\/www.egemtv.com\/index.php?rest_route=%2Fwp%2Fv2%2Fcategories&post=16122"},{"taxonomy":"post_tag","embeddable":true,"href":"https:\/\/www.egemtv.com\/index.php?rest_route=%2Fwp%2Fv2%2Ftags&post=16122"}],"curies":[{"name":"wp","href":"https:\/\/api.w.org\/{rel}","templated":true}]}}