{"id":16119,"date":"2025-02-06T12:27:37","date_gmt":"2025-02-06T09:27:37","guid":{"rendered":"https:\/\/www.egemtv.com\/?p=16119"},"modified":"2025-02-06T12:27:43","modified_gmt":"2025-02-06T09:27:43","slug":"develer-cami-insaati-icin-guresecek","status":"publish","type":"post","link":"https:\/\/www.egemtv.com\/?p=16119","title":{"rendered":"Develer cami in\u015faat\u0131 i\u00e7in g\u00fcre\u015fecek"},"content":{"rendered":"<p>Manisa\u2019da en son 30 y\u0131l \u00f6nce 19 May\u0131s Stadyumu arkas\u0131ndaki toprak saha biti\u015fi\u011finde ger\u00e7ekle\u015ftirilen deve g\u00fcre\u015fi, 30 y\u0131l aradan sonra pazar g\u00fcn\u00fc bu kez kent merkezinde ger\u00e7ekle\u015ftirilecek. Deve g\u00fcre\u015finden elde edilecek gelir ise depreme dayan\u0131ks\u0131z oldu\u011fu i\u00e7in y\u0131k\u0131lan ve yerine yenisi in\u015fa edilecek olan Ye\u015fil Caminin yap\u0131m\u0131nda kullan\u0131lacak.<br \/>\n<br \/>Ege B\u00f6lgesinde s\u0131kl\u0131kla yap\u0131lan ve Manisa merkezde en son 30 y\u0131l \u00f6nce ger\u00e7ekle\u015ftirilen ve bir daha da merkezde yap\u0131lmayan deve g\u00fcre\u015fi al\u0131nan \u00f6zel izinle \u015fehir merkezinde yap\u0131lacak. Develer birbirleriyle g\u00fcre\u015firken, elde edilecek gelir ise cami in\u015faat\u0131 i\u00e7in kullan\u0131lacak.<br \/>\n<br \/>Manisa merkez Yunusemre il\u00e7esi Yenimahalle Mahallesi Muhtar\u0131 H\u00fcseyin \u00d6zdemir, mahallenin bir s\u00fcre \u00f6nce y\u0131k\u0131lan Ye\u015fil Cami\u2019nin yerine yenisini yapmak i\u00e7in gelir aray\u0131\u015f\u0131 i\u00e7erisine girdiklerinde gelen deve g\u00fcre\u015fi teklifini kabul ederek gerekli izinleri al\u0131p yola \u00e7\u0131kt\u0131klar\u0131n\u0131 s\u00f6yledi.<\/p>\n<p>Deve g\u00fcre\u015fi yap\u0131lacak arsan\u0131n 56 hissedar\u0131ndan izin al\u0131nm\u0131\u015f<br \/>\n<br \/>Uzun y\u0131llard\u0131r kent merkezinde deve g\u00fcre\u015fi yap\u0131lmad\u0131\u011f\u0131n\u0131 ve yap\u0131lacak yer de kalmad\u0131\u011f\u0131n\u0131 vurgulayan Muhtar \u00d6zdemir, &#8220;Deve g\u00fcre\u015fimizi mahallemizde y\u0131llard\u0131r bo\u015f ve otopark alan\u0131 gibi kullan\u0131lan eski Tabakhane olan yerde yapaca\u011f\u0131z. Arsan\u0131n 56 hissedar\u0131n\u0131n tamam\u0131 sa\u011f olsunlar deve g\u00fcre\u015finin cami yarar\u0131na oldu\u011fu i\u00e7in izin verdi. Onlara da ayr\u0131 ayr\u0131 te\u015fekk\u00fcr ediyorum. \u00d6lm\u00fc\u015flere rahmet diliyorum. Kalanlara da sa\u011fl\u0131klar diliyorum. Ye\u015fil caminin ad\u0131 yine ya\u015fayacak&#8221; dedi.<\/p>\n<p>&#8220;Cami yetersiz, mimari a\u00e7\u0131dan da zay\u0131ft\u0131&#8221;<br \/>\n<br \/>Y\u0131k\u0131lan Ye\u015fil Cami\u2019nin 1976 y\u0131l\u0131nda yap\u0131lm\u0131\u015f oldu\u011funu ve hem yetersiz, hem de mimari a\u00e7\u0131dan zay\u0131flad\u0131\u011f\u0131n\u0131 ileri s\u00fcren Muhtar \u00d6zdemir, &#8220;Mahallemizde tek cami olmas\u0131ndan dolay\u0131 yerine daha b\u00fcy\u00fck bir cami yapmak i\u00e7in y\u0131kmak zorunda kald\u0131k. Y\u0131k\u0131m i\u015fleri tamamland\u0131, \u015fu an proje a\u015famas\u0131nday\u0131z. Bu caminin yap\u0131lmas\u0131 i\u00e7in de hay\u0131rseverlere ihtiyac\u0131m\u0131z vard\u0131. Burada cami yarar\u0131na bir deve g\u00fcre\u015fi yap\u0131lmas\u0131 teklifini kabul ettik. Buraya gelip stant a\u00e7acak sat\u0131c\u0131lardan camimize yard\u0131m alaca\u011f\u0131z. Ayr\u0131ca buraya gelenler de camimizin in\u015faat\u0131n\u0131 g\u00f6rmeleri i\u00e7in de iyi olacak. Yakla\u015f\u0131k 30 y\u0131ld\u0131r merkezde yap\u0131lamayan bir deve g\u00fcre\u015fini, Allah nasip ederse 9 \u015eubat Pazar g\u00fcn\u00fc hep birlikte yapaca\u011f\u0131z. Elde edilen gelirler ile de camimiz in\u015faat\u0131na bir an \u00f6nce ba\u015flayaca\u011f\u0131z&#8221; diye konu\u015ftu.<\/p>\n<p>&#8220;Pazar g\u00fcn\u00fc Manisal\u0131lar\u0131 bekliyoruz&#8221;<br \/>\n<br \/>Manisa Merkez\u2019de uzun y\u0131llard\u0131r deve g\u00fcre\u015fi seyredemeyen t\u00fcm Manisal\u0131lar\u0131 pazar g\u00fcn\u00fc mahallelerindeki deve g\u00fcre\u015fine davet eden Muhtar \u00d6zdemir, &#8220;Giri\u015f \u00fccreti al\u0131nmayacak. \u0130lk defa bir deve g\u00fcre\u015fi tertip etmi\u015f bulunmaktay\u0131z. T\u00fcm hay\u0131rsever ve yard\u0131mseverlerin yard\u0131mlar\u0131 i\u00e7in \u015fimdiden te\u015fekk\u00fcr ediyoruz. Amac\u0131m\u0131z mahallemizde y\u0131k\u0131lan Ye\u015fil Cami yerine bir an \u00f6nce yenisini yaparak ibadete a\u00e7mak olacak. Merkezde belki bir daha tarihte bir 30 y\u0131l de\u011fil 100 y\u0131l da ge\u00e7se arsa olmad\u0131\u011f\u0131ndan yap\u0131lamayacak. Biz son kez bu alan\u0131 de\u011ferlendiriyoruz. Gerekli t\u00fcm izinler, valilik, il\u00e7e kaymakaml\u0131\u011f\u0131m\u0131z ve emniyet m\u00fcd\u00fcrl\u00fc\u011f\u00fcm\u00fczden al\u0131nd\u0131. T\u00fcm Manisal\u0131lar davetlidir&#8221; dedi.<br \/><\/p>\n","protected":false},"excerpt":{"rendered":"<p>Manisa\u2019da en son 30 y\u0131l \u00f6nce 19 May\u0131s Stadyumu arkas\u0131ndaki toprak saha biti\u015fi\u011finde ger\u00e7ekle\u015ftirilen deve g\u00fcre\u015fi, 30 y\u0131l aradan sonra pazar g\u00fcn\u00fc bu kez kent merkezinde ger\u00e7ekle\u015ftirilecek. Deve g\u00fcre\u015finden elde edilecek gelir ise depreme dayan\u0131ks\u0131z oldu\u011fu i\u00e7in y\u0131k\u0131lan ve yerine yenisi in\u015fa edilecek olan Ye\u015fil Caminin yap\u0131m\u0131nda kullan\u0131lacak. Ege B\u00f6lgesinde s\u0131kl\u0131kla yap\u0131lan ve Manisa merkezde&#8230;<\/p>\n","protected":false},"author":1,"featured_media":16120,"comment_status":"open","ping_status":"open","sticky":false,"template":"","format":"standard","meta":{"_crdt_document":"","footnotes":""},"categories":[123],"tags":[],"class_list":["post-16119","post","type-post","status-publish","format-standard","has-post-thumbnail","hentry","category-gundem"],"_links":{"self":[{"href":"https:\/\/www.egemtv.com\/index.php?rest_route=\/wp\/v2\/posts\/16119","targetHints":{"allow":["GET"]}}],"collection":[{"href":"https:\/\/www.egemtv.com\/index.php?rest_route=\/wp\/v2\/posts"}],"about":[{"href":"https:\/\/www.egemtv.com\/index.php?rest_route=\/wp\/v2\/types\/post"}],"author":[{"embeddable":true,"href":"https:\/\/www.egemtv.com\/index.php?rest_route=\/wp\/v2\/users\/1"}],"replies":[{"embeddable":true,"href":"https:\/\/www.egemtv.com\/index.php?rest_route=%2Fwp%2Fv2%2Fcomments&post=16119"}],"version-history":[{"count":1,"href":"https:\/\/www.egemtv.com\/index.php?rest_route=\/wp\/v2\/posts\/16119\/revisions"}],"predecessor-version":[{"id":16121,"href":"https:\/\/www.egemtv.com\/index.php?rest_route=\/wp\/v2\/posts\/16119\/revisions\/16121"}],"wp:featuredmedia":[{"embeddable":true,"href":"https:\/\/www.egemtv.com\/index.php?rest_route=\/wp\/v2\/media\/16120"}],"wp:attachment":[{"href":"https:\/\/www.egemtv.com\/index.php?rest_route=%2Fwp%2Fv2%2Fmedia&parent=16119"}],"wp:term":[{"taxonomy":"category","embeddable":true,"href":"https:\/\/www.egemtv.com\/index.php?rest_route=%2Fwp%2Fv2%2Fcategories&post=16119"},{"taxonomy":"post_tag","embeddable":true,"href":"https:\/\/www.egemtv.com\/index.php?rest_route=%2Fwp%2Fv2%2Ftags&post=16119"}],"curies":[{"name":"wp","href":"https:\/\/api.w.org\/{rel}","templated":true}]}}