{"id":16116,"date":"2025-02-06T12:20:28","date_gmt":"2025-02-06T09:20:28","guid":{"rendered":"https:\/\/www.egemtv.com\/?p=16116"},"modified":"2025-02-06T12:20:34","modified_gmt":"2025-02-06T09:20:34","slug":"kacak-kazi-yapan-sahsi-jandarma-yakaladi","status":"publish","type":"post","link":"https:\/\/www.egemtv.com\/?p=16116","title":{"rendered":"Ka\u00e7ak kaz\u0131 yapan \u015fahs\u0131 jandarma yakalad\u0131"},"content":{"rendered":"<p>Afyonkarahisar\u2019da ka\u00e7ak kaz\u0131 yapan bir \u015fah\u0131s jandarma taraf\u0131ndan su\u00e7\u00fcst\u00fc yap\u0131ld\u0131.<br \/>\n<br \/>Edinilen bilgilere g\u00f6re, Afyonkarahisar \u0130l Jandarma Komutanl\u0131\u011f\u0131 ekipleri bir \u015fahs\u0131n Sand\u0131kl\u0131 il\u00e7esine ba\u011fl\u0131 So\u011fucak k\u00f6y\u00fc yak\u0131nlar\u0131nda ka\u00e7ak kaz\u0131 yapt\u0131klar\u0131 y\u00f6n\u00fcnde ald\u0131\u011f\u0131 bilgi \u00fczerine harekete ge\u00e7ti. Ekipler gerekli g\u00fcvenlik \u00f6nlemlerini ald\u0131ktan sonra b\u00f6lgede E.T., isimli bir \u015fahs\u0131 ka\u00e7ak kaz\u0131 yaparken su\u00e7\u00fcst\u00fc yapt\u0131. B\u00f6lgede yap\u0131lan aramada \u00c7eki\u00e7, su pompas\u0131 bidonu, benzinli karot cihaz\u0131, ya\u011f \u015fi\u015fesi, a\u00e7\u0131k a\u011f\u0131z anahtar ve benzin bidonu ele ge\u00e7irdi.<br \/>\n<br \/>Olay\u0131n ard\u0131ndan \u015fahs\u0131n g\u00f6zalt\u0131na al\u0131nd\u0131\u011f\u0131 bildirildi.<br \/><\/p>\n","protected":false},"excerpt":{"rendered":"<p>Afyonkarahisar\u2019da ka\u00e7ak kaz\u0131 yapan bir \u015fah\u0131s jandarma taraf\u0131ndan su\u00e7\u00fcst\u00fc yap\u0131ld\u0131. Edinilen bilgilere g\u00f6re, Afyonkarahisar \u0130l Jandarma Komutanl\u0131\u011f\u0131 ekipleri bir \u015fahs\u0131n Sand\u0131kl\u0131 il\u00e7esine ba\u011fl\u0131 So\u011fucak k\u00f6y\u00fc yak\u0131nlar\u0131nda ka\u00e7ak kaz\u0131 yapt\u0131klar\u0131 y\u00f6n\u00fcnde ald\u0131\u011f\u0131 bilgi \u00fczerine harekete ge\u00e7ti. Ekipler gerekli g\u00fcvenlik \u00f6nlemlerini ald\u0131ktan sonra b\u00f6lgede E.T., isimli bir \u015fahs\u0131 ka\u00e7ak kaz\u0131 yaparken su\u00e7\u00fcst\u00fc yapt\u0131. B\u00f6lgede yap\u0131lan aramada \u00c7eki\u00e7,&#8230;<\/p>\n","protected":false},"author":1,"featured_media":16117,"comment_status":"open","ping_status":"open","sticky":false,"template":"","format":"standard","meta":{"_crdt_document":"","footnotes":""},"categories":[5],"tags":[],"class_list":["post-16116","post","type-post","status-publish","format-standard","has-post-thumbnail","hentry","category-asayis"],"_links":{"self":[{"href":"https:\/\/www.egemtv.com\/index.php?rest_route=\/wp\/v2\/posts\/16116","targetHints":{"allow":["GET"]}}],"collection":[{"href":"https:\/\/www.egemtv.com\/index.php?rest_route=\/wp\/v2\/posts"}],"about":[{"href":"https:\/\/www.egemtv.com\/index.php?rest_route=\/wp\/v2\/types\/post"}],"author":[{"embeddable":true,"href":"https:\/\/www.egemtv.com\/index.php?rest_route=\/wp\/v2\/users\/1"}],"replies":[{"embeddable":true,"href":"https:\/\/www.egemtv.com\/index.php?rest_route=%2Fwp%2Fv2%2Fcomments&post=16116"}],"version-history":[{"count":1,"href":"https:\/\/www.egemtv.com\/index.php?rest_route=\/wp\/v2\/posts\/16116\/revisions"}],"predecessor-version":[{"id":16118,"href":"https:\/\/www.egemtv.com\/index.php?rest_route=\/wp\/v2\/posts\/16116\/revisions\/16118"}],"wp:featuredmedia":[{"embeddable":true,"href":"https:\/\/www.egemtv.com\/index.php?rest_route=\/wp\/v2\/media\/16117"}],"wp:attachment":[{"href":"https:\/\/www.egemtv.com\/index.php?rest_route=%2Fwp%2Fv2%2Fmedia&parent=16116"}],"wp:term":[{"taxonomy":"category","embeddable":true,"href":"https:\/\/www.egemtv.com\/index.php?rest_route=%2Fwp%2Fv2%2Fcategories&post=16116"},{"taxonomy":"post_tag","embeddable":true,"href":"https:\/\/www.egemtv.com\/index.php?rest_route=%2Fwp%2Fv2%2Ftags&post=16116"}],"curies":[{"name":"wp","href":"https:\/\/api.w.org\/{rel}","templated":true}]}}