{"id":16113,"date":"2025-02-06T12:17:09","date_gmt":"2025-02-06T09:17:09","guid":{"rendered":"https:\/\/www.egemtv.com\/?p=16113"},"modified":"2025-02-06T12:17:13","modified_gmt":"2025-02-06T09:17:13","slug":"denizlide-polisin-duzenledigi-mahallemde-mac-var-futbol-turnuvasi-basladi","status":"publish","type":"post","link":"https:\/\/www.egemtv.com\/?p=16113","title":{"rendered":"Denizli\u2019de polisin d\u00fczenledi\u011fi \u2019Mahallemde Ma\u00e7 Var\u2019 futbol turnuvas\u0131 ba\u015flad\u0131"},"content":{"rendered":"<p>Denizli \u0130l Emniyet M\u00fcd\u00fcrl\u00fc\u011f\u00fc\u2019n\u00fcn sosyal sorumluluk projesi kapsam\u0131nda ikincisini d\u00fczenlendi\u011fi \u2019Mahallemde Ma\u00e7 Var\u2019 futbol turnuvas\u0131 ba\u015flad\u0131. Vali \u00d6mer Faruk Co\u015fkun ve \u0130l Emniyet M\u00fcd\u00fcr\u00fc Yavuz Sa\u011fd\u0131\u00e7\u2019\u0131n ba\u015flama vuru\u015funu yapt\u0131\u011f\u0131 kar\u015f\u0131la\u015fmay\u0131 \u00dcst Klasman Hakemi \u00dcmit \u00d6zt\u00fcrk y\u00f6netti. Turnuva boyunca 8 grupta 51 tak\u0131mdan olu\u015fan 976 gen\u00e7, 10 farkl\u0131 sahada m\u00fccadele edecek.<br \/>\n<br \/>Denizli Valili\u011fi himayesinde, Denizli Emniyet M\u00fcd\u00fcrl\u00fc\u011f\u00fc koordinasyonunda ve payda\u015f kurulu\u015flar\u0131n deste\u011fi ile 15, 16 ve 17 ya\u015f\u0131ndaki gen\u00e7lerin sa\u011fl\u0131kl\u0131 ya\u015famalar\u0131n\u0131 sa\u011flamak, e\u011fitimden arta kalan zaman\u0131 kaliteli bir \u015fekilde ge\u00e7irmeleri, k\u00f6t\u00fc al\u0131\u015fkanl\u0131k ve arkada\u015flardan uzakla\u015fmalar\u0131 maksad\u0131yla ge\u00e7en y\u0131l ilki d\u00fczenlenen \u2019Mahallemde Ma\u00e7 Va\u2019 turnuvas\u0131n\u0131n ikincisi ba\u015flad\u0131. Denizli Emniyet M\u00fcd\u00fcrl\u00fc\u011f\u00fc\u2019n\u00fcn \u00f6nc\u00fcl\u00fc\u011f\u00fcnde 2023 y\u0131l\u0131n\u0131n ekim ay\u0131nda \u2019Mahallemde Ma\u00e7 Var\u2019 ad\u0131yla ba\u015flat\u0131lan Denizli Mahalleler Aras\u0131 Futbol Turnuvas\u0131\u2019n\u0131n 2024-2025 sezonunun ba\u015flamas\u0131 dolay\u0131s\u0131yla Servergazi Stad\u0131\u2019nda a\u00e7\u0131l\u0131\u015f t\u00f6reni d\u00fczenlendi. Turnuva boyunca 8 grupta 51 tak\u0131mdan olu\u015fan 976 gen\u00e7 10 farkl\u0131 sahada m\u00fccadele edecek.<br \/>\n<br \/>Konu\u015fmalar\u0131n ard\u0131ndan protokol \u00fcyeleri ve Denizlili milli sporcular, ba\u015flama vuru\u015fu i\u00e7in ye\u015fil sahaya indi. Denizli Valisi Co\u015fkun ve di\u011fer protokol \u00fcyeleri ba\u015flama vuru\u015f yap\u0131p, pasla\u015farak turnuvaya start verdiler. Turnuvan\u0131n ilk ma\u00e7\u0131 G\u00f6kp\u0131nar Tekke ile Anafartalar aras\u0131nda oynand\u0131. Turnuvan\u0131n a\u00e7\u0131l\u0131\u015f ma\u00e7\u0131n\u0131 \u00dcst Klasman Hakemi \u00dcmit \u00d6zt\u00fcrk y\u00f6netti.<br \/>\n<br \/>T\u00f6rene, Denizli Valisi \u00d6mer Faruk Co\u015fkun, Denizli B\u00fcy\u00fck\u015fehir Belediye Ba\u015fkan Vekili Ali Mar\u0131m, \u0130l Emniyet M\u00fcd\u00fcr\u00fc Yavuz Sa\u011fd\u0131\u00e7, \u0130l Gen\u00e7lik ve Spor M\u00fcd\u00fcr\u00fc \u00d6mer \u0130lman, Denizli Ticaret Odas\u0131 Ba\u015fkan\u0131 U\u011fur Erdo\u011fan, AK Parti \u0130l Ba\u015fkan\u0131 Muhammet Suba\u015f\u0131o\u011flu, CHP \u0130l Ba\u015fkan\u0131 Ali Osman Horzum, Denizli Ticaret Odas\u0131 Ba\u015fkan\u0131 U\u011fur Erdo\u011fan ile di\u011fer prtokol \u00fcyeleri kat\u0131ld\u0131.<\/p>\n<p>\u00d6mer Faruk Co\u015fkun: &#8220;Turnuvam\u0131zda bu sene toplam 976 gencimiz, 51 tak\u0131m halinde 8 grupta m\u00fccadele edecekler&#8221;<br \/>\n<br \/>Denizli Valisi \u00d6mer Faruk Co\u015fkun, t\u00f6rende yapt\u0131\u011f\u0131 konu\u015fmada, ge\u00e7en y\u0131l yap\u0131lan Mahallemde Ma\u00e7 Var futbol turnuvas\u0131n\u0131n vatanda\u015flar ve gen\u00e7ler taraf\u0131ndan \u00e7ok sevildi\u011fini ve \u00e7ok talep g\u00f6rd\u00fc\u011f\u00fcn\u00fc g\u00f6zlemlediklerini, olumlu geri d\u00f6n\u00fc\u015fler ald\u0131klar\u0131n\u0131 belirterek, &#8220;Bu projeyi hayata ge\u00e7irirken mahallemizdeki gen\u00e7lerimizi her t\u00fcrl\u00fc k\u00f6t\u00fc al\u0131\u015fkanl\u0131klardan ve k\u00f6t\u00fc arkada\u015fl\u0131klardan uzakla\u015ft\u0131rmay\u0131, mahallelerimizde bu proje sayesinde birlik ve beraberlik duygusunu art\u0131rmay\u0131 hedeflemi\u015ftik. Bug\u00fcn bakt\u0131\u011f\u0131m\u0131zda projemize olan ilgi bizim ne kadar do\u011fru yolda oldu\u011fumuzun en b\u00fcy\u00fck g\u00f6stergesidir. Denizli Emniyet M\u00fcd\u00fcrl\u00fc\u011f\u00fcm\u00fcz taraf\u0131ndan hayata ge\u00e7irilen ve payda\u015f kurumlar\u0131m\u0131z, mahalle muhtarlar\u0131m\u0131z, belediyelerimiz, kamu kurum ve kurulu\u015flar\u0131m\u0131z ve meslek \u00f6rg\u00fctlerimiz, odalar\u0131m\u0131z\u0131n destekleriyle Mahallemde Ma\u00e7 Var projesinin y\u0131llarca devam etmesini y\u00fcrekten temenni ediyorum. Turnuvam\u0131zda bu sene toplam 976 gencimiz, 51 tak\u0131m halinde 8 grupta m\u00fccadele edecekler. Ma\u00e7lar\u0131m\u0131z\u0131n rekabet dolu centilmence ge\u00e7mesini temenni ediyorum. Bu organizasyonda desteklerini bizlerden esirgemeyen kurumlara, ayr\u0131ca organizasyonda gen\u00e7lerimizin sportif ekipman ihtiya\u00e7lar\u0131n\u0131n kar\u015f\u0131lanmas\u0131nda Denizli Ticaret Odam\u0131za, Denizli Sanayi Odam\u0131za, Denizli Ticaret Borsam\u0131za ve Denizli \u0130hracat\u00e7\u0131lar Birli\u011fi\u2019ne ve t\u00fcm i\u015f insanlar\u0131na \u015f\u00fckranlar\u0131m\u0131 sunuyorum. Tabii ki bu projenin hayata ge\u00e7irilmesinde en b\u00fcy\u00fck emek Emniyet M\u00fcd\u00fcrl\u00fc\u011f\u00fcm\u00fcz\u00fcn, bu vesileyle de ben m\u00fcd\u00fcr\u00fcm\u00fcz \u015fahs\u0131nda b\u00fct\u00fcn arkada\u015flar\u0131m\u0131z\u0131 tebrik ediyorum. Bu m\u00fcsabakalarda m\u00fccadele edecek olan t\u00fcm gen\u00e7lerimize ba\u015far\u0131lar diliyorum, yollar\u0131 bahtlar\u0131 a\u00e7\u0131k olsun&#8221; diye konu\u015ftu.<\/p>\n<p>Yavuz Sa\u011fd\u0131\u00e7: &#8220;Eskiden sokak aralar\u0131nda oynanan bu ma\u00e7lar \u015fimdi Denizli\u2019nin d\u00f6rt bir yan\u0131nda yeniden canlan\u0131yor&#8221;<br \/>\n<br \/>Denizli Emniyet M\u00fcd\u00fcr\u00fc Yavuz Sa\u011fd\u0131\u00e7 da Mahallemde Ma\u00e7 Var projesi ile \u00e7ocuklar\u0131n ve gen\u00e7lerin daha sa\u011fl\u0131kl\u0131, mutlu ve g\u00fcvenli bir gelece\u011fe ad\u0131m atmas\u0131n\u0131 sa\u011flayacak \u00e7ok \u00f6nemli bir projenin yeni d\u00f6nemini ba\u015flatman\u0131n gururunu ya\u015fad\u0131klar\u0131n\u0131 dile getirerek, &#8220;Mahallemde Ma\u00e7 Var projesi yaln\u0131zca bir futbol turnuvas\u0131 de\u011fil, mahalle k\u00fclt\u00fcr\u00fcn\u00fc yeniden canland\u0131ran, dostlu\u011fu, dayan\u0131\u015fmay\u0131 ve sporun birle\u015ftirici g\u00fcc\u00fcn\u00fc hissettiren b\u00fcy\u00fck bir sosyal sorumluluk faaliyetidir. Bu projeyi ge\u00e7en y\u0131l hayata ge\u00e7irirken hedefimiz; gen\u00e7lerimizi k\u00f6t\u00fc al\u0131\u015fkanl\u0131klardan koruyarak e\u011fitimlerinden arta kalan zaman\u0131 kaliteli bir \u015fekilde ge\u00e7irmelerini, her t\u00fcrl\u00fc k\u00f6t\u00fc al\u0131\u015fkanl\u0131ktan ve k\u00f6t\u00fc arkada\u015fl\u0131klardan uzakla\u015ft\u0131rmay\u0131 ama\u00e7lam\u0131\u015ft\u0131k. Bug\u00fcn g\u00f6rd\u00fc\u011f\u00fcm\u00fcz ilgi ve ba\u015far\u0131 do\u011fru yolda oldu\u011fumuzun en b\u00fcy\u00fck kan\u0131t\u0131d\u0131r. Ge\u00e7en sene ilkini ba\u015flatt\u0131\u011f\u0131m\u0131z bu projeyle y\u0131llar \u00f6ncesinde hepimizin \u00e7ok iyi bildi\u011fi, oynad\u0131\u011f\u0131m\u0131z ya da seyretti\u011fimiz mahalle ma\u00e7lar\u0131 heyecan\u0131n\u0131 ya\u015fatt\u0131k. Turnuva s\u00fcrecinde \u00e7ok olumlu ve faydal\u0131 geri d\u00f6n\u00fc\u015fler ald\u0131k. \u015eunu \u00e7ok iyi anlad\u0131k ki toplum yararl\u0131 olan bu sosyal projenin her sene geleneksel hale gelip devam etmesidir. Gen\u00e7lerimizin enerjisini do\u011fru y\u00f6nlendirdi\u011fimizde sporun onlar\u0131n hayat\u0131nda nas\u0131l bir de\u011fi\u015fim olu\u015fturaca\u011f\u0131m\u0131z\u0131 hep birlikte g\u00f6r\u00fcyoruz. Mahalle ma\u00e7lar\u0131 ge\u00e7mi\u015fte oldu\u011fu gibi bug\u00fcn de \u00e7ocuklar\u0131m\u0131z\u0131n hayallerini s\u00fcsl\u00fcyor. Eskiden sokak aralar\u0131nda oynanan bu ma\u00e7lar \u015fimdi Denizli\u2019nin d\u00f6rt bir yan\u0131nda payda\u015f kurumlar\u0131n organizasyonunda yeniden canlan\u0131yor. Denizli denildi\u011fi zaman nas\u0131l ilk akla Pamukkale\u2019si, horozu, tekstili geliyor ise bu projenin devam etmesi halinde bundan sonra da Denizli deyince \u2018hala eskisi gibi mahalle ma\u00e7lar\u0131 oynanabiliyor\u2019 denilsin&#8221; ifadelerini kulland\u0131.<\/p>\n<p>Ali Mar\u0131m: &#8220;Denizli\u2019nin ismi t\u00fcm T\u00fcrkiye\u2019de her konuda \u00f6n plana \u00e7\u0131kar\u0131labilmesi i\u00e7in her t\u00fcrl\u00fc imkan\u0131 kullanaca\u011f\u0131z&#8221;<br \/>\n<br \/>Denizli B\u00fcy\u00fck\u015fehir Belediyesi olarak bu t\u00fcr etkinlerin her zaman yan\u0131nda ve destek\u00e7isi olacaklar\u0131n\u0131 aktaran Denizli B\u00fcy\u00fck\u015fehir Belediye Ba\u015fkan Vekili Ali Mar\u0131m, &#8220;Bizler Denizli\u2019de \u00e7ok g\u00fczel i\u015fler yapaca\u011f\u0131m\u0131z\u0131 inan\u0131yorum. Valimizin \u00f6nderli\u011finde Denizli B\u00fcy\u00fck\u015fehir Belediyesi olarak Denizli\u2019de insanlar\u0131n huzurlu bir \u015fekilde ya\u015fayabilmesi konusunda her t\u00fcrl\u00fc projeyi uygulayaca\u011f\u0131z. Bizler Ege\u2019nin incisi olarak Denizli\u2019de insanlar\u0131n mutlu bir \u015fekilde ya\u015fayabilmesi, huzurlu bir \u015fekilde ya\u015fayabilmesi ve Denizli\u2019nin ismini t\u00fcm T\u00fcrkiye\u2019de her konuda \u00f6n plana \u00e7\u0131kar\u0131labilmesi konusundaki b\u00fct\u00fcn projelerde elimizden gelen her t\u00fcrl\u00fc imkan\u0131 kullanaca\u011f\u0131z. Denizli B\u00fcy\u00fck\u015fehir Belediyesi olarak bu gibi etkinliklerde \u00f6zellikle altyap\u0131 konusunda elimizden geleni yapmak zorunday\u0131z. \u00c7\u00fcnk\u00fc gen\u00e7lerimiz her alanda kapal\u0131 ve a\u00e7\u0131k alanlarda spor yapma imkan\u0131 bulmas\u0131 gerekiyor&#8221; dedi.<\/p>\n<p>U\u011fur Erdo\u011fan: &#8220;Mahallemde Ma\u00e7 Var Projesine 48 i\u015f insan\u0131n\u0131n sponsor olarak destek sa\u011flad\u0131&#8221;<br \/>\n<br \/>Denizli Ticaret Odas\u0131 Ba\u015fkan\u0131 U\u011fur Erdo\u011fan da kentin sadece ticari hayat\u0131 ile de\u011fil, sosyal y\u00f6n\u00fcndeki faaliyetlere de katk\u0131 sunduklar\u0131n\u0131 s\u00f6yleyerek, Denizli Emniyet M\u00fcd\u00fcrl\u00fc\u011f\u00fc\u2019n\u00fcn organizasyonu ile Mahallemde Ma\u00e7 Var projesine 48 i\u015f insan\u0131n\u0131n sponsor olarak destek sa\u011flad\u0131\u011f\u0131n\u0131 ifade etti.<br \/><\/p>\n","protected":false},"excerpt":{"rendered":"<p>Denizli \u0130l Emniyet M\u00fcd\u00fcrl\u00fc\u011f\u00fc\u2019n\u00fcn sosyal sorumluluk projesi kapsam\u0131nda ikincisini d\u00fczenlendi\u011fi \u2019Mahallemde Ma\u00e7 Var\u2019 futbol turnuvas\u0131 ba\u015flad\u0131. Vali \u00d6mer Faruk Co\u015fkun ve \u0130l Emniyet M\u00fcd\u00fcr\u00fc Yavuz Sa\u011fd\u0131\u00e7\u2019\u0131n ba\u015flama vuru\u015funu yapt\u0131\u011f\u0131 kar\u015f\u0131la\u015fmay\u0131 \u00dcst Klasman Hakemi \u00dcmit \u00d6zt\u00fcrk y\u00f6netti. Turnuva boyunca 8 grupta 51 tak\u0131mdan olu\u015fan 976 gen\u00e7, 10 farkl\u0131 sahada m\u00fccadele edecek. Denizli Valili\u011fi himayesinde, Denizli Emniyet&#8230;<\/p>\n","protected":false},"author":1,"featured_media":16114,"comment_status":"open","ping_status":"open","sticky":false,"template":"","format":"standard","meta":{"_crdt_document":"","footnotes":""},"categories":[4],"tags":[],"class_list":["post-16113","post","type-post","status-publish","format-standard","has-post-thumbnail","hentry","category-spor"],"_links":{"self":[{"href":"https:\/\/www.egemtv.com\/index.php?rest_route=\/wp\/v2\/posts\/16113","targetHints":{"allow":["GET"]}}],"collection":[{"href":"https:\/\/www.egemtv.com\/index.php?rest_route=\/wp\/v2\/posts"}],"about":[{"href":"https:\/\/www.egemtv.com\/index.php?rest_route=\/wp\/v2\/types\/post"}],"author":[{"embeddable":true,"href":"https:\/\/www.egemtv.com\/index.php?rest_route=\/wp\/v2\/users\/1"}],"replies":[{"embeddable":true,"href":"https:\/\/www.egemtv.com\/index.php?rest_route=%2Fwp%2Fv2%2Fcomments&post=16113"}],"version-history":[{"count":1,"href":"https:\/\/www.egemtv.com\/index.php?rest_route=\/wp\/v2\/posts\/16113\/revisions"}],"predecessor-version":[{"id":16115,"href":"https:\/\/www.egemtv.com\/index.php?rest_route=\/wp\/v2\/posts\/16113\/revisions\/16115"}],"wp:featuredmedia":[{"embeddable":true,"href":"https:\/\/www.egemtv.com\/index.php?rest_route=\/wp\/v2\/media\/16114"}],"wp:attachment":[{"href":"https:\/\/www.egemtv.com\/index.php?rest_route=%2Fwp%2Fv2%2Fmedia&parent=16113"}],"wp:term":[{"taxonomy":"category","embeddable":true,"href":"https:\/\/www.egemtv.com\/index.php?rest_route=%2Fwp%2Fv2%2Fcategories&post=16113"},{"taxonomy":"post_tag","embeddable":true,"href":"https:\/\/www.egemtv.com\/index.php?rest_route=%2Fwp%2Fv2%2Ftags&post=16113"}],"curies":[{"name":"wp","href":"https:\/\/api.w.org\/{rel}","templated":true}]}}