{"id":16110,"date":"2025-02-06T12:14:58","date_gmt":"2025-02-06T09:14:58","guid":{"rendered":"https:\/\/www.egemtv.com\/?p=16110"},"modified":"2025-02-06T12:15:00","modified_gmt":"2025-02-06T09:15:00","slug":"kibris-gazisi-yanan-evinde-hayatini-kaybetti","status":"publish","type":"post","link":"https:\/\/www.egemtv.com\/?p=16110","title":{"rendered":"K\u0131br\u0131s gazisi yanan evinde hayat\u0131n\u0131 kaybetti"},"content":{"rendered":"<p>K\u00fctahya\u2019da \u00e7\u0131kan yang\u0131nda, evinde tek ba\u015f\u0131na ya\u015fayan K\u0131br\u0131s gazisi hayat\u0131n\u0131 kaybetti.<br \/>\n<br \/>Tav\u015fanl\u0131\u2019n\u0131n Bal\u0131k\u00f6y beldesi Merkez Mahallesi\u2019nde bulunan iki katl\u0131 evde gece saat 02.00\u2019da hen\u00fcz belirlenemeyen bir sebeple yang\u0131n \u00e7\u0131kt\u0131. Alevler, k\u0131sa s\u00fcrede t\u00fcm evi sard\u0131. Yang\u0131n\u0131 fark eden mahalle sakinleri durumu hemen 112\u2019ye bildirdi. Yang\u0131na ilk olarak Bal\u0131k\u00f6y Belediye ekipleri m\u00fcdahale etti. Ancak alevlerin h\u0131zla yay\u0131lmas\u0131 \u00fczerine Harmanc\u0131k ve Tav\u015fanl\u0131 belediyelerine ba\u011fl\u0131 itfaiye ekipleri de olay yerine sevk edildi. Yakla\u015f\u0131k 3 saat s\u00fcren \u00e7al\u0131\u015fmalar\u0131n ard\u0131ndan yang\u0131n kontrol alt\u0131na al\u0131n\u0131rken, ev tamamen k\u00fcle d\u00f6nd\u00fc. Yap\u0131lan incelemelerde, evde tek ba\u015f\u0131na ya\u015fayan K\u0131br\u0131s gazisi Mehmet Tolu\u2019nin (72) cans\u0131z bedeni bulundu. K\u0131br\u0131s gazisinin cenazesi otopsi i\u015flemleri i\u00e7in Bursa iline g\u00f6nderildi.<br \/>\n<br \/>Yetkililerin incelemeleri devam ederken, olayla ilgili soru\u015fturma s\u00fcr\u00fcyor.<br \/><\/p>\n","protected":false},"excerpt":{"rendered":"<p>K\u00fctahya\u2019da \u00e7\u0131kan yang\u0131nda, evinde tek ba\u015f\u0131na ya\u015fayan K\u0131br\u0131s gazisi hayat\u0131n\u0131 kaybetti. Tav\u015fanl\u0131\u2019n\u0131n Bal\u0131k\u00f6y beldesi Merkez Mahallesi\u2019nde bulunan iki katl\u0131 evde gece saat 02.00\u2019da hen\u00fcz belirlenemeyen bir sebeple yang\u0131n \u00e7\u0131kt\u0131. Alevler, k\u0131sa s\u00fcrede t\u00fcm evi sard\u0131. Yang\u0131n\u0131 fark eden mahalle sakinleri durumu hemen 112\u2019ye bildirdi. Yang\u0131na ilk olarak Bal\u0131k\u00f6y Belediye ekipleri m\u00fcdahale etti. Ancak alevlerin h\u0131zla&#8230;<\/p>\n","protected":false},"author":1,"featured_media":16111,"comment_status":"open","ping_status":"open","sticky":false,"template":"","format":"standard","meta":{"_crdt_document":"","footnotes":""},"categories":[5],"tags":[],"class_list":["post-16110","post","type-post","status-publish","format-standard","has-post-thumbnail","hentry","category-asayis"],"_links":{"self":[{"href":"https:\/\/www.egemtv.com\/index.php?rest_route=\/wp\/v2\/posts\/16110","targetHints":{"allow":["GET"]}}],"collection":[{"href":"https:\/\/www.egemtv.com\/index.php?rest_route=\/wp\/v2\/posts"}],"about":[{"href":"https:\/\/www.egemtv.com\/index.php?rest_route=\/wp\/v2\/types\/post"}],"author":[{"embeddable":true,"href":"https:\/\/www.egemtv.com\/index.php?rest_route=\/wp\/v2\/users\/1"}],"replies":[{"embeddable":true,"href":"https:\/\/www.egemtv.com\/index.php?rest_route=%2Fwp%2Fv2%2Fcomments&post=16110"}],"version-history":[{"count":1,"href":"https:\/\/www.egemtv.com\/index.php?rest_route=\/wp\/v2\/posts\/16110\/revisions"}],"predecessor-version":[{"id":16112,"href":"https:\/\/www.egemtv.com\/index.php?rest_route=\/wp\/v2\/posts\/16110\/revisions\/16112"}],"wp:featuredmedia":[{"embeddable":true,"href":"https:\/\/www.egemtv.com\/index.php?rest_route=\/wp\/v2\/media\/16111"}],"wp:attachment":[{"href":"https:\/\/www.egemtv.com\/index.php?rest_route=%2Fwp%2Fv2%2Fmedia&parent=16110"}],"wp:term":[{"taxonomy":"category","embeddable":true,"href":"https:\/\/www.egemtv.com\/index.php?rest_route=%2Fwp%2Fv2%2Fcategories&post=16110"},{"taxonomy":"post_tag","embeddable":true,"href":"https:\/\/www.egemtv.com\/index.php?rest_route=%2Fwp%2Fv2%2Ftags&post=16110"}],"curies":[{"name":"wp","href":"https:\/\/api.w.org\/{rel}","templated":true}]}}