{"id":16107,"date":"2025-02-06T12:14:52","date_gmt":"2025-02-06T09:14:52","guid":{"rendered":"https:\/\/www.egemtv.com\/?p=16107"},"modified":"2025-02-06T12:14:58","modified_gmt":"2025-02-06T09:14:58","slug":"grekoromen-gures-musabakalari-sona-erdi","status":"publish","type":"post","link":"https:\/\/www.egemtv.com\/?p=16107","title":{"rendered":"Grekoromen g\u00fcre\u015f m\u00fcsabakalar\u0131 sona erdi"},"content":{"rendered":"<p>Grekoromen U15-U17 U-20 il birincili\u011fi m\u00fcsabakalar\u0131, kad\u0131nlar U-17-U23 g\u00fcre\u015f m\u00fcsabakalar\u0131 \u00c7i\u011filtepe Spor Salonu\u2019nda sona erdi.<br \/>\n<br \/>Farkl\u0131 ya\u015f kategorilerinde d\u00fczenlenen m\u00fcsabakalara bir\u00e7ok sporcu kat\u0131l\u0131m sa\u011flad\u0131. M\u00fcsabakalar\u0131n ard\u0131ndan ba\u015far\u0131l\u0131 olan sporculara ve antren\u00f6rlere \u00f6d\u00fclleri Spor Hizmetleri M\u00fcd\u00fcr\u00fc Y\u0131lmaz Er\u015fen taraf\u0131ndan takdim edildi.<br \/>\n<br \/>Gen\u00e7lik ve Spor \u0130l M\u00fcd\u00fcr\u00fc \u0130smail Hakk\u0131 Kasapo\u011flu, gen\u00e7 sporcular\u0131n g\u00f6sterdi\u011fi performanslardan dolay\u0131 b\u00fcy\u00fck bir memnuniyet duydu\u011funu belirtti. G\u00fcre\u015fin T\u00fcrkiye\u2019de tarihi bir ge\u00e7mi\u015fe sahip oldu\u011funu ve bu t\u00fcr organizasyonlar\u0131n bu gelene\u011fi s\u00fcrd\u00fcrme noktas\u0131nda \u00f6nemli bir rol oynad\u0131\u011f\u0131n\u0131 vurgulayan Kasapo\u011flu, \u015funlar\u0131 ifade etti:<br \/>\n<br \/>&#8220;Bu organizasyon, yaln\u0131zca bir yar\u0131\u015fma de\u011fil, ayn\u0131 zamanda sporun ruhunu ta\u015f\u0131yan bir etkinliktir. Gen\u00e7 sporcular\u0131m\u0131z\u0131n g\u00f6sterdi\u011fi ba\u015far\u0131lar, gelece\u011fin \u015fampiyonlar\u0131n\u0131n yeti\u015fmesine vesile olacakt\u0131r. Biz, \u0130l M\u00fcd\u00fcrl\u00fc\u011f\u00fc olarak sporun her dal\u0131n\u0131 destekliyoruz ve gelecekte de bu t\u00fcr organizasyonlar\u0131n artarak devam etmesini sa\u011flamak i\u00e7in \u00fczerimize d\u00fc\u015feni yapaca\u011f\u0131z. Gen\u00e7lerimizin, sadece bu sporda de\u011fil, hayat\u0131n her alan\u0131nda ba\u015far\u0131ya ula\u015fmas\u0131 i\u00e7in elimizden geleni yapaca\u011f\u0131z.&#8221;<br \/>\n<br \/>Kasapo\u011flu, ayr\u0131ca g\u00fcre\u015fin T\u00fcrk halk\u0131 i\u00e7in \u00e7ok \u00f6nemli bir yer tuttu\u011funun alt\u0131n\u0131 \u00e7izerek, bu sporu daha da yayg\u0131nla\u015ft\u0131rmak ve gen\u00e7 sporcular\u0131 te\u015fvik etmek ad\u0131na yap\u0131lacak yat\u0131r\u0131mlar\u0131n artarak devam edece\u011fini s\u00f6yledi.<br \/><\/p>\n","protected":false},"excerpt":{"rendered":"<p>Grekoromen U15-U17 U-20 il birincili\u011fi m\u00fcsabakalar\u0131, kad\u0131nlar U-17-U23 g\u00fcre\u015f m\u00fcsabakalar\u0131 \u00c7i\u011filtepe Spor Salonu\u2019nda sona erdi. Farkl\u0131 ya\u015f kategorilerinde d\u00fczenlenen m\u00fcsabakalara bir\u00e7ok sporcu kat\u0131l\u0131m sa\u011flad\u0131. M\u00fcsabakalar\u0131n ard\u0131ndan ba\u015far\u0131l\u0131 olan sporculara ve antren\u00f6rlere \u00f6d\u00fclleri Spor Hizmetleri M\u00fcd\u00fcr\u00fc Y\u0131lmaz Er\u015fen taraf\u0131ndan takdim edildi. Gen\u00e7lik ve Spor \u0130l M\u00fcd\u00fcr\u00fc \u0130smail Hakk\u0131 Kasapo\u011flu, gen\u00e7 sporcular\u0131n g\u00f6sterdi\u011fi performanslardan dolay\u0131 b\u00fcy\u00fck bir&#8230;<\/p>\n","protected":false},"author":1,"featured_media":16108,"comment_status":"open","ping_status":"open","sticky":false,"template":"","format":"standard","meta":{"_crdt_document":"","footnotes":""},"categories":[4],"tags":[],"class_list":["post-16107","post","type-post","status-publish","format-standard","has-post-thumbnail","hentry","category-spor"],"_links":{"self":[{"href":"https:\/\/www.egemtv.com\/index.php?rest_route=\/wp\/v2\/posts\/16107","targetHints":{"allow":["GET"]}}],"collection":[{"href":"https:\/\/www.egemtv.com\/index.php?rest_route=\/wp\/v2\/posts"}],"about":[{"href":"https:\/\/www.egemtv.com\/index.php?rest_route=\/wp\/v2\/types\/post"}],"author":[{"embeddable":true,"href":"https:\/\/www.egemtv.com\/index.php?rest_route=\/wp\/v2\/users\/1"}],"replies":[{"embeddable":true,"href":"https:\/\/www.egemtv.com\/index.php?rest_route=%2Fwp%2Fv2%2Fcomments&post=16107"}],"version-history":[{"count":1,"href":"https:\/\/www.egemtv.com\/index.php?rest_route=\/wp\/v2\/posts\/16107\/revisions"}],"predecessor-version":[{"id":16109,"href":"https:\/\/www.egemtv.com\/index.php?rest_route=\/wp\/v2\/posts\/16107\/revisions\/16109"}],"wp:featuredmedia":[{"embeddable":true,"href":"https:\/\/www.egemtv.com\/index.php?rest_route=\/wp\/v2\/media\/16108"}],"wp:attachment":[{"href":"https:\/\/www.egemtv.com\/index.php?rest_route=%2Fwp%2Fv2%2Fmedia&parent=16107"}],"wp:term":[{"taxonomy":"category","embeddable":true,"href":"https:\/\/www.egemtv.com\/index.php?rest_route=%2Fwp%2Fv2%2Fcategories&post=16107"},{"taxonomy":"post_tag","embeddable":true,"href":"https:\/\/www.egemtv.com\/index.php?rest_route=%2Fwp%2Fv2%2Ftags&post=16107"}],"curies":[{"name":"wp","href":"https:\/\/api.w.org\/{rel}","templated":true}]}}