{"id":16104,"date":"2025-02-06T11:56:07","date_gmt":"2025-02-06T08:56:07","guid":{"rendered":"https:\/\/www.egemtv.com\/?p=16104"},"modified":"2025-02-06T11:56:13","modified_gmt":"2025-02-06T08:56:13","slug":"sokede-ilce-afad-merkezi-toplantisi-gerceklestirildi","status":"publish","type":"post","link":"https:\/\/www.egemtv.com\/?p=16104","title":{"rendered":"S\u00f6ke\u2019de \u0130l\u00e7e AFAD Merkezi Toplant\u0131s\u0131 ger\u00e7ekle\u015ftirildi"},"content":{"rendered":"<p>Ayd\u0131n\u2019\u0131n S\u00f6ke il\u00e7esinde, muhtemel afet ve acil durumlara kar\u015f\u0131 haz\u0131rl\u0131kl\u0131 olunmas\u0131 amac\u0131yla \u0130l\u00e7e AFAD Merkezi toplant\u0131s\u0131 d\u00fczenlendi.<\/p>\n<p>S\u00f6ke Organize Sanayi B\u00f6lgesi (OSB) idari binas\u0131nda yer alan AFAD S\u00f6ke Koordinasyon Merkezi\u2019nde ger\u00e7ekle\u015fen toplant\u0131ya, S\u00f6ke Kaymakam\u0131 Ali Ak\u00e7a ba\u015fkanl\u0131k etti. Toplant\u0131ya S\u00f6ke Belediye Ba\u015fkan\u0131 Dr. Mustafa \u0130berya Ar\u0131kan, S\u00f6ke Garnizon Komutan Vekili Binba\u015f\u0131 Necdet G\u00fcm\u00fc\u015f, AFAD \u0130l M\u00fcd\u00fcr\u00fc Yal\u00e7\u0131n Mumcu ba\u015fta olmak \u00fczere il\u00e7enin kamu kurumlar\u0131 ve ilgili kurulu\u015flar\u0131n temsilcileri de kat\u0131ld\u0131.<\/p>\n<p>Toplant\u0131da, afet ve acil durum eylem planlar\u0131 detayl\u0131 \u015fekilde ele al\u0131n\u0131rken, afet anlar\u0131nda h\u0131zl\u0131 ve etkin m\u00fcdahale kapasitesinin art\u0131r\u0131lmas\u0131na y\u00f6nelik de\u011ferlendirmelerde bulunuldu.<\/p>\n<p>Afetlerin \u00f6zellikle depremin T\u00fcrkiye\u2019nin ger\u00e7e\u011fi oldu\u011funu belirten S\u00f6ke Kaymakam\u0131 Ali Ak\u00e7a, &#8220;Afet ve acil durumlara kar\u015f\u0131 haz\u0131rl\u0131kl\u0131 olmak, muhtemel bir afet an\u0131nda do\u011fru ve etkin m\u00fcdahaleyi sa\u011flamak ad\u0131na toplant\u0131m\u0131z\u0131 ger\u00e7ekle\u015ftirdik&#8221; dedi.<\/p>\n<p>Kaymakam Ak\u00e7a, toplant\u0131da afet y\u00f6netimi konusunda i\u015f birli\u011finin art\u0131r\u0131lmas\u0131 ve al\u0131nacak \u00f6nlemler \u00fczerinde durduklar\u0131n\u0131 belirterek, vatanda\u015flar\u0131n da bilin\u00e7lendirilmesine y\u00f6nelik \u00e7al\u0131\u015fmalar\u0131n s\u00fcrd\u00fc\u011f\u00fcn\u00fc vurgulad\u0131.<br \/><\/p>\n","protected":false},"excerpt":{"rendered":"<p>Ayd\u0131n\u2019\u0131n S\u00f6ke il\u00e7esinde, muhtemel afet ve acil durumlara kar\u015f\u0131 haz\u0131rl\u0131kl\u0131 olunmas\u0131 amac\u0131yla \u0130l\u00e7e AFAD Merkezi toplant\u0131s\u0131 d\u00fczenlendi. S\u00f6ke Organize Sanayi B\u00f6lgesi (OSB) idari binas\u0131nda yer alan AFAD S\u00f6ke Koordinasyon Merkezi\u2019nde ger\u00e7ekle\u015fen toplant\u0131ya, S\u00f6ke Kaymakam\u0131 Ali Ak\u00e7a ba\u015fkanl\u0131k etti. Toplant\u0131ya S\u00f6ke Belediye Ba\u015fkan\u0131 Dr. Mustafa \u0130berya Ar\u0131kan, S\u00f6ke Garnizon Komutan Vekili Binba\u015f\u0131 Necdet G\u00fcm\u00fc\u015f, AFAD \u0130l&#8230;<\/p>\n","protected":false},"author":1,"featured_media":16105,"comment_status":"open","ping_status":"open","sticky":false,"template":"","format":"standard","meta":{"_crdt_document":"","footnotes":""},"categories":[1],"tags":[],"class_list":["post-16104","post","type-post","status-publish","format-standard","has-post-thumbnail","hentry","category-guncel"],"_links":{"self":[{"href":"https:\/\/www.egemtv.com\/index.php?rest_route=\/wp\/v2\/posts\/16104","targetHints":{"allow":["GET"]}}],"collection":[{"href":"https:\/\/www.egemtv.com\/index.php?rest_route=\/wp\/v2\/posts"}],"about":[{"href":"https:\/\/www.egemtv.com\/index.php?rest_route=\/wp\/v2\/types\/post"}],"author":[{"embeddable":true,"href":"https:\/\/www.egemtv.com\/index.php?rest_route=\/wp\/v2\/users\/1"}],"replies":[{"embeddable":true,"href":"https:\/\/www.egemtv.com\/index.php?rest_route=%2Fwp%2Fv2%2Fcomments&post=16104"}],"version-history":[{"count":1,"href":"https:\/\/www.egemtv.com\/index.php?rest_route=\/wp\/v2\/posts\/16104\/revisions"}],"predecessor-version":[{"id":16106,"href":"https:\/\/www.egemtv.com\/index.php?rest_route=\/wp\/v2\/posts\/16104\/revisions\/16106"}],"wp:featuredmedia":[{"embeddable":true,"href":"https:\/\/www.egemtv.com\/index.php?rest_route=\/wp\/v2\/media\/16105"}],"wp:attachment":[{"href":"https:\/\/www.egemtv.com\/index.php?rest_route=%2Fwp%2Fv2%2Fmedia&parent=16104"}],"wp:term":[{"taxonomy":"category","embeddable":true,"href":"https:\/\/www.egemtv.com\/index.php?rest_route=%2Fwp%2Fv2%2Fcategories&post=16104"},{"taxonomy":"post_tag","embeddable":true,"href":"https:\/\/www.egemtv.com\/index.php?rest_route=%2Fwp%2Fv2%2Ftags&post=16104"}],"curies":[{"name":"wp","href":"https:\/\/api.w.org\/{rel}","templated":true}]}}