{"id":16101,"date":"2025-02-06T11:46:48","date_gmt":"2025-02-06T08:46:48","guid":{"rendered":"https:\/\/www.egemtv.com\/?p=16101"},"modified":"2025-02-06T11:46:53","modified_gmt":"2025-02-06T08:46:53","slug":"denizli-buyuksehir-belediyesi-hatayda-depremzede-cocuklarin-yuzunu-guldurdu","status":"publish","type":"post","link":"https:\/\/www.egemtv.com\/?p=16101","title":{"rendered":"Denizli B\u00fcy\u00fck\u015fehir Belediyesi, Hatay\u2019da depremzede \u00e7ocuklar\u0131n y\u00fcz\u00fcn\u00fc g\u00fcld\u00fcrd\u00fc"},"content":{"rendered":"<p>Denizli B\u00fcy\u00fck\u015fehir Belediyesi, 6 \u015eubat 2023\u2019te Kahramanmara\u015f merkezli depremlerin y\u0131ld\u00f6n\u00fcm\u00fcnde Hatay\u2019\u0131n Defne il\u00e7esinde bulunan Toygarl\u0131 Gazipa\u015fa Ortaokulu M\u00fczik s\u0131n\u0131f\u0131na enstr\u00fcman deste\u011finde bulunarak okulda e\u011fitim g\u00f6ren \u00e7ocuklar\u0131n y\u00fcz\u00fcn\u00fc g\u00fcld\u00fcrd\u00fc.<\/p>\n<p>T\u00fcrkiye\u2019yi derinden etkileyen Kahramanmara\u015f merkezli depremlerin ikinci y\u0131ld\u00f6n\u00fcm\u00fcnde Denizli B\u00fcy\u00fck\u015fehir Belediyesi, depremden en \u00e7ok etkilenen kentlerin ba\u015f\u0131nda gelen Hatay\u2019a elini uzatt\u0131. Denizli B\u00fcy\u00fck\u015fehir Belediyesi Afet \u0130\u015fleri Dairesi Ba\u015fkan\u0131 Ufuk Tarak\u00e7\u0131o\u011flu, \u0130tfaiye Dairesi Ba\u015fkan\u0131 Murat Ba\u015fl\u0131, \u015fube m\u00fcd\u00fcrleri ve personelden olu\u015fan heyet, depremin ikinci y\u0131ld\u00f6n\u00fcm\u00fcnde Hatay Defne Toygarl\u0131 Gazipa\u015fa Ortaokulu\u2019nu ziyaret ederek, okulda bulunan \u00f6\u011frenci ve \u00f6\u011fretmenlere unutamayacaklar\u0131 g\u00fczel bir s\u00fcrprizle dayan\u0131\u015fma \u00f6rne\u011fini sergiledi. Okulda bulunan m\u00fczik s\u0131n\u0131f\u0131n\u0131n enstr\u00fcman ihtiyac\u0131 oldu\u011funu \u00f6\u011frenen Denizli B\u00fcy\u00fck\u015fehir Belediyesi, Ba\u015fkan B\u00fclent Nuri \u00c7avu\u015fo\u011flu\u2019nun talimat\u0131yla m\u00fczik aletlerini temin ederek, okulda e\u011fitim g\u00f6ren \u00e7ocuklara hediye etti.<\/p>\n<p>Ba\u015fkan \u00c7avu\u015fo\u011flu\u2019na te\u015fekk\u00fcr<br \/>\n<br \/>Hatay Defne Toygarl\u0131 Gazipa\u015fa Ortaokulu M\u00fcd\u00fcr\u00fc Ersen Keser, depremin ilk an\u0131ndan itibaren kendilerini yaln\u0131z b\u0131rakmayan Denizli B\u00fcy\u00fck\u015fehir Belediyesine te\u015fekk\u00fcr ederek, &#8220;Bizleri yaln\u0131z b\u0131rakmad\u0131n\u0131z, \u00e7ocuklar\u0131m\u0131z i\u00e7in \u00e7ok \u00f6nemli bir ihtiyac\u0131 kar\u015f\u0131lad\u0131n\u0131z. Sizlerin nezdinde Denizli B\u00fcy\u00fck\u015fehir Belediye Ba\u015fkan\u0131m\u0131za da \u00e7ok te\u015fekk\u00fcr ediyorum&#8221; ifadelerini kulland\u0131.<br \/><\/p>\n","protected":false},"excerpt":{"rendered":"<p>Denizli B\u00fcy\u00fck\u015fehir Belediyesi, 6 \u015eubat 2023\u2019te Kahramanmara\u015f merkezli depremlerin y\u0131ld\u00f6n\u00fcm\u00fcnde Hatay\u2019\u0131n Defne il\u00e7esinde bulunan Toygarl\u0131 Gazipa\u015fa Ortaokulu M\u00fczik s\u0131n\u0131f\u0131na enstr\u00fcman deste\u011finde bulunarak okulda e\u011fitim g\u00f6ren \u00e7ocuklar\u0131n y\u00fcz\u00fcn\u00fc g\u00fcld\u00fcrd\u00fc. T\u00fcrkiye\u2019yi derinden etkileyen Kahramanmara\u015f merkezli depremlerin ikinci y\u0131ld\u00f6n\u00fcm\u00fcnde Denizli B\u00fcy\u00fck\u015fehir Belediyesi, depremden en \u00e7ok etkilenen kentlerin ba\u015f\u0131nda gelen Hatay\u2019a elini uzatt\u0131. Denizli B\u00fcy\u00fck\u015fehir Belediyesi Afet \u0130\u015fleri Dairesi&#8230;<\/p>\n","protected":false},"author":1,"featured_media":16102,"comment_status":"open","ping_status":"open","sticky":false,"template":"","format":"standard","meta":{"_crdt_document":"","footnotes":""},"categories":[1],"tags":[],"class_list":["post-16101","post","type-post","status-publish","format-standard","has-post-thumbnail","hentry","category-guncel"],"_links":{"self":[{"href":"https:\/\/www.egemtv.com\/index.php?rest_route=\/wp\/v2\/posts\/16101","targetHints":{"allow":["GET"]}}],"collection":[{"href":"https:\/\/www.egemtv.com\/index.php?rest_route=\/wp\/v2\/posts"}],"about":[{"href":"https:\/\/www.egemtv.com\/index.php?rest_route=\/wp\/v2\/types\/post"}],"author":[{"embeddable":true,"href":"https:\/\/www.egemtv.com\/index.php?rest_route=\/wp\/v2\/users\/1"}],"replies":[{"embeddable":true,"href":"https:\/\/www.egemtv.com\/index.php?rest_route=%2Fwp%2Fv2%2Fcomments&post=16101"}],"version-history":[{"count":1,"href":"https:\/\/www.egemtv.com\/index.php?rest_route=\/wp\/v2\/posts\/16101\/revisions"}],"predecessor-version":[{"id":16103,"href":"https:\/\/www.egemtv.com\/index.php?rest_route=\/wp\/v2\/posts\/16101\/revisions\/16103"}],"wp:featuredmedia":[{"embeddable":true,"href":"https:\/\/www.egemtv.com\/index.php?rest_route=\/wp\/v2\/media\/16102"}],"wp:attachment":[{"href":"https:\/\/www.egemtv.com\/index.php?rest_route=%2Fwp%2Fv2%2Fmedia&parent=16101"}],"wp:term":[{"taxonomy":"category","embeddable":true,"href":"https:\/\/www.egemtv.com\/index.php?rest_route=%2Fwp%2Fv2%2Fcategories&post=16101"},{"taxonomy":"post_tag","embeddable":true,"href":"https:\/\/www.egemtv.com\/index.php?rest_route=%2Fwp%2Fv2%2Ftags&post=16101"}],"curies":[{"name":"wp","href":"https:\/\/api.w.org\/{rel}","templated":true}]}}