{"id":16098,"date":"2025-02-06T11:37:20","date_gmt":"2025-02-06T08:37:20","guid":{"rendered":"https:\/\/www.egemtv.com\/?p=16098"},"modified":"2025-02-06T11:37:23","modified_gmt":"2025-02-06T08:37:23","slug":"salihlili-ogrencilerin-bilekleri-bukulmedi","status":"publish","type":"post","link":"https:\/\/www.egemtv.com\/?p=16098","title":{"rendered":"Salihlili \u00f6\u011frencilerin bilekleri b\u00fck\u00fclmedi"},"content":{"rendered":"<p>Manisa\u2019da d\u00fczenlenen Bilek G\u00fcre\u015fi \u0130l Birincili\u011fi m\u00fcsabakalar\u0131nda Salihli Hafsa Sultan Mesleki ve Teknik Anadolu Lisesi \u00f6\u011frencisi \u015eule G\u00fcrb\u00fcz ve Nihal \u00d6nal \u015fampiyon oldu.<br \/>\n<br \/>Manisa\u2019da d\u00fczenlenen Bilek G\u00fcre\u015fi B Gen\u00e7 \u0130l Birincili\u011fi M\u00fcsabakalar\u0131na Salihli Hafsa Sultan Mesleki ve Teknik Anadolu Lisesi \u00f6\u011frencileri \u015eule G\u00fcrb\u00fcz, Seher Yal\u0131\u00e7, Ayriz \u0130pekli ve Nihal \u00d6nal, Beden E\u011fitimi \u00d6\u011fretmenleri Ak\u0131n Uysal \u00f6nc\u00fcl\u00fc\u011f\u00fcnde kat\u0131ld\u0131. M\u00fcsabakalarda ba\u015far\u0131ya imza atan \u015eule G\u00fcrb\u00fcz ve Nihal \u00d6nal \u015fampiyon olurken, Seher Yal\u0131\u00e7 ve Ayriz \u0130pekli il ikincisi oldu.<br \/>\n<br \/>Okul M\u00fcd\u00fcr\u00fc Ak\u0131n Ak\u00e7eltik, Manisa\u2019dan madalyalarla d\u00f6nen \u00f6\u011frencileri ve Beden E\u011fitimi \u00d6\u011fretmeni Ak\u0131n Uysal\u2019\u0131 tebrik etti. Ak\u00e7eltik, \u00f6\u011frencilere T\u00fcrkiye \u015eampiyonas\u0131nda ba\u015far\u0131lar diledi.<br \/><\/p>\n","protected":false},"excerpt":{"rendered":"<p>Manisa\u2019da d\u00fczenlenen Bilek G\u00fcre\u015fi \u0130l Birincili\u011fi m\u00fcsabakalar\u0131nda Salihli Hafsa Sultan Mesleki ve Teknik Anadolu Lisesi \u00f6\u011frencisi \u015eule G\u00fcrb\u00fcz ve Nihal \u00d6nal \u015fampiyon oldu. Manisa\u2019da d\u00fczenlenen Bilek G\u00fcre\u015fi B Gen\u00e7 \u0130l Birincili\u011fi M\u00fcsabakalar\u0131na Salihli Hafsa Sultan Mesleki ve Teknik Anadolu Lisesi \u00f6\u011frencileri \u015eule G\u00fcrb\u00fcz, Seher Yal\u0131\u00e7, Ayriz \u0130pekli ve Nihal \u00d6nal, Beden E\u011fitimi \u00d6\u011fretmenleri Ak\u0131n Uysal&#8230;<\/p>\n","protected":false},"author":1,"featured_media":16099,"comment_status":"open","ping_status":"open","sticky":false,"template":"","format":"standard","meta":{"_crdt_document":"","footnotes":""},"categories":[4],"tags":[],"class_list":["post-16098","post","type-post","status-publish","format-standard","has-post-thumbnail","hentry","category-spor"],"_links":{"self":[{"href":"https:\/\/www.egemtv.com\/index.php?rest_route=\/wp\/v2\/posts\/16098","targetHints":{"allow":["GET"]}}],"collection":[{"href":"https:\/\/www.egemtv.com\/index.php?rest_route=\/wp\/v2\/posts"}],"about":[{"href":"https:\/\/www.egemtv.com\/index.php?rest_route=\/wp\/v2\/types\/post"}],"author":[{"embeddable":true,"href":"https:\/\/www.egemtv.com\/index.php?rest_route=\/wp\/v2\/users\/1"}],"replies":[{"embeddable":true,"href":"https:\/\/www.egemtv.com\/index.php?rest_route=%2Fwp%2Fv2%2Fcomments&post=16098"}],"version-history":[{"count":1,"href":"https:\/\/www.egemtv.com\/index.php?rest_route=\/wp\/v2\/posts\/16098\/revisions"}],"predecessor-version":[{"id":16100,"href":"https:\/\/www.egemtv.com\/index.php?rest_route=\/wp\/v2\/posts\/16098\/revisions\/16100"}],"wp:featuredmedia":[{"embeddable":true,"href":"https:\/\/www.egemtv.com\/index.php?rest_route=\/wp\/v2\/media\/16099"}],"wp:attachment":[{"href":"https:\/\/www.egemtv.com\/index.php?rest_route=%2Fwp%2Fv2%2Fmedia&parent=16098"}],"wp:term":[{"taxonomy":"category","embeddable":true,"href":"https:\/\/www.egemtv.com\/index.php?rest_route=%2Fwp%2Fv2%2Fcategories&post=16098"},{"taxonomy":"post_tag","embeddable":true,"href":"https:\/\/www.egemtv.com\/index.php?rest_route=%2Fwp%2Fv2%2Ftags&post=16098"}],"curies":[{"name":"wp","href":"https:\/\/api.w.org\/{rel}","templated":true}]}}