{"id":16095,"date":"2025-02-06T11:28:57","date_gmt":"2025-02-06T08:28:57","guid":{"rendered":"https:\/\/www.egemtv.com\/?p=16095"},"modified":"2025-02-06T11:29:02","modified_gmt":"2025-02-06T08:29:02","slug":"prof-dr-kuscu-30-bin-yilda-bir-buyuk-patlama-gerceklesebilir","status":"publish","type":"post","link":"https:\/\/www.egemtv.com\/?p=16095","title":{"rendered":"Prof. Dr. Ku\u015fcu: &#8220;30 bin y\u0131lda bir b\u00fcy\u00fck patlama ger\u00e7ekle\u015febilir&#8221;"},"content":{"rendered":"<p>Mu\u011fla S\u0131tk\u0131 Ko\u00e7man \u00dcniversitesi Jeoloji M\u00fchendisli\u011fi B\u00f6l\u00fcm\u00fc \u00d6\u011fretim \u00dcyesi Prof. Dr. Gonca Ku\u015fcu, Ege Denizi\u2019nde meydana gelen deprem f\u0131rt\u0131nalar\u0131n\u0131n volkanik bir hareketlili\u011fe neden olmadan aylarca s\u00fcrebilece\u011fini s\u00f6yledi.<br \/>\n<br \/>Depremlerin ya\u015fand\u0131\u011f\u0131 b\u00f6lgenin G\u00fcney Ege Volkanik Yay\u0131 olarak bilinmesi gerekti\u011fini s\u00f6yleyen Prof. Dr. Ku\u015fcu, yay \u015feklinde dizilmi\u015f bu volkanlar\u0131n gerek deniz y\u00fczeyine ula\u015farak adalar olu\u015fturan, gerekse hen\u00fcz denizalt\u0131nda faaliyetini s\u00fcrd\u00fcren aktif volkanlar oldu\u011funu ve T\u00fcrkiye\u2019nin patlama potansiyeli a\u00e7\u0131s\u0131ndan en tehlikeli kabul edilen iki volkanik sistemle kom\u015fu oldu\u011funu ifade etti. Prof. Dr. Gonca Ku\u015f\u00e7u, &#8220;Bu haritada G\u00fcney Ege Aktif Volkanik Yay\u0131\u2019n\u0131 g\u00f6r\u00fcyoruz. Biz bu depremleri niye ya\u015f\u0131yoruz bug\u00fcnlerde? Asl\u0131nda buna \u00e7ok \u015fa\u015f\u0131rmamam\u0131z laz\u0131m. Bunlarla ya\u015famay\u0131 \u00f6\u011frenmemiz laz\u0131m. \u00c7\u00fcnk\u00fc bizim bulundu\u011fumuz bu b\u00f6lge gerek sismik aktivite a\u00e7\u0131s\u0131ndan, gerekse volkanik aktivite a\u00e7\u0131s\u0131ndan tarih boyunca her zaman bunlar\u0131 \u00fcretmi\u015f olan bir b\u00f6lge. Patlama potansiyeli a\u00e7\u0131s\u0131ndan en tehlikeli olan iki tane volkanik sistemle kom\u015fu ya\u015f\u0131yoruz. Bunlardan bir tanesi g\u00fcncel sismik f\u0131rt\u0131nan\u0131n ger\u00e7ekle\u015fti\u011fi Cristiana-Santorini-Colombo volkanik sistemi. Bir di\u011feri ise asl\u0131nda bizim i\u00e7in \u00e7ok daha \u00f6nemli olan \u0130stank\u00f6y-\u0130ncirli-Sakarc\u0131lar volkanik sistemi ki, g\u00f6rd\u00fc\u011f\u00fcn\u00fcz gibi hemen Bodrum ve Dat\u00e7a yar\u0131madalar\u0131n\u0131n kar\u015f\u0131s\u0131na geliyor&#8221; dedi.<\/p>\n<p>&#8220;500 kilometre alanda tehlike s\u00f6z konusu&#8221;<br \/>\n<br \/>Sismik faaliyetlerin iki \u00f6nemli nedeninin bulundu\u011funu belirten Ku\u015f\u00e7u, birisinin teknolojik neden, di\u011ferinin de volkanik faaliyetin \u00f6ncesi olabilece\u011fini a\u00e7\u0131klad\u0131. Ku\u015f\u00e7u, &#8220;Sismik f\u0131rt\u0131nan\u0131n ger\u00e7ekle\u015fti\u011fi Santorini civar\u0131na bir bakal\u0131m. Tarihsel d\u00f6nemde volkanik aktivitenin g\u00f6\u00e7 e\u015fitli\u011fi d\u00fc\u015f\u00fcn\u00fcl\u00fcyor. G\u00fcncel volkanik aktivite daha \u00e7ok Santorini dedi\u011fimiz \u015fu volkanik adan\u0131n merkezinde \u015fu k\u00fc\u00e7\u00fck adac\u0131kta. Ve bir denizalt\u0131 volkan\u0131 olan, \u015furada sar\u0131yla g\u00f6sterilen Colombo Volkan\u0131 civar\u0131nda. Bununla beraber en b\u00fcy\u00fc\u011f\u00fc Colombo olmak \u00fczere \u015furada g\u00f6rd\u00fc\u011f\u00fcm\u00fcz noktac\u0131klar halinde, denizalt\u0131nda bir dizi halinde, \u015fu rift sistemiyle s\u0131n\u0131rlanm\u0131\u015f bir hat boyunca biz bu volkanlar\u0131n dizilimini g\u00f6r\u00fcyoruz. Bu sismik olaylar, sismik f\u0131rt\u0131nalar genellikle iki t\u00fcrl\u00fc olabilir, iki tane nedeni olabilir. Bir, teknolojik nedenli bir olay olabilir. \u0130kincisi ise bir volkanik faaliyetin \u00f6nc\u00fcs\u00fc olabilir. Peki biz bunlardan hangisiyle kar\u015f\u0131 kar\u015f\u0131ya olabiliriz? Asl\u0131nda \u015fu an bunu s\u00f6ylemek i\u00e7in biraz erken. Bunu bize zaman g\u00f6sterecek. Mesela 2011 y\u0131llar\u0131nda yine bir b\u00f6yle sismik f\u0131rt\u0131na ya\u015fanm\u0131\u015ft\u0131 ve neredeyse bir sene s\u00fcrm\u00fc\u015ft\u00fc. Dolay\u0131s\u0131yla bu olaylar yine bu kadar uzun s\u00fcre alabilir. Peki di\u011fer ihtimal nedir? Bir volkanik faaliyetle sonu\u00e7lan\u0131yor mu, sonu\u00e7lanmaz m\u0131? Muhtemel olabilir&#8221; dedi.<\/p>\n<p>&#8220;30 bin y\u0131lda bir b\u00fcy\u00fck patlama ger\u00e7ekle\u015febilir&#8221;<br \/>\n<br \/>Santorini Adas\u0131\u2019ndaki volkanik olay\u0131n ya\u015fanmas\u0131 durumunda k\u00fcllerinin \u0130\u00e7 Anadolu\u2019ya kadar, yani 500 kilometreye kadar etkili olabilece\u011fini a\u00e7\u0131klayan Prof. Dr. Ku\u015f\u00e7u, &#8220;Mesela bu Santorini Volkan\u0131\u2019n\u0131n son 360 bin y\u0131l i\u00e7inde 12 defa patlamal\u0131 bir faaliyet g\u00f6sterdi\u011fini biliyoruz. Buradan basit bir istatistikle, yani her 30 bin y\u0131lda b\u00fcy\u00fck bir patlama ger\u00e7ekle\u015febilir. Minoan aktivitesi 3600 y\u0131l \u00f6nce ger\u00e7ekle\u015fmi\u015fti. G\u00f6rd\u00fc\u011f\u00fcn\u00fcz gibi sadece Bat\u0131 Anadolu de\u011fil, \u0130\u00e7 Anadolu\u2019ya kadar bu k\u00fcllere rastlanm\u0131\u015f bulunuluyor. Volkanik faaliyet olmas\u0131 durumunda yak\u0131n \u00e7evre dedi\u011fimiz 30 kilometrelik alanda belki evet belli t\u00fcr tehlikeler veya riskler s\u00f6z konusu. Ama onun d\u0131\u015f\u0131nda da 500 kilometreye kadar varan bir \u00e7apta \u00e7e\u015fitli tehlikeler s\u00f6z konusu&#8221; dedi.<br \/><\/p>\n","protected":false},"excerpt":{"rendered":"<p>Mu\u011fla S\u0131tk\u0131 Ko\u00e7man \u00dcniversitesi Jeoloji M\u00fchendisli\u011fi B\u00f6l\u00fcm\u00fc \u00d6\u011fretim \u00dcyesi Prof. Dr. Gonca Ku\u015fcu, Ege Denizi\u2019nde meydana gelen deprem f\u0131rt\u0131nalar\u0131n\u0131n volkanik bir hareketlili\u011fe neden olmadan aylarca s\u00fcrebilece\u011fini s\u00f6yledi. Depremlerin ya\u015fand\u0131\u011f\u0131 b\u00f6lgenin G\u00fcney Ege Volkanik Yay\u0131 olarak bilinmesi gerekti\u011fini s\u00f6yleyen Prof. Dr. Ku\u015fcu, yay \u015feklinde dizilmi\u015f bu volkanlar\u0131n gerek deniz y\u00fczeyine ula\u015farak adalar olu\u015fturan, gerekse hen\u00fcz denizalt\u0131nda&#8230;<\/p>\n","protected":false},"author":1,"featured_media":16096,"comment_status":"open","ping_status":"open","sticky":false,"template":"","format":"standard","meta":{"_crdt_document":"","footnotes":""},"categories":[1],"tags":[],"class_list":["post-16095","post","type-post","status-publish","format-standard","has-post-thumbnail","hentry","category-guncel"],"_links":{"self":[{"href":"https:\/\/www.egemtv.com\/index.php?rest_route=\/wp\/v2\/posts\/16095","targetHints":{"allow":["GET"]}}],"collection":[{"href":"https:\/\/www.egemtv.com\/index.php?rest_route=\/wp\/v2\/posts"}],"about":[{"href":"https:\/\/www.egemtv.com\/index.php?rest_route=\/wp\/v2\/types\/post"}],"author":[{"embeddable":true,"href":"https:\/\/www.egemtv.com\/index.php?rest_route=\/wp\/v2\/users\/1"}],"replies":[{"embeddable":true,"href":"https:\/\/www.egemtv.com\/index.php?rest_route=%2Fwp%2Fv2%2Fcomments&post=16095"}],"version-history":[{"count":1,"href":"https:\/\/www.egemtv.com\/index.php?rest_route=\/wp\/v2\/posts\/16095\/revisions"}],"predecessor-version":[{"id":16097,"href":"https:\/\/www.egemtv.com\/index.php?rest_route=\/wp\/v2\/posts\/16095\/revisions\/16097"}],"wp:featuredmedia":[{"embeddable":true,"href":"https:\/\/www.egemtv.com\/index.php?rest_route=\/wp\/v2\/media\/16096"}],"wp:attachment":[{"href":"https:\/\/www.egemtv.com\/index.php?rest_route=%2Fwp%2Fv2%2Fmedia&parent=16095"}],"wp:term":[{"taxonomy":"category","embeddable":true,"href":"https:\/\/www.egemtv.com\/index.php?rest_route=%2Fwp%2Fv2%2Fcategories&post=16095"},{"taxonomy":"post_tag","embeddable":true,"href":"https:\/\/www.egemtv.com\/index.php?rest_route=%2Fwp%2Fv2%2Ftags&post=16095"}],"curies":[{"name":"wp","href":"https:\/\/api.w.org\/{rel}","templated":true}]}}