{"id":16092,"date":"2025-02-06T11:19:42","date_gmt":"2025-02-06T08:19:42","guid":{"rendered":"https:\/\/www.egemtv.com\/?p=16092"},"modified":"2025-02-06T11:19:47","modified_gmt":"2025-02-06T08:19:47","slug":"dikilide-avrupanin-en-buyuk-jeotermal-sera-kumelenmesi-yukseliyor","status":"publish","type":"post","link":"https:\/\/www.egemtv.com\/?p=16092","title":{"rendered":"Dikili\u2019de, Avrupa\u2019n\u0131n en b\u00fcy\u00fck jeotermal sera k\u00fcmelenmesi y\u00fckseliyor"},"content":{"rendered":"<p>\u0130zmir\u2019in Dikili il\u00e7esinde hayata ge\u00e7irilen Dikili Jeotermal Sera Organize Tar\u0131m B\u00f6lgesi (OTB), Avrupa\u2019n\u0131n ve T\u00fcrkiye\u2019nin en b\u00fcy\u00fck jeotermal sera k\u00fcmelenmelerinden biri olmaya haz\u0131rlan\u0131yor. Projenin ilerleyi\u015fi, \u0130zmir Ticaret Odas\u0131 ev sahipli\u011finde ger\u00e7ekle\u015ftirilen Dikili OTB Y\u00f6netim Kurulu ve M\u00fcte\u015febbis Heyet Toplant\u0131s\u0131 ile de\u011ferlendirildi.<br \/>\n<br \/>Toplant\u0131ya, projenin kurucu ortaklar\u0131ndan olan Bergama Ticaret Odas\u0131 Ba\u015fkan\u0131 L\u00fctfi Kolat, Y\u00f6netim Kurulu Ba\u015fkan\u0131 Mehmet \u015eahin \u00c7akan, M\u00fcte\u015febbis Heyet Ba\u015fkan\u0131 Erko\u00e7 ve di\u011fer y\u00f6netim kurulu ile m\u00fcte\u015febbis heyet \u00fcyeleri kat\u0131l\u0131m sa\u011flad\u0131.<br \/>\n<br \/>3 binden fazla ki\u015fiye istihdam<br \/>\n<br \/>Tamamland\u0131\u011f\u0131nda b\u00fcy\u00fck \u00e7o\u011funlu\u011fu kad\u0131nlardan olu\u015fan 3 binde fazla ki\u015fiye istihdam sa\u011flayacak olan Dikili OTB, b\u00f6lgenin ekonomik ve tar\u0131msal kalk\u0131nmas\u0131na \u00f6nemli bir katk\u0131 sunacak. Jeotermal enerji kullan\u0131m\u0131yla s\u00fcrd\u00fcr\u00fclebilir ve \u00e7evreci bir \u00fcretim modeli benimseyen proje, T\u00fcrkiye\u2019yi serac\u0131l\u0131kta k\u00fcresel bir oyuncu haline getirmeyi hedefliyor.<br \/>\n<br \/>Dikili OTB\u2019nin faaliyete ge\u00e7mesiyle birlikte tar\u0131msal \u00fcretimde verimlilik artacak, b\u00f6lgedeki istihdam olanaklar\u0131 geni\u015fleyecek ve T\u00fcrkiye\u2019nin tar\u0131m ihracat\u0131nda \u00f6nemli bir ivme kazan\u0131lacak.<br \/><\/p>\n","protected":false},"excerpt":{"rendered":"<p>\u0130zmir\u2019in Dikili il\u00e7esinde hayata ge\u00e7irilen Dikili Jeotermal Sera Organize Tar\u0131m B\u00f6lgesi (OTB), Avrupa\u2019n\u0131n ve T\u00fcrkiye\u2019nin en b\u00fcy\u00fck jeotermal sera k\u00fcmelenmelerinden biri olmaya haz\u0131rlan\u0131yor. Projenin ilerleyi\u015fi, \u0130zmir Ticaret Odas\u0131 ev sahipli\u011finde ger\u00e7ekle\u015ftirilen Dikili OTB Y\u00f6netim Kurulu ve M\u00fcte\u015febbis Heyet Toplant\u0131s\u0131 ile de\u011ferlendirildi. Toplant\u0131ya, projenin kurucu ortaklar\u0131ndan olan Bergama Ticaret Odas\u0131 Ba\u015fkan\u0131 L\u00fctfi Kolat, Y\u00f6netim Kurulu Ba\u015fkan\u0131&#8230;<\/p>\n","protected":false},"author":1,"featured_media":16093,"comment_status":"open","ping_status":"open","sticky":false,"template":"","format":"standard","meta":{"_crdt_document":"","footnotes":""},"categories":[125],"tags":[],"class_list":["post-16092","post","type-post","status-publish","format-standard","has-post-thumbnail","hentry","category-ekonomi"],"_links":{"self":[{"href":"https:\/\/www.egemtv.com\/index.php?rest_route=\/wp\/v2\/posts\/16092","targetHints":{"allow":["GET"]}}],"collection":[{"href":"https:\/\/www.egemtv.com\/index.php?rest_route=\/wp\/v2\/posts"}],"about":[{"href":"https:\/\/www.egemtv.com\/index.php?rest_route=\/wp\/v2\/types\/post"}],"author":[{"embeddable":true,"href":"https:\/\/www.egemtv.com\/index.php?rest_route=\/wp\/v2\/users\/1"}],"replies":[{"embeddable":true,"href":"https:\/\/www.egemtv.com\/index.php?rest_route=%2Fwp%2Fv2%2Fcomments&post=16092"}],"version-history":[{"count":1,"href":"https:\/\/www.egemtv.com\/index.php?rest_route=\/wp\/v2\/posts\/16092\/revisions"}],"predecessor-version":[{"id":16094,"href":"https:\/\/www.egemtv.com\/index.php?rest_route=\/wp\/v2\/posts\/16092\/revisions\/16094"}],"wp:featuredmedia":[{"embeddable":true,"href":"https:\/\/www.egemtv.com\/index.php?rest_route=\/wp\/v2\/media\/16093"}],"wp:attachment":[{"href":"https:\/\/www.egemtv.com\/index.php?rest_route=%2Fwp%2Fv2%2Fmedia&parent=16092"}],"wp:term":[{"taxonomy":"category","embeddable":true,"href":"https:\/\/www.egemtv.com\/index.php?rest_route=%2Fwp%2Fv2%2Fcategories&post=16092"},{"taxonomy":"post_tag","embeddable":true,"href":"https:\/\/www.egemtv.com\/index.php?rest_route=%2Fwp%2Fv2%2Ftags&post=16092"}],"curies":[{"name":"wp","href":"https:\/\/api.w.org\/{rel}","templated":true}]}}