{"id":16089,"date":"2025-02-06T11:11:11","date_gmt":"2025-02-06T08:11:11","guid":{"rendered":"https:\/\/www.egemtv.com\/?p=16089"},"modified":"2025-02-06T11:11:15","modified_gmt":"2025-02-06T08:11:15","slug":"tavsanlili-yazar-betul-erdoganin-9-kitabi-gavurun-kizi-cikti","status":"publish","type":"post","link":"https:\/\/www.egemtv.com\/?p=16089","title":{"rendered":"Tav\u015fanl\u0131l\u0131 yazar Bet\u00fcl Erdo\u011fan\u2019\u0131n 9. kitab\u0131 &#8220;Gavurun K\u0131z\u0131&#8221; \u00e7\u0131kt\u0131"},"content":{"rendered":"<p>K\u00fctahya\u2019n\u0131n Tav\u015fanl\u0131 il\u00e7esinden Bet\u00fcl Erdo\u011fan\u2019\u0131n kaleme ald\u0131\u011f\u0131 eser, okuyucular\u0131 Kurtulu\u015f Sava\u015f\u0131 y\u0131llar\u0131na g\u00f6t\u00fcr\u00fcyor.<br \/>\n<br \/>&#8220;Gavurun K\u0131z\u0131&#8221; ad\u0131 kitap, Kurtulu\u015f Sava\u015f\u0131 s\u0131ras\u0131nda ya\u015fanan ac\u0131 bir olayla ba\u015fl\u0131yor. Kitap, Hesna ad\u0131nda bir k\u0131z\u0131n ya\u015fad\u0131\u011f\u0131 travmalar\u0131, toplumun ac\u0131mas\u0131zl\u0131\u011f\u0131n\u0131 ve hayata tutunma \u00e7abas\u0131n\u0131 etkileyici bir dille g\u00f6zler \u00f6n\u00fcne seriyor. Yazar Bet\u00fcl Erdo\u011fan, okuyucular\u0131 derinden etkileyen bu hikayesiyle, sava\u015f\u0131n ve tecav\u00fcz\u00fcn insan hayatlar\u0131 \u00fczerindeki y\u0131k\u0131c\u0131 etkilerini bir kez daha hat\u0131rlat\u0131yor.<br \/>\n<br \/>Tav\u015fanl\u0131l\u0131 yazar Bet\u00fcl Erdo\u011fan, daha \u00f6nce &#8220;Ben Zehra&#8221;, &#8220;Halkas\u0131z K\u00f6leler&#8221;, &#8220;Elbet Bir G\u00fcn Bulu\u015faca\u011f\u0131z&#8221; gibi kitaplar\u0131yla tan\u0131nm\u0131\u015ft\u0131. &#8220;Gavurun K\u0131z\u0131&#8221;, yazar\u0131n 9. eseri olarak okuyucularla bulu\u015fuyor.   &#8220;Gavurun K\u0131z\u0131&#8221;, okuyucular\u0131 hem duyguland\u0131racak hem de d\u00fc\u015f\u00fcnd\u00fcrecek bir eser olarak \u00f6ne \u00e7\u0131k\u0131yor.<br \/><\/p>\n","protected":false},"excerpt":{"rendered":"<p>K\u00fctahya\u2019n\u0131n Tav\u015fanl\u0131 il\u00e7esinden Bet\u00fcl Erdo\u011fan\u2019\u0131n kaleme ald\u0131\u011f\u0131 eser, okuyucular\u0131 Kurtulu\u015f Sava\u015f\u0131 y\u0131llar\u0131na g\u00f6t\u00fcr\u00fcyor. &#8220;Gavurun K\u0131z\u0131&#8221; ad\u0131 kitap, Kurtulu\u015f Sava\u015f\u0131 s\u0131ras\u0131nda ya\u015fanan ac\u0131 bir olayla ba\u015fl\u0131yor. Kitap, Hesna ad\u0131nda bir k\u0131z\u0131n ya\u015fad\u0131\u011f\u0131 travmalar\u0131, toplumun ac\u0131mas\u0131zl\u0131\u011f\u0131n\u0131 ve hayata tutunma \u00e7abas\u0131n\u0131 etkileyici bir dille g\u00f6zler \u00f6n\u00fcne seriyor. Yazar Bet\u00fcl Erdo\u011fan, okuyucular\u0131 derinden etkileyen bu hikayesiyle, sava\u015f\u0131n ve tecav\u00fcz\u00fcn&#8230;<\/p>\n","protected":false},"author":1,"featured_media":16090,"comment_status":"open","ping_status":"open","sticky":false,"template":"","format":"standard","meta":{"_crdt_document":"","footnotes":""},"categories":[1],"tags":[],"class_list":["post-16089","post","type-post","status-publish","format-standard","has-post-thumbnail","hentry","category-guncel"],"_links":{"self":[{"href":"https:\/\/www.egemtv.com\/index.php?rest_route=\/wp\/v2\/posts\/16089","targetHints":{"allow":["GET"]}}],"collection":[{"href":"https:\/\/www.egemtv.com\/index.php?rest_route=\/wp\/v2\/posts"}],"about":[{"href":"https:\/\/www.egemtv.com\/index.php?rest_route=\/wp\/v2\/types\/post"}],"author":[{"embeddable":true,"href":"https:\/\/www.egemtv.com\/index.php?rest_route=\/wp\/v2\/users\/1"}],"replies":[{"embeddable":true,"href":"https:\/\/www.egemtv.com\/index.php?rest_route=%2Fwp%2Fv2%2Fcomments&post=16089"}],"version-history":[{"count":1,"href":"https:\/\/www.egemtv.com\/index.php?rest_route=\/wp\/v2\/posts\/16089\/revisions"}],"predecessor-version":[{"id":16091,"href":"https:\/\/www.egemtv.com\/index.php?rest_route=\/wp\/v2\/posts\/16089\/revisions\/16091"}],"wp:featuredmedia":[{"embeddable":true,"href":"https:\/\/www.egemtv.com\/index.php?rest_route=\/wp\/v2\/media\/16090"}],"wp:attachment":[{"href":"https:\/\/www.egemtv.com\/index.php?rest_route=%2Fwp%2Fv2%2Fmedia&parent=16089"}],"wp:term":[{"taxonomy":"category","embeddable":true,"href":"https:\/\/www.egemtv.com\/index.php?rest_route=%2Fwp%2Fv2%2Fcategories&post=16089"},{"taxonomy":"post_tag","embeddable":true,"href":"https:\/\/www.egemtv.com\/index.php?rest_route=%2Fwp%2Fv2%2Ftags&post=16089"}],"curies":[{"name":"wp","href":"https:\/\/api.w.org\/{rel}","templated":true}]}}