{"id":16083,"date":"2025-02-06T10:58:13","date_gmt":"2025-02-06T07:58:13","guid":{"rendered":"https:\/\/www.egemtv.com\/?p=16083"},"modified":"2025-02-06T10:58:17","modified_gmt":"2025-02-06T07:58:17","slug":"kopege-carpmamak-icin-manevra-yapan-otomobil-tarlaya-uctu-2-yarali","status":"publish","type":"post","link":"https:\/\/www.egemtv.com\/?p=16083","title":{"rendered":"K\u00f6pe\u011fe \u00e7arpmamak i\u00e7in manevra yapan otomobil tarlaya u\u00e7tu: 2 yaral\u0131"},"content":{"rendered":"<p>Isparta\u2019n\u0131n Yalva\u00e7 il\u00e7esinde k\u00f6pe\u011fe \u00e7arpmamak i\u00e7in manevra yapan otomobil tarlaya u\u00e7tu. Kazada 2 ki\u015fi yaraland\u0131.<br \/>\n<br \/>Kaza, gece saatlerinde Isparta-Yalva\u00e7 Karayolu Abac\u0131lar Mahallesi Pelitlik mevkiinde meydana geldi. Edinilen bilgilere g\u00f6re, seyir halinde olan Mustafa \u00c7. idaresindeki 03 AGL 607 plakal\u0131 otomobilin \u00f6n\u00fcne aniden bir k\u00f6pek \u00e7\u0131kt\u0131. K\u00f6pe\u011fe \u00e7arpmamak i\u00e7in manevra yapan s\u00fcr\u00fcc\u00fc direksiyon hakimiyetini kaybederek karayolu \u00fczerindeki y\u00f6n ve ikaz levhas\u0131na \u00e7arpt\u0131ktan sonra tarlaya u\u00e7tu. Kazada s\u00fcr\u00fcc\u00fc Mustafa \u00c7. ile otomobilde yolcu olarak bulunan Kadriye \u00c7. yaraland\u0131. \u0130hbar \u00fczerine olay yerine jandarma ve sa\u011fl\u0131k ekipleri sevk edildi. Sa\u011fl\u0131k ekiplerinin ilk m\u00fcdahalesinin ard\u0131ndan yaral\u0131lar, Yalva\u00e7 Devlet Hastanesi\u2019ne kald\u0131r\u0131ld\u0131. Kazayla ilgili inceleme ba\u015flat\u0131ld\u0131.<br \/><\/p>\n","protected":false},"excerpt":{"rendered":"<p>Isparta\u2019n\u0131n Yalva\u00e7 il\u00e7esinde k\u00f6pe\u011fe \u00e7arpmamak i\u00e7in manevra yapan otomobil tarlaya u\u00e7tu. Kazada 2 ki\u015fi yaraland\u0131. Kaza, gece saatlerinde Isparta-Yalva\u00e7 Karayolu Abac\u0131lar Mahallesi Pelitlik mevkiinde meydana geldi. Edinilen bilgilere g\u00f6re, seyir halinde olan Mustafa \u00c7. idaresindeki 03 AGL 607 plakal\u0131 otomobilin \u00f6n\u00fcne aniden bir k\u00f6pek \u00e7\u0131kt\u0131. K\u00f6pe\u011fe \u00e7arpmamak i\u00e7in manevra yapan s\u00fcr\u00fcc\u00fc direksiyon hakimiyetini kaybederek karayolu&#8230;<\/p>\n","protected":false},"author":1,"featured_media":16084,"comment_status":"open","ping_status":"open","sticky":false,"template":"","format":"standard","meta":{"_crdt_document":"","footnotes":""},"categories":[5],"tags":[],"class_list":["post-16083","post","type-post","status-publish","format-standard","has-post-thumbnail","hentry","category-asayis"],"_links":{"self":[{"href":"https:\/\/www.egemtv.com\/index.php?rest_route=\/wp\/v2\/posts\/16083","targetHints":{"allow":["GET"]}}],"collection":[{"href":"https:\/\/www.egemtv.com\/index.php?rest_route=\/wp\/v2\/posts"}],"about":[{"href":"https:\/\/www.egemtv.com\/index.php?rest_route=\/wp\/v2\/types\/post"}],"author":[{"embeddable":true,"href":"https:\/\/www.egemtv.com\/index.php?rest_route=\/wp\/v2\/users\/1"}],"replies":[{"embeddable":true,"href":"https:\/\/www.egemtv.com\/index.php?rest_route=%2Fwp%2Fv2%2Fcomments&post=16083"}],"version-history":[{"count":1,"href":"https:\/\/www.egemtv.com\/index.php?rest_route=\/wp\/v2\/posts\/16083\/revisions"}],"predecessor-version":[{"id":16085,"href":"https:\/\/www.egemtv.com\/index.php?rest_route=\/wp\/v2\/posts\/16083\/revisions\/16085"}],"wp:featuredmedia":[{"embeddable":true,"href":"https:\/\/www.egemtv.com\/index.php?rest_route=\/wp\/v2\/media\/16084"}],"wp:attachment":[{"href":"https:\/\/www.egemtv.com\/index.php?rest_route=%2Fwp%2Fv2%2Fmedia&parent=16083"}],"wp:term":[{"taxonomy":"category","embeddable":true,"href":"https:\/\/www.egemtv.com\/index.php?rest_route=%2Fwp%2Fv2%2Fcategories&post=16083"},{"taxonomy":"post_tag","embeddable":true,"href":"https:\/\/www.egemtv.com\/index.php?rest_route=%2Fwp%2Fv2%2Ftags&post=16083"}],"curies":[{"name":"wp","href":"https:\/\/api.w.org\/{rel}","templated":true}]}}