{"id":16080,"date":"2025-02-06T10:56:42","date_gmt":"2025-02-06T07:56:42","guid":{"rendered":"https:\/\/www.egemtv.com\/?p=16080"},"modified":"2025-02-06T10:56:46","modified_gmt":"2025-02-06T07:56:46","slug":"vali-musa-isindan-hafizlik-proje-okullarina-ziyaret","status":"publish","type":"post","link":"https:\/\/www.egemtv.com\/?p=16080","title":{"rendered":"Vali Musa I\u015f\u0131n\u2019dan haf\u0131zl\u0131k proje okullar\u0131na ziyaret"},"content":{"rendered":"<p>K\u00fctahya Valisi Musa I\u015f\u0131n, haf\u0131zl\u0131k e\u011fitimi veren proje okullar\u0131 b\u00fcnyesindeki Emir Sultan Erkek Kur\u2019an Kursu ve Hesna K\u00f6ksal-Hayme Hatun K\u0131z Kur\u2019an Kursu\u2019nu ziyaret etti. Ziyarette kendisine K\u00fctahya \u0130l M\u00fcft\u00fcs\u00fc \u0130rfan A\u00e7\u0131k e\u015flik etti.<br \/>\n<br \/>\u00d6\u011frencilerle bir araya gelen Vali I\u015f\u0131n, onlarla sohbet ederek istek ve ihtiya\u00e7lar\u0131n\u0131 dinledi. \u00d6\u011frencilere hitaben yapt\u0131\u011f\u0131 konu\u015fmada, haf\u0131zl\u0131k e\u011fitimi alman\u0131n \u00f6nemine vurgu yaparak, &#8220;Siz Allah\u2019\u0131n se\u00e7kin kullar\u0131s\u0131n\u0131z, sizleri ve ailelerinizi tebrik ediyorum. Sizlere bu e\u011fitimi veren \u00f6\u011fretmenlerinizi de kutluyorum. Tertemizsiniz, Allah sizleri muhafaza etsin. \u00c7ok g\u00fczel bir e\u011fitim al\u0131yorsunuz; ne mutlu sizlere. Ben de 12 ya\u015f\u0131nda Kur\u2019an-\u0131 Kerim okumay\u0131 \u00f6\u011frendim ve her g\u00fcn okumaya devam ediyorum. Sadece okumakla kalmay\u0131p anlam\u0131n\u0131 da \u00f6\u011freniyorum. Sizler de mutlaka \u00f6yle yap\u0131n. Allah sizleri devletine hizmet eden insanlar eylesin&#8221; dedi.<br \/>\n<br \/>Ayr\u0131ca \u00f6\u011frencilerin g\u00fc\u00e7l\u00fc haf\u0131zas\u0131na dikkat \u00e7eken Vali I\u015f\u0131n, &#8220;Sizlerin haf\u0131zas\u0131 \u00e7ok g\u00fc\u00e7l\u00fc, kolay \u00f6\u011freniyorsunuz; hepiniz \u00e7ok zekisiniz&#8221; diyerek onlara moral verdi.<br \/>\n<br \/>Ziyaret kapsam\u0131nda, \u0130l M\u00fcft\u00fcs\u00fc \u0130rfan A\u00e7\u0131k ve kurs yetkililerinden Kur\u2019an kurslar\u0131 hakk\u0131nda detayl\u0131 bilgi alan Vali I\u015f\u0131n, toplamda 112 erkek ve 72 k\u0131z \u00f6\u011frencinin e\u011fitim g\u00f6rd\u00fc\u011f\u00fc kurslarda, yat\u0131l\u0131 olarak kalan \u00f6\u011frencilerin de bulundu\u011funu \u00f6\u011frendi.<br \/>\n<br \/>Program, \u00f6\u011frencilerin Kur\u2019an-\u0131 Kerim tilaveti ve \u00f6\u011frencilere hediyelerin takdim edilmesiyle sona erdi.<br \/><\/p>\n","protected":false},"excerpt":{"rendered":"<p>K\u00fctahya Valisi Musa I\u015f\u0131n, haf\u0131zl\u0131k e\u011fitimi veren proje okullar\u0131 b\u00fcnyesindeki Emir Sultan Erkek Kur\u2019an Kursu ve Hesna K\u00f6ksal-Hayme Hatun K\u0131z Kur\u2019an Kursu\u2019nu ziyaret etti. Ziyarette kendisine K\u00fctahya \u0130l M\u00fcft\u00fcs\u00fc \u0130rfan A\u00e7\u0131k e\u015flik etti. \u00d6\u011frencilerle bir araya gelen Vali I\u015f\u0131n, onlarla sohbet ederek istek ve ihtiya\u00e7lar\u0131n\u0131 dinledi. \u00d6\u011frencilere hitaben yapt\u0131\u011f\u0131 konu\u015fmada, haf\u0131zl\u0131k e\u011fitimi alman\u0131n \u00f6nemine vurgu&#8230;<\/p>\n","protected":false},"author":1,"featured_media":16081,"comment_status":"open","ping_status":"open","sticky":false,"template":"","format":"standard","meta":{"_crdt_document":"","footnotes":""},"categories":[1],"tags":[],"class_list":["post-16080","post","type-post","status-publish","format-standard","has-post-thumbnail","hentry","category-guncel"],"_links":{"self":[{"href":"https:\/\/www.egemtv.com\/index.php?rest_route=\/wp\/v2\/posts\/16080","targetHints":{"allow":["GET"]}}],"collection":[{"href":"https:\/\/www.egemtv.com\/index.php?rest_route=\/wp\/v2\/posts"}],"about":[{"href":"https:\/\/www.egemtv.com\/index.php?rest_route=\/wp\/v2\/types\/post"}],"author":[{"embeddable":true,"href":"https:\/\/www.egemtv.com\/index.php?rest_route=\/wp\/v2\/users\/1"}],"replies":[{"embeddable":true,"href":"https:\/\/www.egemtv.com\/index.php?rest_route=%2Fwp%2Fv2%2Fcomments&post=16080"}],"version-history":[{"count":1,"href":"https:\/\/www.egemtv.com\/index.php?rest_route=\/wp\/v2\/posts\/16080\/revisions"}],"predecessor-version":[{"id":16082,"href":"https:\/\/www.egemtv.com\/index.php?rest_route=\/wp\/v2\/posts\/16080\/revisions\/16082"}],"wp:featuredmedia":[{"embeddable":true,"href":"https:\/\/www.egemtv.com\/index.php?rest_route=\/wp\/v2\/media\/16081"}],"wp:attachment":[{"href":"https:\/\/www.egemtv.com\/index.php?rest_route=%2Fwp%2Fv2%2Fmedia&parent=16080"}],"wp:term":[{"taxonomy":"category","embeddable":true,"href":"https:\/\/www.egemtv.com\/index.php?rest_route=%2Fwp%2Fv2%2Fcategories&post=16080"},{"taxonomy":"post_tag","embeddable":true,"href":"https:\/\/www.egemtv.com\/index.php?rest_route=%2Fwp%2Fv2%2Ftags&post=16080"}],"curies":[{"name":"wp","href":"https:\/\/api.w.org\/{rel}","templated":true}]}}