{"id":16077,"date":"2025-02-06T10:56:37","date_gmt":"2025-02-06T07:56:37","guid":{"rendered":"https:\/\/www.egemtv.com\/?p=16077"},"modified":"2025-02-06T10:56:41","modified_gmt":"2025-02-06T07:56:41","slug":"kutahya-belediye-meclisinde-gundem-maddeleri-gorusulerek-karara-baglandi","status":"publish","type":"post","link":"https:\/\/www.egemtv.com\/?p=16077","title":{"rendered":"K\u00fctahya Belediye Meclisi\u2019nde g\u00fcndem maddeleri g\u00f6r\u00fc\u015f\u00fclerek karara ba\u011fland\u0131"},"content":{"rendered":"<p>K\u00fctahya Belediye Meclisi 2. D\u00f6nem 2. Ola\u011fan Toplant\u0131s\u0131, Belediye Ba\u015fkan\u0131 Ey\u00fcp Kahveci ba\u015fkanl\u0131\u011f\u0131nda, Belediye Meclis Salonu\u2019nda ger\u00e7ekle\u015ftirildi. Toplant\u0131da, g\u00fcndem maddeleri g\u00f6r\u00fc\u015f\u00fclerek karara ba\u011fland\u0131.<br \/>\n<br \/>Meclis g\u00fcndeminde \u00f6ne \u00e7\u0131kan konular aras\u0131nda; Tefti\u015f Kurulu M\u00fcd\u00fcrl\u00fc\u011f\u00fcn\u00fcn ihdas edilmesi, memur bo\u015f\/dolu kadro derece de\u011fi\u015fikli\u011fi, Sosyal Yard\u0131m \u0130\u015fleri M\u00fcd\u00fcrl\u00fc\u011f\u00fc b\u00fcnyesinde evde bak\u0131m hizmetlerinin art\u0131r\u0131lmas\u0131 ve bu hizmetlerin engelli, ya\u015fl\u0131 ve hasta vatanda\u015flara daha etkin sunulabilmesi i\u00e7in 1 adet minib\u00fcs\u00fcn T cetveline eklenmesi, tar\u0131m ve hayvanc\u0131l\u0131\u011f\u0131 te\u015fvik amac\u0131yla k\u00f6yden mahalleye d\u00f6n\u00fc\u015fen yerle\u015fim alanlar\u0131nda ya\u015fayan \u00e7ift\u00e7ilere yem bitkisi tohumu da\u011f\u0131t\u0131m\u0131 imar d\u00fczenlemeleri yer ald\u0131.<br \/><\/p>\n","protected":false},"excerpt":{"rendered":"<p>K\u00fctahya Belediye Meclisi 2. D\u00f6nem 2. Ola\u011fan Toplant\u0131s\u0131, Belediye Ba\u015fkan\u0131 Ey\u00fcp Kahveci ba\u015fkanl\u0131\u011f\u0131nda, Belediye Meclis Salonu\u2019nda ger\u00e7ekle\u015ftirildi. Toplant\u0131da, g\u00fcndem maddeleri g\u00f6r\u00fc\u015f\u00fclerek karara ba\u011fland\u0131. Meclis g\u00fcndeminde \u00f6ne \u00e7\u0131kan konular aras\u0131nda; Tefti\u015f Kurulu M\u00fcd\u00fcrl\u00fc\u011f\u00fcn\u00fcn ihdas edilmesi, memur bo\u015f\/dolu kadro derece de\u011fi\u015fikli\u011fi, Sosyal Yard\u0131m \u0130\u015fleri M\u00fcd\u00fcrl\u00fc\u011f\u00fc b\u00fcnyesinde evde bak\u0131m hizmetlerinin art\u0131r\u0131lmas\u0131 ve bu hizmetlerin engelli, ya\u015fl\u0131 ve hasta&#8230;<\/p>\n","protected":false},"author":1,"featured_media":16078,"comment_status":"open","ping_status":"open","sticky":false,"template":"","format":"standard","meta":{"_crdt_document":"","footnotes":""},"categories":[123],"tags":[],"class_list":["post-16077","post","type-post","status-publish","format-standard","has-post-thumbnail","hentry","category-gundem"],"_links":{"self":[{"href":"https:\/\/www.egemtv.com\/index.php?rest_route=\/wp\/v2\/posts\/16077","targetHints":{"allow":["GET"]}}],"collection":[{"href":"https:\/\/www.egemtv.com\/index.php?rest_route=\/wp\/v2\/posts"}],"about":[{"href":"https:\/\/www.egemtv.com\/index.php?rest_route=\/wp\/v2\/types\/post"}],"author":[{"embeddable":true,"href":"https:\/\/www.egemtv.com\/index.php?rest_route=\/wp\/v2\/users\/1"}],"replies":[{"embeddable":true,"href":"https:\/\/www.egemtv.com\/index.php?rest_route=%2Fwp%2Fv2%2Fcomments&post=16077"}],"version-history":[{"count":1,"href":"https:\/\/www.egemtv.com\/index.php?rest_route=\/wp\/v2\/posts\/16077\/revisions"}],"predecessor-version":[{"id":16079,"href":"https:\/\/www.egemtv.com\/index.php?rest_route=\/wp\/v2\/posts\/16077\/revisions\/16079"}],"wp:featuredmedia":[{"embeddable":true,"href":"https:\/\/www.egemtv.com\/index.php?rest_route=\/wp\/v2\/media\/16078"}],"wp:attachment":[{"href":"https:\/\/www.egemtv.com\/index.php?rest_route=%2Fwp%2Fv2%2Fmedia&parent=16077"}],"wp:term":[{"taxonomy":"category","embeddable":true,"href":"https:\/\/www.egemtv.com\/index.php?rest_route=%2Fwp%2Fv2%2Fcategories&post=16077"},{"taxonomy":"post_tag","embeddable":true,"href":"https:\/\/www.egemtv.com\/index.php?rest_route=%2Fwp%2Fv2%2Ftags&post=16077"}],"curies":[{"name":"wp","href":"https:\/\/api.w.org\/{rel}","templated":true}]}}