{"id":16074,"date":"2025-02-06T10:56:33","date_gmt":"2025-02-06T07:56:33","guid":{"rendered":"https:\/\/www.egemtv.com\/?p=16074"},"modified":"2025-02-06T10:56:37","modified_gmt":"2025-02-06T07:56:37","slug":"kutahya-belediyesinden-kis-mesaisi-ekipler-sahada","status":"publish","type":"post","link":"https:\/\/www.egemtv.com\/?p=16074","title":{"rendered":"K\u00fctahya Belediyesi\u2019nden k\u0131\u015f mesaisi, ekipler sahada"},"content":{"rendered":"<p>K\u00fctahya Belediyesi, \u015fehrin y\u00fcksek kesimlerinde etkili olan kar ya\u011f\u0131\u015f\u0131na kar\u015f\u0131 k\u0131\u015f mesaisine ba\u015flad\u0131. Ekipler, yollar\u0131n g\u00fcvenli\u011fini sa\u011flamak amac\u0131yla tuzlama \u00e7al\u0131\u015fmalar\u0131na h\u0131z verirken, kar ya\u011f\u0131\u015f\u0131n\u0131n seyrine g\u00f6re kar k\u00fcreme ve di\u011fer m\u00fcdahale faaliyetleri de 7\/24 s\u00fcrd\u00fcr\u00fclecek.<br \/>\n<br \/>Belediyeden yap\u0131lan a\u00e7\u0131klamada, ekiplerin haz\u0131r ve teyakkuzda oldu\u011fu belirtilerek, &#8220;Anl\u0131k geli\u015fmeleri yak\u0131ndan takip ediyor, yollar\u0131n a\u00e7\u0131k kalmas\u0131 i\u00e7in \u00e7al\u0131\u015fmalar\u0131m\u0131za aral\u0131ks\u0131z devam ediyoruz&#8221; denildi.<br \/>\n<br \/>Vatanda\u015flar\u0131n muhtemel olumsuzluklara kar\u015f\u0131 dikkatli olmas\u0131 ve belediyenin y\u00f6nlendirmelerini takip etmesi istendi.<br \/><\/p>\n","protected":false},"excerpt":{"rendered":"<p>K\u00fctahya Belediyesi, \u015fehrin y\u00fcksek kesimlerinde etkili olan kar ya\u011f\u0131\u015f\u0131na kar\u015f\u0131 k\u0131\u015f mesaisine ba\u015flad\u0131. Ekipler, yollar\u0131n g\u00fcvenli\u011fini sa\u011flamak amac\u0131yla tuzlama \u00e7al\u0131\u015fmalar\u0131na h\u0131z verirken, kar ya\u011f\u0131\u015f\u0131n\u0131n seyrine g\u00f6re kar k\u00fcreme ve di\u011fer m\u00fcdahale faaliyetleri de 7\/24 s\u00fcrd\u00fcr\u00fclecek. Belediyeden yap\u0131lan a\u00e7\u0131klamada, ekiplerin haz\u0131r ve teyakkuzda oldu\u011fu belirtilerek, &#8220;Anl\u0131k geli\u015fmeleri yak\u0131ndan takip ediyor, yollar\u0131n a\u00e7\u0131k kalmas\u0131 i\u00e7in \u00e7al\u0131\u015fmalar\u0131m\u0131za aral\u0131ks\u0131z&#8230;<\/p>\n","protected":false},"author":1,"featured_media":16075,"comment_status":"open","ping_status":"open","sticky":false,"template":"","format":"standard","meta":{"_crdt_document":"","footnotes":""},"categories":[1],"tags":[],"class_list":["post-16074","post","type-post","status-publish","format-standard","has-post-thumbnail","hentry","category-guncel"],"_links":{"self":[{"href":"https:\/\/www.egemtv.com\/index.php?rest_route=\/wp\/v2\/posts\/16074","targetHints":{"allow":["GET"]}}],"collection":[{"href":"https:\/\/www.egemtv.com\/index.php?rest_route=\/wp\/v2\/posts"}],"about":[{"href":"https:\/\/www.egemtv.com\/index.php?rest_route=\/wp\/v2\/types\/post"}],"author":[{"embeddable":true,"href":"https:\/\/www.egemtv.com\/index.php?rest_route=\/wp\/v2\/users\/1"}],"replies":[{"embeddable":true,"href":"https:\/\/www.egemtv.com\/index.php?rest_route=%2Fwp%2Fv2%2Fcomments&post=16074"}],"version-history":[{"count":1,"href":"https:\/\/www.egemtv.com\/index.php?rest_route=\/wp\/v2\/posts\/16074\/revisions"}],"predecessor-version":[{"id":16076,"href":"https:\/\/www.egemtv.com\/index.php?rest_route=\/wp\/v2\/posts\/16074\/revisions\/16076"}],"wp:featuredmedia":[{"embeddable":true,"href":"https:\/\/www.egemtv.com\/index.php?rest_route=\/wp\/v2\/media\/16075"}],"wp:attachment":[{"href":"https:\/\/www.egemtv.com\/index.php?rest_route=%2Fwp%2Fv2%2Fmedia&parent=16074"}],"wp:term":[{"taxonomy":"category","embeddable":true,"href":"https:\/\/www.egemtv.com\/index.php?rest_route=%2Fwp%2Fv2%2Fcategories&post=16074"},{"taxonomy":"post_tag","embeddable":true,"href":"https:\/\/www.egemtv.com\/index.php?rest_route=%2Fwp%2Fv2%2Ftags&post=16074"}],"curies":[{"name":"wp","href":"https:\/\/api.w.org\/{rel}","templated":true}]}}