{"id":16068,"date":"2025-02-06T10:56:22","date_gmt":"2025-02-06T07:56:22","guid":{"rendered":"https:\/\/www.egemtv.com\/?p=16068"},"modified":"2025-02-06T10:56:27","modified_gmt":"2025-02-06T07:56:27","slug":"denizlide-ogrenciler-sinavla-kendilerini-olcme-firsati-bulacak","status":"publish","type":"post","link":"https:\/\/www.egemtv.com\/?p=16068","title":{"rendered":"Denizli\u2019de \u00f6\u011frenciler s\u0131navla kendilerini \u00f6l\u00e7me f\u0131rsat\u0131 bulacak"},"content":{"rendered":"<p>Denizli\u2019de 4. s\u0131n\u0131ftan 11. s\u0131n\u0131fa kadar olan \u00f6\u011frenciler i\u00e7in akademik seviyelerini de\u011ferlendirmelerine ve eksiklerini g\u00f6rmelerine imkan tan\u0131yacak s\u0131nav ger\u00e7ekle\u015ftirilecek. 15-16 \u015eubat tarihlerinde \u00fccretsiz ger\u00e7ekle\u015ftirilecek s\u0131nava internet \u00fczerinden ba\u015fvuru yap\u0131labilecek.<\/p>\n<p>Denizli\u2019de her y\u0131l yo\u011fun kat\u0131l\u0131mla d\u00fczenlenen Ba\u015far\u0131ya \u00d6d\u00fcl S\u0131nav\u0131 i\u00e7in haz\u0131rl\u0131klar tamamlad\u0131. \u0130lkokul, ortaokul ve lise d\u00fczeyindeki \u00f6\u011frencilerin kat\u0131l\u0131m\u0131na a\u00e7\u0131k olan s\u0131nav, 4, 5, 6, 7, 8, 9, 10 ve 11. s\u0131n\u0131f \u00f6\u011frencilerini kaps\u0131yor. S\u0131nav, Denizli \u00c7\u00f6z\u00fcm Koleji\u2019nin Merkezefendi\u2019deki kamp\u00fcs\u00fcnde 15-16 \u015eubat tarihlerinde y\u00fcz y\u00fcze olarak yap\u0131lacak. \u00d6\u011frenciler bu s\u0131nav sayesinde akademik seviyelerini objektif bir \u015fekilde \u00f6l\u00e7ebilecek, varsa eksik konular\u0131n\u0131 belirleyerek kendilerini geli\u015ftirme f\u0131rsat\u0131 bulacak. \u00d6\u011frenciler, https:\/\/oarcozumkolejleri.k12net.com\/ adresinden kolayca s\u0131nav ba\u015fvurusunu yapabilecek.<\/p>\n<p>&#8220;\u00d6\u011frencilerin kendilerini denemeleri i\u00e7in bir f\u0131rsat&#8221;<br \/>\n<br \/>Denizli \u00c7\u00f6z\u00fcm Koleji Kurucu Orta\u011f\u0131 \u0130smail K\u0131yak, s\u0131nav s\u00fcreciyle ilgili yapt\u0131\u011f\u0131 a\u00e7\u0131klamada, e\u011fitime verdikleri \u00f6nemi vurgulad\u0131. Ba\u015far\u0131ya \u00d6d\u00fcl S\u0131nav\u0131\u2019na her y\u0131l b\u00fcy\u00fck bir ilgi oldu\u011funu belirten K\u0131yak, bu s\u0131nav\u0131n \u00f6\u011frenciler i\u00e7in \u00f6nemli bir f\u0131rsat sundu\u011funu belirterek, &#8220;Ba\u015far\u0131ya \u00d6d\u00fcl S\u0131nav\u0131, \u00f6\u011frencilerimize kendilerini test etme ve eksiklerini g\u00f6rme imkan\u0131 sunuyor. Ayn\u0131 zamanda ba\u015far\u0131l\u0131 olanlar i\u00e7in y\u00fczde 100\u2019e varan burs f\u0131rsat\u0131 da sa\u011fl\u0131yoruz. Gelece\u011fimizin teminat\u0131 gen\u00e7lerimiz i\u00e7in e\u011fitimde f\u0131rsat e\u015fitli\u011fini desteklemeye devam edece\u011fiz&#8221; diye konu\u015ftu.<br \/><\/p>\n","protected":false},"excerpt":{"rendered":"<p>Denizli\u2019de 4. s\u0131n\u0131ftan 11. s\u0131n\u0131fa kadar olan \u00f6\u011frenciler i\u00e7in akademik seviyelerini de\u011ferlendirmelerine ve eksiklerini g\u00f6rmelerine imkan tan\u0131yacak s\u0131nav ger\u00e7ekle\u015ftirilecek. 15-16 \u015eubat tarihlerinde \u00fccretsiz ger\u00e7ekle\u015ftirilecek s\u0131nava internet \u00fczerinden ba\u015fvuru yap\u0131labilecek. Denizli\u2019de her y\u0131l yo\u011fun kat\u0131l\u0131mla d\u00fczenlenen Ba\u015far\u0131ya \u00d6d\u00fcl S\u0131nav\u0131 i\u00e7in haz\u0131rl\u0131klar tamamlad\u0131. \u0130lkokul, ortaokul ve lise d\u00fczeyindeki \u00f6\u011frencilerin kat\u0131l\u0131m\u0131na a\u00e7\u0131k olan s\u0131nav, 4, 5, 6, 7,&#8230;<\/p>\n","protected":false},"author":1,"featured_media":16069,"comment_status":"open","ping_status":"open","sticky":false,"template":"","format":"standard","meta":{"_crdt_document":"","footnotes":""},"categories":[1],"tags":[],"class_list":["post-16068","post","type-post","status-publish","format-standard","has-post-thumbnail","hentry","category-guncel"],"_links":{"self":[{"href":"https:\/\/www.egemtv.com\/index.php?rest_route=\/wp\/v2\/posts\/16068","targetHints":{"allow":["GET"]}}],"collection":[{"href":"https:\/\/www.egemtv.com\/index.php?rest_route=\/wp\/v2\/posts"}],"about":[{"href":"https:\/\/www.egemtv.com\/index.php?rest_route=\/wp\/v2\/types\/post"}],"author":[{"embeddable":true,"href":"https:\/\/www.egemtv.com\/index.php?rest_route=\/wp\/v2\/users\/1"}],"replies":[{"embeddable":true,"href":"https:\/\/www.egemtv.com\/index.php?rest_route=%2Fwp%2Fv2%2Fcomments&post=16068"}],"version-history":[{"count":1,"href":"https:\/\/www.egemtv.com\/index.php?rest_route=\/wp\/v2\/posts\/16068\/revisions"}],"predecessor-version":[{"id":16070,"href":"https:\/\/www.egemtv.com\/index.php?rest_route=\/wp\/v2\/posts\/16068\/revisions\/16070"}],"wp:featuredmedia":[{"embeddable":true,"href":"https:\/\/www.egemtv.com\/index.php?rest_route=\/wp\/v2\/media\/16069"}],"wp:attachment":[{"href":"https:\/\/www.egemtv.com\/index.php?rest_route=%2Fwp%2Fv2%2Fmedia&parent=16068"}],"wp:term":[{"taxonomy":"category","embeddable":true,"href":"https:\/\/www.egemtv.com\/index.php?rest_route=%2Fwp%2Fv2%2Fcategories&post=16068"},{"taxonomy":"post_tag","embeddable":true,"href":"https:\/\/www.egemtv.com\/index.php?rest_route=%2Fwp%2Fv2%2Ftags&post=16068"}],"curies":[{"name":"wp","href":"https:\/\/api.w.org\/{rel}","templated":true}]}}