{"id":16059,"date":"2025-02-06T10:40:46","date_gmt":"2025-02-06T07:40:46","guid":{"rendered":"https:\/\/www.egemtv.com\/?p=16059"},"modified":"2025-02-06T10:40:51","modified_gmt":"2025-02-06T07:40:51","slug":"sultanhisarda-okul-servis-araclari-denetlendi","status":"publish","type":"post","link":"https:\/\/www.egemtv.com\/?p=16059","title":{"rendered":"Sultanhisar\u2019da okul servis ara\u00e7lar\u0131 denetlendi"},"content":{"rendered":"<p>Ayd\u0131n\u2019\u0131n Sultanhisar il\u00e7esinde emniyet ve jandarma ekipleri taraf\u0131ndan okul servis ara\u00e7lar\u0131 denetlendi.<\/p>\n<p>2024-2025 E\u011fitim-\u00d6\u011fretim Y\u0131l\u0131\u2019n\u0131n ikinci d\u00f6nemi t\u00fcm T\u00fcrkiye\u2019de oldu\u011fu gibi Sultanhisar il\u00e7esinde de 3 \u015eubat Pazartesi g\u00fcn\u00fc \u00e7alan ders ziliyle ba\u015flad\u0131. Bu kapsamda, \u00f6\u011frencilerin g\u00fcvenli bir \u015fekilde okula ula\u015fmalar\u0131n\u0131 sa\u011flamak amac\u0131yla il\u00e7edeki okul servis ara\u00e7lar\u0131 denetlendi. Sultanhisar \u0130l\u00e7e Emniyet Amirli\u011fi ve \u0130l\u00e7e Jandarma Komutanl\u0131\u011f\u0131, 16 okul servis arac\u0131n\u0131 titizlikle incelerken, \u00f6\u011frencilere de g\u00fcvenli seyahat hakk\u0131nda \u00f6nemli bilgiler verdi. \u0130l\u00e7e genelinde d\u00fczenlenen ve \u00f6\u011frencilerin okula giderken kar\u015f\u0131la\u015fabilecekleri tehlikelerin \u00f6nlenmesi amac\u0131yla b\u00fcy\u00fck \u00f6nem ta\u015f\u0131yan denetimler s\u0131ras\u0131nda, servis ara\u00e7lar\u0131n\u0131n yolcu ta\u015f\u0131ma kapasitesi, ara\u00e7lar\u0131n teknik durumu ve \u015fof\u00f6rlerin trafik kurallar\u0131na uyumu dikkatle kontrol edildi.<\/p>\n<p>Ayr\u0131ca, denetimler s\u0131ras\u0131nda 148 \u00f6\u011frenciye y\u00f6nelik de bilgilendirmelerde bulunuldu. \u00d6\u011frenciler, g\u00fcvenli yolculuk yapabilmeleri i\u00e7in trafik kurallar\u0131 hakk\u0131nda detayl\u0131 bir e\u011fitim ald\u0131. Emniyet ve jandarma yetkilileri, \u00e7ocuklar\u0131n servis ara\u00e7lar\u0131nda g\u00fcvenli bir \u015fekilde seyahat etmeleri i\u00e7in her zaman dikkatli olmalar\u0131 gerekti\u011fini vurgulad\u0131. \u00d6zellikle, emniyet kemeri takma al\u0131\u015fkanl\u0131\u011f\u0131n\u0131n kazand\u0131r\u0131lmas\u0131 gerekti\u011fi, okul servislerinin h\u0131z limitlerine uymas\u0131 gerekti\u011fi gibi \u00f6nemli bilgiler aktar\u0131ld\u0131.<\/p>\n<p>Sultanhisar \u0130l\u00e7e Emniyet M\u00fcd\u00fcrl\u00fc\u011f\u00fc ve \u0130l\u00e7e Jandarma Komutanl\u0131\u011f\u0131 ekipleri denetimlerin periyodik olarak yap\u0131laca\u011f\u0131n\u0131 ve g\u00fcvenli ula\u015f\u0131m\u0131n sa\u011flanmas\u0131 i\u00e7in s\u00fcrekli olarak \u00e7al\u0131\u015fmalar\u0131n s\u00fcrd\u00fcr\u00fclece\u011fini belirtti.<br \/><\/p>\n","protected":false},"excerpt":{"rendered":"<p>Ayd\u0131n\u2019\u0131n Sultanhisar il\u00e7esinde emniyet ve jandarma ekipleri taraf\u0131ndan okul servis ara\u00e7lar\u0131 denetlendi. 2024-2025 E\u011fitim-\u00d6\u011fretim Y\u0131l\u0131\u2019n\u0131n ikinci d\u00f6nemi t\u00fcm T\u00fcrkiye\u2019de oldu\u011fu gibi Sultanhisar il\u00e7esinde de 3 \u015eubat Pazartesi g\u00fcn\u00fc \u00e7alan ders ziliyle ba\u015flad\u0131. Bu kapsamda, \u00f6\u011frencilerin g\u00fcvenli bir \u015fekilde okula ula\u015fmalar\u0131n\u0131 sa\u011flamak amac\u0131yla il\u00e7edeki okul servis ara\u00e7lar\u0131 denetlendi. Sultanhisar \u0130l\u00e7e Emniyet Amirli\u011fi ve \u0130l\u00e7e Jandarma Komutanl\u0131\u011f\u0131,&#8230;<\/p>\n","protected":false},"author":1,"featured_media":16060,"comment_status":"open","ping_status":"open","sticky":false,"template":"","format":"standard","meta":{"_crdt_document":"","footnotes":""},"categories":[1],"tags":[],"class_list":["post-16059","post","type-post","status-publish","format-standard","has-post-thumbnail","hentry","category-guncel"],"_links":{"self":[{"href":"https:\/\/www.egemtv.com\/index.php?rest_route=\/wp\/v2\/posts\/16059","targetHints":{"allow":["GET"]}}],"collection":[{"href":"https:\/\/www.egemtv.com\/index.php?rest_route=\/wp\/v2\/posts"}],"about":[{"href":"https:\/\/www.egemtv.com\/index.php?rest_route=\/wp\/v2\/types\/post"}],"author":[{"embeddable":true,"href":"https:\/\/www.egemtv.com\/index.php?rest_route=\/wp\/v2\/users\/1"}],"replies":[{"embeddable":true,"href":"https:\/\/www.egemtv.com\/index.php?rest_route=%2Fwp%2Fv2%2Fcomments&post=16059"}],"version-history":[{"count":1,"href":"https:\/\/www.egemtv.com\/index.php?rest_route=\/wp\/v2\/posts\/16059\/revisions"}],"predecessor-version":[{"id":16061,"href":"https:\/\/www.egemtv.com\/index.php?rest_route=\/wp\/v2\/posts\/16059\/revisions\/16061"}],"wp:featuredmedia":[{"embeddable":true,"href":"https:\/\/www.egemtv.com\/index.php?rest_route=\/wp\/v2\/media\/16060"}],"wp:attachment":[{"href":"https:\/\/www.egemtv.com\/index.php?rest_route=%2Fwp%2Fv2%2Fmedia&parent=16059"}],"wp:term":[{"taxonomy":"category","embeddable":true,"href":"https:\/\/www.egemtv.com\/index.php?rest_route=%2Fwp%2Fv2%2Fcategories&post=16059"},{"taxonomy":"post_tag","embeddable":true,"href":"https:\/\/www.egemtv.com\/index.php?rest_route=%2Fwp%2Fv2%2Ftags&post=16059"}],"curies":[{"name":"wp","href":"https:\/\/api.w.org\/{rel}","templated":true}]}}