{"id":16056,"date":"2025-02-06T10:40:40","date_gmt":"2025-02-06T07:40:40","guid":{"rendered":"https:\/\/www.egemtv.com\/?p=16056"},"modified":"2025-02-06T10:40:45","modified_gmt":"2025-02-06T07:40:45","slug":"hirsizlik-sucundan-aranan-sahis-yakalandi","status":"publish","type":"post","link":"https:\/\/www.egemtv.com\/?p=16056","title":{"rendered":"H\u0131rs\u0131zl\u0131k su\u00e7undan aranan \u015fah\u0131s yakaland\u0131"},"content":{"rendered":"<p>Afyonkarahisar\u2019da h\u0131rs\u0131zl\u0131k su\u00e7undan 4 y\u0131l 4 ay hapis cezas\u0131 bulunan \u015fah\u0131s jandarma ekipleri taraf\u0131ndan yakalanarak cezaevine g\u00f6nderildi.<br \/>\n<br \/>Afyonkarahisar \u0130l Jandarma Komutanl\u0131\u011f\u0131, aranan \u015fah\u0131slar\u0131n tespiti ve yakalanmas\u0131na y\u00f6nelik \u00e7al\u0131\u015fmalar\u0131n\u0131 s\u00fcrd\u00fcr\u00fcyor. Bu \u00e7er\u00e7evede yap\u0131lan titiz \u00e7al\u0131\u015fmalar neticesinde; hakk\u0131nda haks\u0131z yere elde bulundurulan anahtarla kilit a\u00e7mak suretiyle h\u0131rs\u0131zl\u0131k su\u00e7undan 4 y\u0131l 4 ay hapis cezas\u0131 bulunan E.K. isimli \u015fah\u0131s \u00c7ay\u2019da yakaland\u0131. Yakalanan \u015fah\u0131s, \u00e7\u0131kar\u0131ld\u0131\u011f\u0131 mahkemece tutuklanarak Bolvadin T Tipi Kapal\u0131 Ceza \u0130nfaz Kurumuna teslim edildi.<br \/><\/p>\n","protected":false},"excerpt":{"rendered":"<p>Afyonkarahisar\u2019da h\u0131rs\u0131zl\u0131k su\u00e7undan 4 y\u0131l 4 ay hapis cezas\u0131 bulunan \u015fah\u0131s jandarma ekipleri taraf\u0131ndan yakalanarak cezaevine g\u00f6nderildi. Afyonkarahisar \u0130l Jandarma Komutanl\u0131\u011f\u0131, aranan \u015fah\u0131slar\u0131n tespiti ve yakalanmas\u0131na y\u00f6nelik \u00e7al\u0131\u015fmalar\u0131n\u0131 s\u00fcrd\u00fcr\u00fcyor. Bu \u00e7er\u00e7evede yap\u0131lan titiz \u00e7al\u0131\u015fmalar neticesinde; hakk\u0131nda haks\u0131z yere elde bulundurulan anahtarla kilit a\u00e7mak suretiyle h\u0131rs\u0131zl\u0131k su\u00e7undan 4 y\u0131l 4 ay hapis cezas\u0131 bulunan E.K. isimli&#8230;<\/p>\n","protected":false},"author":1,"featured_media":16057,"comment_status":"open","ping_status":"open","sticky":false,"template":"","format":"standard","meta":{"_crdt_document":"","footnotes":""},"categories":[5],"tags":[],"class_list":["post-16056","post","type-post","status-publish","format-standard","has-post-thumbnail","hentry","category-asayis"],"_links":{"self":[{"href":"https:\/\/www.egemtv.com\/index.php?rest_route=\/wp\/v2\/posts\/16056","targetHints":{"allow":["GET"]}}],"collection":[{"href":"https:\/\/www.egemtv.com\/index.php?rest_route=\/wp\/v2\/posts"}],"about":[{"href":"https:\/\/www.egemtv.com\/index.php?rest_route=\/wp\/v2\/types\/post"}],"author":[{"embeddable":true,"href":"https:\/\/www.egemtv.com\/index.php?rest_route=\/wp\/v2\/users\/1"}],"replies":[{"embeddable":true,"href":"https:\/\/www.egemtv.com\/index.php?rest_route=%2Fwp%2Fv2%2Fcomments&post=16056"}],"version-history":[{"count":1,"href":"https:\/\/www.egemtv.com\/index.php?rest_route=\/wp\/v2\/posts\/16056\/revisions"}],"predecessor-version":[{"id":16058,"href":"https:\/\/www.egemtv.com\/index.php?rest_route=\/wp\/v2\/posts\/16056\/revisions\/16058"}],"wp:featuredmedia":[{"embeddable":true,"href":"https:\/\/www.egemtv.com\/index.php?rest_route=\/wp\/v2\/media\/16057"}],"wp:attachment":[{"href":"https:\/\/www.egemtv.com\/index.php?rest_route=%2Fwp%2Fv2%2Fmedia&parent=16056"}],"wp:term":[{"taxonomy":"category","embeddable":true,"href":"https:\/\/www.egemtv.com\/index.php?rest_route=%2Fwp%2Fv2%2Fcategories&post=16056"},{"taxonomy":"post_tag","embeddable":true,"href":"https:\/\/www.egemtv.com\/index.php?rest_route=%2Fwp%2Fv2%2Ftags&post=16056"}],"curies":[{"name":"wp","href":"https:\/\/api.w.org\/{rel}","templated":true}]}}