{"id":16053,"date":"2025-02-06T10:40:36","date_gmt":"2025-02-06T07:40:36","guid":{"rendered":"https:\/\/www.egemtv.com\/?p=16053"},"modified":"2025-02-06T10:40:40","modified_gmt":"2025-02-06T07:40:40","slug":"tavsanli-hande-gul-anaokulunda-depremin-yil-donumu-anildi","status":"publish","type":"post","link":"https:\/\/www.egemtv.com\/?p=16053","title":{"rendered":"Tav\u015fanl\u0131 Hande G\u00fcl Anaokulu\u2019nda depremin y\u0131l d\u00f6n\u00fcm\u00fc an\u0131ld\u0131"},"content":{"rendered":"<p>K\u00fctahya\u2019n\u0131n Tav\u015fanl\u0131 il\u00e7esindeki Hande G\u00fcl Anaokulu\u2019nda, 6 \u015eubat\u2019ta meydana gelen b\u00fcy\u00fck depremde hayat\u0131n\u0131 kaybedenler an\u0131ld\u0131.<br \/>\n<br \/>Okul M\u00fcd\u00fcr\u00fc Nimet Uzan, &#8220;Asr\u0131n felaketi olarak adland\u0131r\u0131lan deprem \u00fczerinden iki y\u0131l ge\u00e7ti, ancak ac\u0131m\u0131z h\u00e2l\u00e2 ilk g\u00fcnk\u00fc gibi taze 6 \u015eubat 2023\u2019te Kahramanmara\u015f\u2019\u0131n Pazarc\u0131k il\u00e7esinde, saat 04.17\u2019de meydana gelen 7.7 b\u00fcy\u00fckl\u00fc\u011f\u00fcndeki deprem, 11 ilde b\u00fcy\u00fck y\u0131k\u0131ma neden oldu. On binlerce vatanda\u015f\u0131m\u0131z hayat\u0131n\u0131 kaybetti, milyonlarca insan evsiz kald\u0131. Bu b\u00fcy\u00fck felaket, T\u00fcrkiye tarihine bir yas ve dayan\u0131\u015fma g\u00fcn\u00fc olarak kaz\u0131nd\u0131. Hayat\u0131n\u0131 kaybedenleri rahmetle an\u0131yor, afetlere kar\u015f\u0131 bilin\u00e7li ve dayan\u0131\u015fma i\u00e7inde olma sorumlulu\u011fumuzu unutmayaca\u011f\u0131m\u0131za s\u00f6z veriyoruz.&#8221; dedi.<br \/>\n<br \/>Anma t\u00f6reninin ard\u0131ndan, \u00f6\u011fretmenler \u00f6\u011frencilere depremler ve yap\u0131lmas\u0131 gerekenler hakk\u0131nda bilgiler verdi. Deprem \u00f6ncesinde, s\u0131ras\u0131nda ve sonras\u0131nda al\u0131nmas\u0131 gereken \u00f6nlemler anlat\u0131ld\u0131. \u00d6\u011frencilere, deprem \u00e7antas\u0131 haz\u0131rlaman\u0131n \u00f6nemi ve deprem an\u0131nda g\u00fcvenli bir \u015fekilde saklanma y\u00f6ntemleri \u00f6\u011fretildi.<br \/><\/p>\n","protected":false},"excerpt":{"rendered":"<p>K\u00fctahya\u2019n\u0131n Tav\u015fanl\u0131 il\u00e7esindeki Hande G\u00fcl Anaokulu\u2019nda, 6 \u015eubat\u2019ta meydana gelen b\u00fcy\u00fck depremde hayat\u0131n\u0131 kaybedenler an\u0131ld\u0131. Okul M\u00fcd\u00fcr\u00fc Nimet Uzan, &#8220;Asr\u0131n felaketi olarak adland\u0131r\u0131lan deprem \u00fczerinden iki y\u0131l ge\u00e7ti, ancak ac\u0131m\u0131z h\u00e2l\u00e2 ilk g\u00fcnk\u00fc gibi taze 6 \u015eubat 2023\u2019te Kahramanmara\u015f\u2019\u0131n Pazarc\u0131k il\u00e7esinde, saat 04.17\u2019de meydana gelen 7.7 b\u00fcy\u00fckl\u00fc\u011f\u00fcndeki deprem, 11 ilde b\u00fcy\u00fck y\u0131k\u0131ma neden oldu. On&#8230;<\/p>\n","protected":false},"author":1,"featured_media":16054,"comment_status":"open","ping_status":"open","sticky":false,"template":"","format":"standard","meta":{"_crdt_document":"","footnotes":""},"categories":[1],"tags":[],"class_list":["post-16053","post","type-post","status-publish","format-standard","has-post-thumbnail","hentry","category-guncel"],"_links":{"self":[{"href":"https:\/\/www.egemtv.com\/index.php?rest_route=\/wp\/v2\/posts\/16053","targetHints":{"allow":["GET"]}}],"collection":[{"href":"https:\/\/www.egemtv.com\/index.php?rest_route=\/wp\/v2\/posts"}],"about":[{"href":"https:\/\/www.egemtv.com\/index.php?rest_route=\/wp\/v2\/types\/post"}],"author":[{"embeddable":true,"href":"https:\/\/www.egemtv.com\/index.php?rest_route=\/wp\/v2\/users\/1"}],"replies":[{"embeddable":true,"href":"https:\/\/www.egemtv.com\/index.php?rest_route=%2Fwp%2Fv2%2Fcomments&post=16053"}],"version-history":[{"count":1,"href":"https:\/\/www.egemtv.com\/index.php?rest_route=\/wp\/v2\/posts\/16053\/revisions"}],"predecessor-version":[{"id":16055,"href":"https:\/\/www.egemtv.com\/index.php?rest_route=\/wp\/v2\/posts\/16053\/revisions\/16055"}],"wp:featuredmedia":[{"embeddable":true,"href":"https:\/\/www.egemtv.com\/index.php?rest_route=\/wp\/v2\/media\/16054"}],"wp:attachment":[{"href":"https:\/\/www.egemtv.com\/index.php?rest_route=%2Fwp%2Fv2%2Fmedia&parent=16053"}],"wp:term":[{"taxonomy":"category","embeddable":true,"href":"https:\/\/www.egemtv.com\/index.php?rest_route=%2Fwp%2Fv2%2Fcategories&post=16053"},{"taxonomy":"post_tag","embeddable":true,"href":"https:\/\/www.egemtv.com\/index.php?rest_route=%2Fwp%2Fv2%2Ftags&post=16053"}],"curies":[{"name":"wp","href":"https:\/\/api.w.org\/{rel}","templated":true}]}}