{"id":16050,"date":"2025-02-06T10:40:31","date_gmt":"2025-02-06T07:40:31","guid":{"rendered":"https:\/\/www.egemtv.com\/?p=16050"},"modified":"2025-02-06T10:40:35","modified_gmt":"2025-02-06T07:40:35","slug":"vali-yardimcisi-ayrancidan-muftuluge-ziyaret","status":"publish","type":"post","link":"https:\/\/www.egemtv.com\/?p=16050","title":{"rendered":"Vali Yard\u0131mc\u0131s\u0131 Ayranc\u0131\u2019dan, m\u00fcft\u00fcl\u00fc\u011fe ziyaret"},"content":{"rendered":"<p>Afyonkarahisar \u0130l M\u00fcft\u00fcl\u00fc\u011f\u00fcn\u00fc ziyaret eden Vali Yard\u0131mc\u0131s\u0131 \u0130hsan Ayranc\u0131, kurumun \u00e7al\u0131\u015fmalar\u0131 hakk\u0131nda M\u00fcft\u00fc \u0130mamo\u011flu\u2019ndan brifing ald\u0131.<br \/>\n<br \/>Afyonkarahisar Vali Yard\u0131mc\u0131s\u0131 \u0130hsan Ayranc\u0131, \u0130l M\u00fcft\u00fcl\u00fc\u011f\u00fcn\u00fc ziyaret etti. Kurumun \u00e7al\u0131\u015fmalar\u0131 hakk\u0131nda Vali Yard\u0131mc\u0131s\u0131 Ayranc\u0131\u2019ya brifing veren M\u00fcft\u00fc L\u00fctf\u00fc \u0130mamo\u011flu ziyaretten duydu\u011fu memnuniyeti ifade ederek te\u015fekk\u00fcr etti. Vali Yard\u0131mc\u0131s\u0131 Ayranc\u0131 da, \u0130l M\u00fcft\u00fcs\u00fc \u0130mamo\u011flu\u2019na ve daire personeline \u00e7al\u0131\u015fmalar\u0131nda ba\u015far\u0131lar diledi.<br \/><\/p>\n","protected":false},"excerpt":{"rendered":"<p>Afyonkarahisar \u0130l M\u00fcft\u00fcl\u00fc\u011f\u00fcn\u00fc ziyaret eden Vali Yard\u0131mc\u0131s\u0131 \u0130hsan Ayranc\u0131, kurumun \u00e7al\u0131\u015fmalar\u0131 hakk\u0131nda M\u00fcft\u00fc \u0130mamo\u011flu\u2019ndan brifing ald\u0131. Afyonkarahisar Vali Yard\u0131mc\u0131s\u0131 \u0130hsan Ayranc\u0131, \u0130l M\u00fcft\u00fcl\u00fc\u011f\u00fcn\u00fc ziyaret etti. Kurumun \u00e7al\u0131\u015fmalar\u0131 hakk\u0131nda Vali Yard\u0131mc\u0131s\u0131 Ayranc\u0131\u2019ya brifing veren M\u00fcft\u00fc L\u00fctf\u00fc \u0130mamo\u011flu ziyaretten duydu\u011fu memnuniyeti ifade ederek te\u015fekk\u00fcr etti. Vali Yard\u0131mc\u0131s\u0131 Ayranc\u0131 da, \u0130l M\u00fcft\u00fcs\u00fc \u0130mamo\u011flu\u2019na ve daire personeline \u00e7al\u0131\u015fmalar\u0131nda ba\u015far\u0131lar&#8230;<\/p>\n","protected":false},"author":1,"featured_media":16051,"comment_status":"open","ping_status":"open","sticky":false,"template":"","format":"standard","meta":{"_crdt_document":"","footnotes":""},"categories":[1],"tags":[],"class_list":["post-16050","post","type-post","status-publish","format-standard","has-post-thumbnail","hentry","category-guncel"],"_links":{"self":[{"href":"https:\/\/www.egemtv.com\/index.php?rest_route=\/wp\/v2\/posts\/16050","targetHints":{"allow":["GET"]}}],"collection":[{"href":"https:\/\/www.egemtv.com\/index.php?rest_route=\/wp\/v2\/posts"}],"about":[{"href":"https:\/\/www.egemtv.com\/index.php?rest_route=\/wp\/v2\/types\/post"}],"author":[{"embeddable":true,"href":"https:\/\/www.egemtv.com\/index.php?rest_route=\/wp\/v2\/users\/1"}],"replies":[{"embeddable":true,"href":"https:\/\/www.egemtv.com\/index.php?rest_route=%2Fwp%2Fv2%2Fcomments&post=16050"}],"version-history":[{"count":1,"href":"https:\/\/www.egemtv.com\/index.php?rest_route=\/wp\/v2\/posts\/16050\/revisions"}],"predecessor-version":[{"id":16052,"href":"https:\/\/www.egemtv.com\/index.php?rest_route=\/wp\/v2\/posts\/16050\/revisions\/16052"}],"wp:featuredmedia":[{"embeddable":true,"href":"https:\/\/www.egemtv.com\/index.php?rest_route=\/wp\/v2\/media\/16051"}],"wp:attachment":[{"href":"https:\/\/www.egemtv.com\/index.php?rest_route=%2Fwp%2Fv2%2Fmedia&parent=16050"}],"wp:term":[{"taxonomy":"category","embeddable":true,"href":"https:\/\/www.egemtv.com\/index.php?rest_route=%2Fwp%2Fv2%2Fcategories&post=16050"},{"taxonomy":"post_tag","embeddable":true,"href":"https:\/\/www.egemtv.com\/index.php?rest_route=%2Fwp%2Fv2%2Ftags&post=16050"}],"curies":[{"name":"wp","href":"https:\/\/api.w.org\/{rel}","templated":true}]}}