{"id":16047,"date":"2025-02-06T10:40:25","date_gmt":"2025-02-06T07:40:25","guid":{"rendered":"https:\/\/www.egemtv.com\/?p=16047"},"modified":"2025-02-06T10:40:30","modified_gmt":"2025-02-06T07:40:30","slug":"hapis-cezasi-ile-aranan-sahsi-jandarma-yakaladi","status":"publish","type":"post","link":"https:\/\/www.egemtv.com\/?p=16047","title":{"rendered":"Hapis cezas\u0131 ile aranan \u015fahs\u0131 jandarma yakalad\u0131"},"content":{"rendered":"<p>Afyonkarahisar\u2019da hakk\u0131nda 3 y\u0131l 9 ay hapis cezas\u0131 bulunan \u015fah\u0131s yakalanarak cezaevine g\u00f6nderildi.<br \/>\n<br \/>Afyonkarahisar \u0130l Jandarma Komutanl\u0131\u011f\u0131, aranan \u015fah\u0131slar\u0131n tespiti ve yakalanmas\u0131na y\u00f6nelik icra edilen \u00f6nleyici kolluk devriyelerini s\u00fcrd\u00fcr\u00fcyor. Bu \u00e7er\u00e7evede hakk\u0131nda kasten yaralama su\u00e7undan 3 y\u0131l 9 ay hapis cezas\u0131 bulunan M.R.A. isimli \u015fah\u0131s, \u0130hsaniye\u2019nin D\u00f6\u011fer Beldesi\u2019nde yakaland\u0131. Yakalanan \u015fah\u0131s \u00e7\u0131kar\u0131ld\u0131\u011f\u0131 mahkemece tutuklanarak Afyonkarahisar T Tipi Kapal\u0131 Ceza \u0130nfaz Kurumuna teslim edildi.<br \/><\/p>\n","protected":false},"excerpt":{"rendered":"<p>Afyonkarahisar\u2019da hakk\u0131nda 3 y\u0131l 9 ay hapis cezas\u0131 bulunan \u015fah\u0131s yakalanarak cezaevine g\u00f6nderildi. Afyonkarahisar \u0130l Jandarma Komutanl\u0131\u011f\u0131, aranan \u015fah\u0131slar\u0131n tespiti ve yakalanmas\u0131na y\u00f6nelik icra edilen \u00f6nleyici kolluk devriyelerini s\u00fcrd\u00fcr\u00fcyor. Bu \u00e7er\u00e7evede hakk\u0131nda kasten yaralama su\u00e7undan 3 y\u0131l 9 ay hapis cezas\u0131 bulunan M.R.A. isimli \u015fah\u0131s, \u0130hsaniye\u2019nin D\u00f6\u011fer Beldesi\u2019nde yakaland\u0131. Yakalanan \u015fah\u0131s \u00e7\u0131kar\u0131ld\u0131\u011f\u0131 mahkemece tutuklanarak Afyonkarahisar&#8230;<\/p>\n","protected":false},"author":1,"featured_media":16048,"comment_status":"open","ping_status":"open","sticky":false,"template":"","format":"standard","meta":{"_crdt_document":"","footnotes":""},"categories":[5],"tags":[],"class_list":["post-16047","post","type-post","status-publish","format-standard","has-post-thumbnail","hentry","category-asayis"],"_links":{"self":[{"href":"https:\/\/www.egemtv.com\/index.php?rest_route=\/wp\/v2\/posts\/16047","targetHints":{"allow":["GET"]}}],"collection":[{"href":"https:\/\/www.egemtv.com\/index.php?rest_route=\/wp\/v2\/posts"}],"about":[{"href":"https:\/\/www.egemtv.com\/index.php?rest_route=\/wp\/v2\/types\/post"}],"author":[{"embeddable":true,"href":"https:\/\/www.egemtv.com\/index.php?rest_route=\/wp\/v2\/users\/1"}],"replies":[{"embeddable":true,"href":"https:\/\/www.egemtv.com\/index.php?rest_route=%2Fwp%2Fv2%2Fcomments&post=16047"}],"version-history":[{"count":1,"href":"https:\/\/www.egemtv.com\/index.php?rest_route=\/wp\/v2\/posts\/16047\/revisions"}],"predecessor-version":[{"id":16049,"href":"https:\/\/www.egemtv.com\/index.php?rest_route=\/wp\/v2\/posts\/16047\/revisions\/16049"}],"wp:featuredmedia":[{"embeddable":true,"href":"https:\/\/www.egemtv.com\/index.php?rest_route=\/wp\/v2\/media\/16048"}],"wp:attachment":[{"href":"https:\/\/www.egemtv.com\/index.php?rest_route=%2Fwp%2Fv2%2Fmedia&parent=16047"}],"wp:term":[{"taxonomy":"category","embeddable":true,"href":"https:\/\/www.egemtv.com\/index.php?rest_route=%2Fwp%2Fv2%2Fcategories&post=16047"},{"taxonomy":"post_tag","embeddable":true,"href":"https:\/\/www.egemtv.com\/index.php?rest_route=%2Fwp%2Fv2%2Ftags&post=16047"}],"curies":[{"name":"wp","href":"https:\/\/api.w.org\/{rel}","templated":true}]}}