{"id":16044,"date":"2025-02-06T10:40:23","date_gmt":"2025-02-06T07:40:23","guid":{"rendered":"https:\/\/www.egemtv.com\/?p=16044"},"modified":"2025-02-06T10:40:25","modified_gmt":"2025-02-06T07:40:25","slug":"araclarinda-dolu-ve-bos-makaronlarla-yakalandilar","status":"publish","type":"post","link":"https:\/\/www.egemtv.com\/?p=16044","title":{"rendered":"Ara\u00e7lar\u0131nda dolu ve bo\u015f makaronlarla yakaland\u0131lar"},"content":{"rendered":"<p>Manisa\u2019da il merkezi ve Salihli il\u00e7esinde emniyet g\u00fc\u00e7leri taraf\u0131ndan arama yap\u0131lan iki ara\u00e7ta y\u00fcz binlerce bo\u015f ve dolu makaron ele ge\u00e7irildi. G\u00f6zalt\u0131na al\u0131nan 2 \u015f\u00fcpheli \u015fah\u0131s hakk\u0131nda adli i\u015flemlere ba\u015fland\u0131\u011f\u0131 bildirildi.<br \/>\n<br \/>Manisa \u0130l Emniyet M\u00fcd\u00fcrl\u00fc\u011f\u00fc Ka\u00e7ak\u00e7\u0131l\u0131k ve Organize Su\u00e7larla M\u00fccadele \u015eube M\u00fcd\u00fcrl\u00fc\u011f\u00fc, \u0130stihbarat \u015eube M\u00fcd\u00fcrl\u00fc\u011f\u00fc ve Salihli KOM B\u00fcro Amirli\u011fi g\u00f6revlilerince, \u2018T\u00fct\u00fcn ve t\u00fct\u00fcn mamulleri ka\u00e7ak\u00e7\u0131l\u0131\u011f\u0131n\u0131n\u2019 \u00f6nlenmesine y\u00f6nelik yap\u0131lan ortak \u00e7al\u0131\u015fma sonucunda il merkezinde B.Y. (31) isimli \u015fahs\u0131n arac\u0131nda yap\u0131lan aramada, 3 milyon 900 bin adet bo\u015f makaron, Salihli\u2019de Y.Y. (43) isimli \u015fahs\u0131n arac\u0131nda yap\u0131lan aramada ise 40 bin adet doldurulmu\u015f makaron ve 20 bin adet bo\u015f makaron ele ge\u00e7irildi. \u015e\u00fcpheli \u015fah\u0131slar hakk\u0131nda adli i\u015flemlerin ba\u015flat\u0131ld\u0131\u011f\u0131 a\u00e7\u0131kland\u0131.<br \/><\/p>\n","protected":false},"excerpt":{"rendered":"<p>Manisa\u2019da il merkezi ve Salihli il\u00e7esinde emniyet g\u00fc\u00e7leri taraf\u0131ndan arama yap\u0131lan iki ara\u00e7ta y\u00fcz binlerce bo\u015f ve dolu makaron ele ge\u00e7irildi. G\u00f6zalt\u0131na al\u0131nan 2 \u015f\u00fcpheli \u015fah\u0131s hakk\u0131nda adli i\u015flemlere ba\u015fland\u0131\u011f\u0131 bildirildi. Manisa \u0130l Emniyet M\u00fcd\u00fcrl\u00fc\u011f\u00fc Ka\u00e7ak\u00e7\u0131l\u0131k ve Organize Su\u00e7larla M\u00fccadele \u015eube M\u00fcd\u00fcrl\u00fc\u011f\u00fc, \u0130stihbarat \u015eube M\u00fcd\u00fcrl\u00fc\u011f\u00fc ve Salihli KOM B\u00fcro Amirli\u011fi g\u00f6revlilerince, \u2018T\u00fct\u00fcn ve t\u00fct\u00fcn mamulleri&#8230;<\/p>\n","protected":false},"author":1,"featured_media":16045,"comment_status":"open","ping_status":"open","sticky":false,"template":"","format":"standard","meta":{"_crdt_document":"","footnotes":""},"categories":[5],"tags":[],"class_list":["post-16044","post","type-post","status-publish","format-standard","has-post-thumbnail","hentry","category-asayis"],"_links":{"self":[{"href":"https:\/\/www.egemtv.com\/index.php?rest_route=\/wp\/v2\/posts\/16044","targetHints":{"allow":["GET"]}}],"collection":[{"href":"https:\/\/www.egemtv.com\/index.php?rest_route=\/wp\/v2\/posts"}],"about":[{"href":"https:\/\/www.egemtv.com\/index.php?rest_route=\/wp\/v2\/types\/post"}],"author":[{"embeddable":true,"href":"https:\/\/www.egemtv.com\/index.php?rest_route=\/wp\/v2\/users\/1"}],"replies":[{"embeddable":true,"href":"https:\/\/www.egemtv.com\/index.php?rest_route=%2Fwp%2Fv2%2Fcomments&post=16044"}],"version-history":[{"count":1,"href":"https:\/\/www.egemtv.com\/index.php?rest_route=\/wp\/v2\/posts\/16044\/revisions"}],"predecessor-version":[{"id":16046,"href":"https:\/\/www.egemtv.com\/index.php?rest_route=\/wp\/v2\/posts\/16044\/revisions\/16046"}],"wp:featuredmedia":[{"embeddable":true,"href":"https:\/\/www.egemtv.com\/index.php?rest_route=\/wp\/v2\/media\/16045"}],"wp:attachment":[{"href":"https:\/\/www.egemtv.com\/index.php?rest_route=%2Fwp%2Fv2%2Fmedia&parent=16044"}],"wp:term":[{"taxonomy":"category","embeddable":true,"href":"https:\/\/www.egemtv.com\/index.php?rest_route=%2Fwp%2Fv2%2Fcategories&post=16044"},{"taxonomy":"post_tag","embeddable":true,"href":"https:\/\/www.egemtv.com\/index.php?rest_route=%2Fwp%2Fv2%2Ftags&post=16044"}],"curies":[{"name":"wp","href":"https:\/\/api.w.org\/{rel}","templated":true}]}}