{"id":16040,"date":"2025-02-06T10:25:34","date_gmt":"2025-02-06T07:25:34","guid":{"rendered":"https:\/\/www.egemtv.com\/?p=16040"},"modified":"2025-02-06T10:25:42","modified_gmt":"2025-02-06T07:25:42","slug":"kiz-kardesler-gozlukten-ayni-gun-kurtuldu","status":"publish","type":"post","link":"https:\/\/www.egemtv.com\/?p=16040","title":{"rendered":"K\u0131z karde\u015fler g\u00f6zl\u00fckten ayn\u0131 g\u00fcn kurtuldu"},"content":{"rendered":"<p>Daha \u00f6nce Amerika\u2019dan gelen a\u011fabeylerini ameliyat eden Medicana Sa\u011fl\u0131k Grubu G\u00f6z Hastal\u0131klar\u0131 B\u00f6l\u00fcm\u00fc\u2019nden Op. Dr. G\u00f6khan Kerci, bu sefer \u00fc\u00e7 k\u0131z karde\u015fi ayn\u0131 g\u00fcn g\u00f6zl\u00fcklerinden kurtard\u0131. Yak\u0131n ve uzak g\u00f6rme problemleri olan Binnaz ve Selviye T\u00fcrkkan ile Ay\u015fe T\u00fcfek\u00e7i, ameliyatlar\u0131ndan saatler sonra g\u00f6zl\u00fcks\u00fcz yaz\u0131 okumay\u0131, el i\u015fi yapmay\u0131 denediklerini ve net olarak g\u00f6rebildiklerini fark ettiklerini anlatt\u0131.<br \/>\n<br \/>Amerika\u2019da ya\u015fayan Binnaz T\u00fcrkkan ile \u0130stanbul\u2019da oturan Selviye T\u00fcrkkan ve Ay\u015fe T\u00fcfek\u00e7i isimlerindeki \u00fc\u00e7 k\u0131z karde\u015f, g\u00f6rme sorunlar\u0131 i\u00e7in gittikleri muayenelerde ameliyat olmalar\u0131 gerekti\u011fi s\u00f6ylenince solu\u011fu \u0130zmir\u2019de ald\u0131. \u00dc\u00e7 y\u0131l \u00f6nce a\u011fabeylerinin ameliyat\u0131n\u0131 ger\u00e7ekle\u015ftiren Medicana International \u0130zmir Hastanesi G\u00f6z Hastal\u0131klar\u0131 Uzman\u0131 Op. Dr. G\u00f6khan Kerci\u2019ye muayene olan k\u0131z karde\u015flerin katarakt ameliyatlar\u0131 ayn\u0131 g\u00fcn yap\u0131ld\u0131. Op. Dr. G\u00f6khan Kerci, 10 dakika s\u00fcren katarakt ameliyat\u0131 sayesinde g\u00f6rme problemlerinin iyile\u015fti\u011fini s\u00f6yleyerek ameliyat\u0131n komplikasyon riskinin de olduk\u00e7a d\u00fc\u015f\u00fck oldu\u011funa dikkat \u00e7ekti.<\/p>\n<p>G\u00f6zl\u00fcks\u00fcz okumaya ba\u015flad\u0131lar<br \/>\n<br \/>51 ya\u015f\u0131ndaki Ay\u015fe T\u00fcfek\u00e7i, a\u011fabeyinin \u00fc\u00e7 y\u0131l \u00f6nce Medicana International \u0130zmir Hastanesinde mide k\u00fc\u00e7\u00fcltme ameliyat\u0131 oldu\u011funu, sa\u011fl\u0131k hizmetinden memnun kal\u0131nca Amerika\u2019da ya\u015fayan a\u011fabeyinin katarakt ameliyat\u0131n\u0131 da burada yapt\u0131rd\u0131\u011f\u0131n\u0131 anlatt\u0131. &#8220;O g\u00fcnden Op. Dr. G\u00f6khan Kerci\u2019ye ameliyat olmay\u0131 d\u00fc\u015f\u00fcn\u00fcyordum&#8221; diyen Ay\u015fe T\u00fcfek\u00e7i, &#8220;\u0130stanbul\u2019da ara\u015ft\u0131rma yapt\u0131m ama i\u00e7ime sinen bir isim olmad\u0131. Ablalar\u0131m\u0131 da al\u0131p Dr. G\u00f6khan Bey\u2019e gelmeye karar verdik. Burada ekip olarak hepsi bize \u00e7ok yard\u0131mc\u0131 oldular. D\u00fcn sa\u011f g\u00f6z\u00fcm\u00fczden ameliyat olduk. Bug\u00fcn de sol g\u00f6z\u00fcm\u00fczden ameliyat yap\u0131lacak. \u00dc\u00e7\u00fcm\u00fcz de \u00e7ok memnunuz. Hi\u00e7bir a\u011fr\u0131, s\u0131z\u0131 olmad\u0131. Yak\u0131n\u0131 g\u00f6rmekte zorlan\u0131yordum. G\u00f6zl\u00fck kullanmay\u0131 sevmedi\u011fim i\u00e7in ameliyat olmaya karar vermi\u015ftim. \u00c7ek Cumhuriyeti\u2019nde ya\u015fayan karde\u015fimiz de ilerleyen zamanda ameliyat olmaya buraya gelecek&#8221; diye konu\u015ftu.<br \/>\n<br \/>61 ya\u015f\u0131ndaki Binnaz T\u00fcrkkan, g\u00f6zl\u00fckle bile okumakta zorland\u0131\u011f\u0131 ve son d\u00f6nemlerde g\u00f6z k\u0131rpmalar\u0131 artt\u0131\u011f\u0131 i\u00e7in rahats\u0131zl\u0131k ya\u015fad\u0131\u011f\u0131n\u0131 s\u00f6yleyerek, &#8220;Dr. G\u00f6khan Bey i\u00e7in Amerika\u2019dan geldim. Operasyondan hemen sonra g\u00f6zl\u00fck ihtiyac\u0131 duymad\u0131\u011f\u0131m\u0131 fark ettim. S\u00fcrekli g\u00f6z k\u0131rpma refleksi de ge\u00e7ti. G\u00f6rme sorunum an\u0131nda d\u00fczeldi&#8221; dedi. 59 ya\u015f\u0131ndaki Selviye T\u00fcrkkan ise el i\u015fi yapt\u0131\u011f\u0131 i\u00e7in g\u00f6rme problemlerinin ba\u015flad\u0131\u011f\u0131n\u0131 belirterek, &#8220;\u015eimdi okuyabiliyorum, hatta el i\u015fi de yapabiliyorum. A\u011fr\u0131 ya da k\u0131zar\u0131kl\u0131k olmad\u0131&#8221; ifadesini kulland\u0131.<\/p>\n<p>Katarakt ameliyat\u0131 yakla\u015f\u0131k 10 dakika s\u00fcr\u00fcyor<br \/>\n<br \/>Op. Dr. G\u00f6khan Kerci, &#8220;Hem uza\u011f\u0131 hem yak\u0131n\u0131 g\u00f6remediklerini, gittikleri di\u011fer hastanelerde katarakt ameliyat\u0131, ak\u0131ll\u0131 lens (multifokal intraok\u00fcler lens) \u00f6nerildi\u011fini ve ameliyat\u0131 bizim yapmam\u0131z\u0131 istediklerini s\u00f6yleyerek arad\u0131lar. Katarakt ameliyat\u0131yla beraber takt\u0131\u011f\u0131m\u0131z lens sayesinde hem uza\u011f\u0131 hem yak\u0131n\u0131 hem orta mesafeyi g\u00f6rebilir hale geldiler&#8221; dedi. Mevcut cihazlardaki teknolojilerin ve intraok\u00fcler g\u00f6z i\u00e7i lenslerinin geli\u015fiminin, cerrahi operasyonlardan sonra \u00e7ok h\u0131zl\u0131 rehabilitasyon sa\u011flad\u0131\u011f\u0131n\u0131 ifade eden Op. Dr. G\u00f6khan Kerci, s\u00f6zlerine \u015f\u00f6yle devam etti: &#8220;Eskiden 3-5 g\u00fcn sonra g\u00f6rebilen hastalar, ameliyattan hemen \u00e7\u0131kar \u00e7\u0131kmaz g\u00f6rmeye ba\u015fl\u0131yorlar. T\u00fcm karde\u015fler \u00e7ok rahat ve konforlu bir ameliyat ge\u00e7irdiler. Kendileri de \u00e7ok uyumluydular. \u0130ki g\u00fcn sonras\u0131nda da evlerine mutlu bir \u015fekilde geri d\u00f6nd\u00fcler. Genellikle iki g\u00f6z\u00fc ayn\u0131 anda yapmay\u0131 tercih etmiyoruz. \u0130lk g\u00f6z\u00fcn iyile\u015fti\u011finden emin olduktan sonra di\u011fer g\u00f6z\u00fcn ameliyat\u0131n\u0131 yap\u0131yoruz. Katarakt ameliyat\u0131 yakla\u015f\u0131k 10 dakika s\u00fcrmekte ve uygun lenslerle hastan\u0131n g\u00f6zl\u00fckten kurtulmas\u0131 sa\u011flanabilmektedir.&#8221;<br \/><\/p>\n","protected":false},"excerpt":{"rendered":"<p>Daha \u00f6nce Amerika\u2019dan gelen a\u011fabeylerini ameliyat eden Medicana Sa\u011fl\u0131k Grubu G\u00f6z Hastal\u0131klar\u0131 B\u00f6l\u00fcm\u00fc\u2019nden Op. Dr. G\u00f6khan Kerci, bu sefer \u00fc\u00e7 k\u0131z karde\u015fi ayn\u0131 g\u00fcn g\u00f6zl\u00fcklerinden kurtard\u0131. Yak\u0131n ve uzak g\u00f6rme problemleri olan Binnaz ve Selviye T\u00fcrkkan ile Ay\u015fe T\u00fcfek\u00e7i, ameliyatlar\u0131ndan saatler sonra g\u00f6zl\u00fcks\u00fcz yaz\u0131 okumay\u0131, el i\u015fi yapmay\u0131 denediklerini ve net olarak g\u00f6rebildiklerini fark ettiklerini&#8230;<\/p>\n","protected":false},"author":1,"featured_media":16041,"comment_status":"open","ping_status":"open","sticky":false,"template":"","format":"standard","meta":{"_crdt_document":"","footnotes":""},"categories":[2],"tags":[],"class_list":["post-16040","post","type-post","status-publish","format-standard","has-post-thumbnail","hentry","category-saglik"],"_links":{"self":[{"href":"https:\/\/www.egemtv.com\/index.php?rest_route=\/wp\/v2\/posts\/16040","targetHints":{"allow":["GET"]}}],"collection":[{"href":"https:\/\/www.egemtv.com\/index.php?rest_route=\/wp\/v2\/posts"}],"about":[{"href":"https:\/\/www.egemtv.com\/index.php?rest_route=\/wp\/v2\/types\/post"}],"author":[{"embeddable":true,"href":"https:\/\/www.egemtv.com\/index.php?rest_route=\/wp\/v2\/users\/1"}],"replies":[{"embeddable":true,"href":"https:\/\/www.egemtv.com\/index.php?rest_route=%2Fwp%2Fv2%2Fcomments&post=16040"}],"version-history":[{"count":1,"href":"https:\/\/www.egemtv.com\/index.php?rest_route=\/wp\/v2\/posts\/16040\/revisions"}],"predecessor-version":[{"id":16042,"href":"https:\/\/www.egemtv.com\/index.php?rest_route=\/wp\/v2\/posts\/16040\/revisions\/16042"}],"wp:featuredmedia":[{"embeddable":true,"href":"https:\/\/www.egemtv.com\/index.php?rest_route=\/wp\/v2\/media\/16041"}],"wp:attachment":[{"href":"https:\/\/www.egemtv.com\/index.php?rest_route=%2Fwp%2Fv2%2Fmedia&parent=16040"}],"wp:term":[{"taxonomy":"category","embeddable":true,"href":"https:\/\/www.egemtv.com\/index.php?rest_route=%2Fwp%2Fv2%2Fcategories&post=16040"},{"taxonomy":"post_tag","embeddable":true,"href":"https:\/\/www.egemtv.com\/index.php?rest_route=%2Fwp%2Fv2%2Ftags&post=16040"}],"curies":[{"name":"wp","href":"https:\/\/api.w.org\/{rel}","templated":true}]}}