{"id":16037,"date":"2025-02-06T10:23:00","date_gmt":"2025-02-06T07:23:00","guid":{"rendered":"https:\/\/www.egemtv.com\/?p=16037"},"modified":"2025-02-06T10:23:08","modified_gmt":"2025-02-06T07:23:08","slug":"aydinda-diyabet-okulu-mezunlarini-verdi","status":"publish","type":"post","link":"https:\/\/www.egemtv.com\/?p=16037","title":{"rendered":"Ayd\u0131n\u2019da Diyabet Okulu mezunlar\u0131n\u0131 verdi"},"content":{"rendered":"<p>Halk aras\u0131nda \u015feker hastal\u0131\u011f\u0131 olarak bilinen, diyabetle do\u011fru bir \u015fekilde m\u00fccadele edilmesi amac\u0131yla Ayd\u0131n Devlet Hastanesi\u2019nde a\u00e7\u0131lan \u2019Diyabet Okulu\u2019 mezunlar\u0131n\u0131 verdi.<\/p>\n<p>Ayd\u0131n Devlet Hastanesi\u2019ndeki Diyabet Okulu e\u011fitimi ba\u015far\u0131yla tamamland\u0131. Diyabet Okulu\u2019nda d\u00fczenlenen e\u011fitimlere, hastalar ve hasta yak\u0131nlar\u0131 b\u00fcy\u00fck ilgi g\u00f6sterdi. E\u011fitimlerde, diyabet hastalar\u0131n\u0131n ihtiya\u00e7 duydu\u011fu bir\u00e7ok \u00f6nemli konu ele al\u0131nd\u0131. Kat\u0131l\u0131mc\u0131lar, hem teorik hem de pratik bilgilerle diyabetle ba\u015fa \u00e7\u0131kma y\u00f6ntemlerini \u00f6\u011frenme f\u0131rsat\u0131 buldu. E\u011fitimlerde diyabet nedir?, diyabette beslenme, diyabetin akut ve kronik komplikasyonlar\u0131n\u0131n \u00f6nlenmesi, kan \u015fekeri \u00f6l\u00e7\u00fcm\u00fc ve fiziksel aktivite gibi konular ele al\u0131nd\u0131. E\u011fitimler, Endokrinoloji Uzman\u0131 Uzm. Dr. O\u011fuzhan O\u011fuz, Diyabet Hem\u015fireleri Aysel Kaplan ve Ay\u015fe G\u00fcl \u00d6ztemel, Diyetisyen Deniz I\u015f\u0131k, Yara Bak\u0131m Hem\u015firesi P\u0131nar A\u00e7\u0131kg\u00f6z ve Fizyoterapist Banu G\u00f6kta\u015f taraf\u0131ndan verildi. Mezuniyet program\u0131nda konu\u015fan Ayd\u0131n Devlet Hastanesi Ba\u015fhekimi Prof. Dr. G\u00fclnur Ta\u015f\u00e7\u0131 Bozba\u015f, Diyabet Okulu\u2019na kat\u0131lmak isteyen hasta ve hasta yak\u0131nlar\u0131na, Ayd\u0131n Devlet Hastanesi ek binas\u0131nda bulunan diyabet e\u011fitim odas\u0131na ba\u015fvuruda bulunabileceklerini belirterek kat\u0131lan herkese te\u015fekk\u00fcr etti.<br \/><\/p>\n","protected":false},"excerpt":{"rendered":"<p>Halk aras\u0131nda \u015feker hastal\u0131\u011f\u0131 olarak bilinen, diyabetle do\u011fru bir \u015fekilde m\u00fccadele edilmesi amac\u0131yla Ayd\u0131n Devlet Hastanesi\u2019nde a\u00e7\u0131lan \u2019Diyabet Okulu\u2019 mezunlar\u0131n\u0131 verdi. Ayd\u0131n Devlet Hastanesi\u2019ndeki Diyabet Okulu e\u011fitimi ba\u015far\u0131yla tamamland\u0131. Diyabet Okulu\u2019nda d\u00fczenlenen e\u011fitimlere, hastalar ve hasta yak\u0131nlar\u0131 b\u00fcy\u00fck ilgi g\u00f6sterdi. E\u011fitimlerde, diyabet hastalar\u0131n\u0131n ihtiya\u00e7 duydu\u011fu bir\u00e7ok \u00f6nemli konu ele al\u0131nd\u0131. Kat\u0131l\u0131mc\u0131lar, hem teorik hem de&#8230;<\/p>\n","protected":false},"author":1,"featured_media":16038,"comment_status":"open","ping_status":"open","sticky":false,"template":"","format":"standard","meta":{"_crdt_document":"","footnotes":""},"categories":[1],"tags":[],"class_list":["post-16037","post","type-post","status-publish","format-standard","has-post-thumbnail","hentry","category-guncel"],"_links":{"self":[{"href":"https:\/\/www.egemtv.com\/index.php?rest_route=\/wp\/v2\/posts\/16037","targetHints":{"allow":["GET"]}}],"collection":[{"href":"https:\/\/www.egemtv.com\/index.php?rest_route=\/wp\/v2\/posts"}],"about":[{"href":"https:\/\/www.egemtv.com\/index.php?rest_route=\/wp\/v2\/types\/post"}],"author":[{"embeddable":true,"href":"https:\/\/www.egemtv.com\/index.php?rest_route=\/wp\/v2\/users\/1"}],"replies":[{"embeddable":true,"href":"https:\/\/www.egemtv.com\/index.php?rest_route=%2Fwp%2Fv2%2Fcomments&post=16037"}],"version-history":[{"count":1,"href":"https:\/\/www.egemtv.com\/index.php?rest_route=\/wp\/v2\/posts\/16037\/revisions"}],"predecessor-version":[{"id":16039,"href":"https:\/\/www.egemtv.com\/index.php?rest_route=\/wp\/v2\/posts\/16037\/revisions\/16039"}],"wp:featuredmedia":[{"embeddable":true,"href":"https:\/\/www.egemtv.com\/index.php?rest_route=\/wp\/v2\/media\/16038"}],"wp:attachment":[{"href":"https:\/\/www.egemtv.com\/index.php?rest_route=%2Fwp%2Fv2%2Fmedia&parent=16037"}],"wp:term":[{"taxonomy":"category","embeddable":true,"href":"https:\/\/www.egemtv.com\/index.php?rest_route=%2Fwp%2Fv2%2Fcategories&post=16037"},{"taxonomy":"post_tag","embeddable":true,"href":"https:\/\/www.egemtv.com\/index.php?rest_route=%2Fwp%2Fv2%2Ftags&post=16037"}],"curies":[{"name":"wp","href":"https:\/\/api.w.org\/{rel}","templated":true}]}}