{"id":16034,"date":"2025-02-06T10:17:35","date_gmt":"2025-02-06T07:17:35","guid":{"rendered":"https:\/\/www.egemtv.com\/?p=16034"},"modified":"2025-02-06T10:17:36","modified_gmt":"2025-02-06T07:17:36","slug":"tavsanli-hayvan-pazari-kapandi","status":"publish","type":"post","link":"https:\/\/www.egemtv.com\/?p=16034","title":{"rendered":"Tav\u015fanl\u0131 hayvan pazar\u0131 kapand\u0131"},"content":{"rendered":"<p>K\u00fctahya\u2019n\u0131n Tav\u015fanl\u0131 il\u00e7esinde g\u00f6r\u00fclen \u015fap hastal\u0131\u011f\u0131 nedeniyle, il\u00e7e merkezi ve \u00e7evresinde s\u0131k\u0131 karantina tedbirleri uygulanmaya ba\u015fland\u0131. Yetkililer, hastal\u0131\u011f\u0131n yay\u0131lmas\u0131n\u0131 \u00f6nlemek amac\u0131yla b\u00fcy\u00fckba\u015f ve k\u00fc\u00e7\u00fckba\u015f hayvan hareketlerini durdurdu ve b\u00f6lgedeki hayvan pazar\u0131n\u0131n kapat\u0131ld\u0131\u011f\u0131n\u0131 duyurdu.<br \/>\n<br \/>\u015eap hastal\u0131\u011f\u0131n\u0131n kontrol alt\u0131na al\u0131nabilmesi i\u00e7in al\u0131nan bu \u00f6nlemler, hayvanc\u0131l\u0131kla u\u011fra\u015fan vatanda\u015flar i\u00e7in b\u00fcy\u00fck \u00f6nem ta\u015f\u0131yor. Yetkililerin a\u00e7\u0131klamalar\u0131na g\u00f6re, Tav\u015fanl\u0131 \u0130l\u00e7e Merkezi ile birlikte bir\u00e7ok mahalle ve k\u00f6y koruma &#8211; g\u00f6zetim b\u00f6lgesi ilan edildi. Karantina uygulanan b\u00f6lgelerin; Tav\u015fanl\u0131 il\u00e7e merkezi ve t\u00fcm mahalleleri, Kuru\u00e7ay ve Tepecik beldeleri, Kay\u0131k\u00f6y, G\u00f6bel, Karak\u00f6y, M. G\u00f6lc\u00fck, Derecik, Ayval\u0131, Ayval\u0131 Sorukun, A\u011fak\u00f6y, Ba\u015fk\u00f6y, Ovac\u0131k, Karacaka\u015f, Kayaaras\u0131 ve Ya\u011fmurlu k\u00f6yleri oldu\u011fu belirtildi.<br \/>\n<br \/>Bu b\u00f6lgelerde b\u00fcy\u00fckba\u015f ve k\u00fc\u00e7\u00fckba\u015f hayvan al\u0131m-sat\u0131m\u0131 tamamen yasakland\u0131. Karantina tedbirleri kald\u0131r\u0131lana kadar herhangi bir hayvan hareketi ger\u00e7ekle\u015ftirilemeyecek.<br \/>\n<br \/>Hastal\u0131\u011f\u0131n yay\u0131lmas\u0131n\u0131 \u00f6nlemek amac\u0131yla Tav\u015fanl\u0131 Hayvan Pazar\u0131 ikinci bir emre kadar kapat\u0131ld\u0131. Yetkililer, s\u00fcrecin takip edildi\u011fini ve hastal\u0131\u011f\u0131n kontrol alt\u0131na al\u0131nmas\u0131 i\u00e7in yo\u011fun \u00e7al\u0131\u015fmalar yap\u0131ld\u0131\u011f\u0131n\u0131 belirtti.<br \/><\/p>\n","protected":false},"excerpt":{"rendered":"<p>K\u00fctahya\u2019n\u0131n Tav\u015fanl\u0131 il\u00e7esinde g\u00f6r\u00fclen \u015fap hastal\u0131\u011f\u0131 nedeniyle, il\u00e7e merkezi ve \u00e7evresinde s\u0131k\u0131 karantina tedbirleri uygulanmaya ba\u015fland\u0131. Yetkililer, hastal\u0131\u011f\u0131n yay\u0131lmas\u0131n\u0131 \u00f6nlemek amac\u0131yla b\u00fcy\u00fckba\u015f ve k\u00fc\u00e7\u00fckba\u015f hayvan hareketlerini durdurdu ve b\u00f6lgedeki hayvan pazar\u0131n\u0131n kapat\u0131ld\u0131\u011f\u0131n\u0131 duyurdu. \u015eap hastal\u0131\u011f\u0131n\u0131n kontrol alt\u0131na al\u0131nabilmesi i\u00e7in al\u0131nan bu \u00f6nlemler, hayvanc\u0131l\u0131kla u\u011fra\u015fan vatanda\u015flar i\u00e7in b\u00fcy\u00fck \u00f6nem ta\u015f\u0131yor. Yetkililerin a\u00e7\u0131klamalar\u0131na g\u00f6re, Tav\u015fanl\u0131 \u0130l\u00e7e Merkezi&#8230;<\/p>\n","protected":false},"author":1,"featured_media":16035,"comment_status":"open","ping_status":"open","sticky":false,"template":"","format":"standard","meta":{"_crdt_document":"","footnotes":""},"categories":[1],"tags":[],"class_list":["post-16034","post","type-post","status-publish","format-standard","has-post-thumbnail","hentry","category-guncel"],"_links":{"self":[{"href":"https:\/\/www.egemtv.com\/index.php?rest_route=\/wp\/v2\/posts\/16034","targetHints":{"allow":["GET"]}}],"collection":[{"href":"https:\/\/www.egemtv.com\/index.php?rest_route=\/wp\/v2\/posts"}],"about":[{"href":"https:\/\/www.egemtv.com\/index.php?rest_route=\/wp\/v2\/types\/post"}],"author":[{"embeddable":true,"href":"https:\/\/www.egemtv.com\/index.php?rest_route=\/wp\/v2\/users\/1"}],"replies":[{"embeddable":true,"href":"https:\/\/www.egemtv.com\/index.php?rest_route=%2Fwp%2Fv2%2Fcomments&post=16034"}],"version-history":[{"count":1,"href":"https:\/\/www.egemtv.com\/index.php?rest_route=\/wp\/v2\/posts\/16034\/revisions"}],"predecessor-version":[{"id":16036,"href":"https:\/\/www.egemtv.com\/index.php?rest_route=\/wp\/v2\/posts\/16034\/revisions\/16036"}],"wp:featuredmedia":[{"embeddable":true,"href":"https:\/\/www.egemtv.com\/index.php?rest_route=\/wp\/v2\/media\/16035"}],"wp:attachment":[{"href":"https:\/\/www.egemtv.com\/index.php?rest_route=%2Fwp%2Fv2%2Fmedia&parent=16034"}],"wp:term":[{"taxonomy":"category","embeddable":true,"href":"https:\/\/www.egemtv.com\/index.php?rest_route=%2Fwp%2Fv2%2Fcategories&post=16034"},{"taxonomy":"post_tag","embeddable":true,"href":"https:\/\/www.egemtv.com\/index.php?rest_route=%2Fwp%2Fv2%2Ftags&post=16034"}],"curies":[{"name":"wp","href":"https:\/\/api.w.org\/{rel}","templated":true}]}}