{"id":16031,"date":"2025-02-06T10:08:03","date_gmt":"2025-02-06T07:08:03","guid":{"rendered":"https:\/\/www.egemtv.com\/?p=16031"},"modified":"2025-02-06T10:08:08","modified_gmt":"2025-02-06T07:08:08","slug":"04-17de-en-aci-sergi","status":"publish","type":"post","link":"https:\/\/www.egemtv.com\/?p=16031","title":{"rendered":"04.17\u2019de en ac\u0131 sergi"},"content":{"rendered":"<p>2023 y\u0131l\u0131nda 53 bin 537 vatanda\u015f\u0131m\u0131z\u0131n \u00f6l\u00fcm\u00fcne neden olan Kahramanmara\u015f merkezli 7.7 ve 7.6 \u015fiddetindeki depremin 2\u2019nci y\u0131l d\u00f6n\u00fcm\u00fcnde Mu\u011fla\u2019n\u0131n Mente\u015fe il\u00e7esinde sabah saat 04.17\u2019de deprem b\u00f6lgesinde \u00e7ekilen foto\u011fraflara ba\u011fl\u0131 kal\u0131narak ressam Ayten Ta\u015fp\u0131nar taraf\u0131ndan yap\u0131lan 60 ya\u011fl\u0131 boya eserin a\u00e7\u0131l\u0131\u015f\u0131 yap\u0131ld\u0131.<br \/>\n<br \/>Mente\u015fe Belediyesi Konakalt\u0131 K\u00fclt\u00fcr Merkezi salonunda ger\u00e7ekle\u015ftirilen \u2018Unutma\u2019 ismini ta\u015f\u0131yan ya\u011fl\u0131 boya resim sergisinin a\u00e7\u0131l\u0131\u015f\u0131na Mente\u015fe Belediye Ba\u015fkan Yard\u0131mc\u0131s\u0131 Merve Fidem Barut ve vatanda\u015flar kat\u0131ld\u0131. 60 adet ya\u011fl\u0131 boya resim sergisinin a\u00e7\u0131l\u0131\u015f\u0131 \u00f6ncesi saat 04.16\u2019da depremde ya\u015famlar\u0131n\u0131 yitiren vatanda\u015flar i\u00e7in bir dakikal\u0131k sayg\u0131 duru\u015fu yap\u0131ld\u0131. A\u00e7\u0131l\u0131\u015f \u00f6ncesi ressam Ayten Ta\u015fp\u0131nar sergi hakk\u0131nda k\u0131sa a\u00e7\u0131klama yaparken g\u00f6zya\u015flar\u0131na hakim olamad\u0131.<br \/>\n<br \/>Kahramanmara\u015f merkezli deprem 10 ilde y\u0131k\u0131m, hasar ve \u00f6l\u00fcme neden olurken, yaz\u0131l\u0131 ve g\u00f6rsel bas\u0131nda \u00e7\u0131kan foto\u011fraflardan esinlenerek bug\u00fcne kadar bir\u00e7ok ulusal alanda sergisi bulunan emekli resim \u00f6\u011fretmeni ressam Ayten Ta\u015fp\u0131nar taraf\u0131ndan 60\u2019a yak\u0131n foto\u011fraf ya\u011fl\u0131 boya resme d\u00f6n\u00fc\u015ft\u00fcr\u00fcld\u00fc.<\/p>\n<p>&#8220;Serginin a\u00e7\u0131l\u0131\u015f\u0131 saatine kadar d\u00fc\u015f\u00fcn\u00fclmesi duyarl\u0131 bir sanat\u00e7\u0131 davran\u0131\u015f\u0131d\u0131r&#8221;<br \/>\n<br \/>Ressam Ayten Ta\u015fp\u0131nar\u2019\u0131n bug\u00fcne kadar Mu\u011fla\u2019da \u00e7ok say\u0131da sosyal sorumluluk projesine imza att\u0131\u011f\u0131n\u0131, alan\u0131nda T\u00fcrkiye\u2019de ilk 5 sanat\u00e7\u0131dan birisi oldu\u011funu belirten Mimar Meral O\u011fuz, &#8220;Bug\u00fcne kadar bir\u00e7ok sosyal sorumluluk anlam\u0131nda sanat\u00e7\u0131 duvarlar\u0131yla i\u015f yapt\u0131 say\u0131s\u0131z. En \u00e7arp\u0131c\u0131lar\u0131ndan biri Sokak Sokak Resim At\u00f6lyesi\u2019ydi, Mu\u011fla sokaklar\u0131nda. Bu deprem projesi de onlardan biri. Yakla\u015f\u0131k iki senelik bir \u00fcr\u00fcn\u00fcn ara ara hem kendi duygular\u0131n\u0131n sanat \u00fczerinden anlat\u0131lmas\u0131, hem de b\u00f6yle bir toplumsal fark\u0131ndal\u0131k ad\u0131na \u00e7ok g\u00fc\u00e7l\u00fc bir mesajd\u0131 bence. Bir mimar olarak ben de b\u00f6yle bir panonun \u00f6n\u00fcnde konu\u015fmak istedim. Her bir panonun ayr\u0131 ayr\u0131 \u00e7ok \u00e7arp\u0131c\u0131 mesajlar\u0131 var. \u00d6zellikle eller \u00fczerinden ba\u015flam\u0131\u015f, enkaz alt\u0131ndaki eller \u00fczerinden. E\u015fyalar, objeler, insanlar, duygular \u00fczerinden \u00e7ok \u00e7arp\u0131c\u0131 mesajlar var. Bug\u00fcn burada bu saatte s\u0131cak yataklar\u0131m\u0131zdan kalk\u0131p bu sergiye gelmekte bunun a\u00e7\u0131l\u0131\u015f saatini ne kadar d\u00fc\u015f\u00fcnmesi de \u00e7ok duyarl\u0131 bir sanat\u00e7\u0131 davran\u0131\u015f\u0131 diye d\u00fc\u015f\u00fcn\u00fcyorum&#8221; dedi.<\/p>\n<p>&#8220;Toplum vicdan\u0131na b\u00fcy\u00fck bir katk\u0131&#8221;<br \/>\n<br \/>Sergi ile ac\u0131lar\u0131n bir kez daha ya\u015fand\u0131\u011f\u0131n\u0131 a\u00e7\u0131klayan Mente\u015fe Belediye Ba\u015fkan Yard\u0131mc\u0131s\u0131 Merve Fidem Barut, &#8220;Bu sergi Ayten hocam\u0131n toplum vicdan\u0131na yapt\u0131\u011f\u0131 b\u00fcy\u00fck bir katk\u0131. Y\u00fcz\u00fcm\u00fcze tokat gibi \u00e7arpt\u0131. Asl\u0131nda bir on binlerce insan\u0131n, ona etki eden \u00e7ok daha fazla insan\u0131n, koca bir kentin y\u0131k\u0131l\u0131\u015f\u0131n\u0131 g\u00f6rd\u00fck. Yaralar\u0131m\u0131z\u0131 sarmad\u0131\u011f\u0131m\u0131z\u0131, ac\u0131lar\u0131m\u0131z\u0131 bir kez daha bu sergi tokat gibi y\u00fcz\u00fcm\u00fcze \u00e7arpt\u0131. Umar\u0131m bir fark\u0131ndal\u0131k olur, bir katk\u0131 olur&#8221; dedi.<br \/>\n<br \/>Sergi fikrinin gazetelerde, TV ekranlar\u0131nda g\u00f6rd\u00fc\u011f\u00fc enkaz alt\u0131ndan uzanan bir insen alinden ilham al\u0131narak ortaya \u00e7\u0131kt\u0131\u011f\u0131n\u0131 belirten Ressam Ayten Ta\u015fp\u0131nar, &#8220;Serginin amac\u0131, fark\u0131ndal\u0131k olu\u015fturmak. Ve bu fark\u0131ndal\u0131\u011f\u0131 ya\u015fam\u0131m\u0131za ge\u00e7irmek. \u00c7\u00fcnk\u00fc en b\u00fcy\u00fck ihmaller can kalplerine neden oluyor. Bu bilin\u00e7sizlik \u00e7ok \u00f6nemli. En k\u0131sa zamanda fark\u0131nda olmam\u0131z gerekiyor. Bu da hep beraber bir \u015feyler yapmam\u0131z gerekti\u011fi zaman oluyor. Ve g\u00f6z \u00f6n\u00fcnden uzakla\u015ft\u0131rmamam\u0131z laz\u0131m. 60 tane resim var, ben 60 tane se\u00e7tim&#8221; dedi.<br \/><\/p>\n","protected":false},"excerpt":{"rendered":"<p>2023 y\u0131l\u0131nda 53 bin 537 vatanda\u015f\u0131m\u0131z\u0131n \u00f6l\u00fcm\u00fcne neden olan Kahramanmara\u015f merkezli 7.7 ve 7.6 \u015fiddetindeki depremin 2\u2019nci y\u0131l d\u00f6n\u00fcm\u00fcnde Mu\u011fla\u2019n\u0131n Mente\u015fe il\u00e7esinde sabah saat 04.17\u2019de deprem b\u00f6lgesinde \u00e7ekilen foto\u011fraflara ba\u011fl\u0131 kal\u0131narak ressam Ayten Ta\u015fp\u0131nar taraf\u0131ndan yap\u0131lan 60 ya\u011fl\u0131 boya eserin a\u00e7\u0131l\u0131\u015f\u0131 yap\u0131ld\u0131. Mente\u015fe Belediyesi Konakalt\u0131 K\u00fclt\u00fcr Merkezi salonunda ger\u00e7ekle\u015ftirilen \u2018Unutma\u2019 ismini ta\u015f\u0131yan ya\u011fl\u0131 boya resim&#8230;<\/p>\n","protected":false},"author":1,"featured_media":16032,"comment_status":"open","ping_status":"open","sticky":false,"template":"","format":"standard","meta":{"_crdt_document":"","footnotes":""},"categories":[1],"tags":[],"class_list":["post-16031","post","type-post","status-publish","format-standard","has-post-thumbnail","hentry","category-guncel"],"_links":{"self":[{"href":"https:\/\/www.egemtv.com\/index.php?rest_route=\/wp\/v2\/posts\/16031","targetHints":{"allow":["GET"]}}],"collection":[{"href":"https:\/\/www.egemtv.com\/index.php?rest_route=\/wp\/v2\/posts"}],"about":[{"href":"https:\/\/www.egemtv.com\/index.php?rest_route=\/wp\/v2\/types\/post"}],"author":[{"embeddable":true,"href":"https:\/\/www.egemtv.com\/index.php?rest_route=\/wp\/v2\/users\/1"}],"replies":[{"embeddable":true,"href":"https:\/\/www.egemtv.com\/index.php?rest_route=%2Fwp%2Fv2%2Fcomments&post=16031"}],"version-history":[{"count":1,"href":"https:\/\/www.egemtv.com\/index.php?rest_route=\/wp\/v2\/posts\/16031\/revisions"}],"predecessor-version":[{"id":16033,"href":"https:\/\/www.egemtv.com\/index.php?rest_route=\/wp\/v2\/posts\/16031\/revisions\/16033"}],"wp:featuredmedia":[{"embeddable":true,"href":"https:\/\/www.egemtv.com\/index.php?rest_route=\/wp\/v2\/media\/16032"}],"wp:attachment":[{"href":"https:\/\/www.egemtv.com\/index.php?rest_route=%2Fwp%2Fv2%2Fmedia&parent=16031"}],"wp:term":[{"taxonomy":"category","embeddable":true,"href":"https:\/\/www.egemtv.com\/index.php?rest_route=%2Fwp%2Fv2%2Fcategories&post=16031"},{"taxonomy":"post_tag","embeddable":true,"href":"https:\/\/www.egemtv.com\/index.php?rest_route=%2Fwp%2Fv2%2Ftags&post=16031"}],"curies":[{"name":"wp","href":"https:\/\/api.w.org\/{rel}","templated":true}]}}