{"id":16025,"date":"2025-02-06T10:01:46","date_gmt":"2025-02-06T07:01:46","guid":{"rendered":"https:\/\/www.egemtv.com\/?p=16025"},"modified":"2025-02-06T10:01:51","modified_gmt":"2025-02-06T07:01:51","slug":"depreme-direncli-izmir-icin-donusum-baslayacak","status":"publish","type":"post","link":"https:\/\/www.egemtv.com\/?p=16025","title":{"rendered":"Depreme diren\u00e7li \u0130zmir i\u00e7in d\u00f6n\u00fc\u015f\u00fcm ba\u015flayacak"},"content":{"rendered":"<p>\u0130zmir B\u00fcy\u00fck\u015fehir Belediyesi, \u015fehri muhtemel depremlere kar\u015f\u0131 diren\u00e7li hale getirmek i\u00e7in kapsaml\u0131 \u00e7al\u0131\u015fma program\u0131na ara vermeden devam ediyor. Ba\u015fkan Dr. Cemil Tugay, 30 Ekim \u0130zmir ve 6 \u015eubat Kahramanmara\u015f depremlerini hat\u0131rlatarak &#8220;Bir daha b\u00f6yle ac\u0131lar\u0131n ya\u015fanmamas\u0131 i\u00e7in umuyorum herkes almas\u0131 gereken dersi alm\u0131\u015ft\u0131r. Biz \u0130zmir\u2019deki yap\u0131 stokunu depreme dayan\u0131kl\u0131 hale getirmek, yerle\u015fime uygunluk haritas\u0131 \u00e7\u0131kartmak ve iyi bir afet y\u00f6netimi i\u00e7in Deprem Master Plan \u00e7al\u0131\u015fmalar\u0131na h\u0131zla devam ediyoruz. Ne kadar zorlu bir s\u00fcre\u00e7 olursa olsun bu d\u00f6nemde riskli yap\u0131lar\u0131n d\u00f6n\u00fc\u015f\u00fcm\u00fc i\u00e7in s\u00fcreci ba\u015flataca\u011f\u0131z&#8221; dedi.<br \/>\n<br \/>\u0130zmir B\u00fcy\u00fck\u015fehir Belediyesi, kentin afetle diren\u00e7li hale getirmek, do\u011fayla uyumlu ve g\u00fcvenli ya\u015fam alanlar\u0131 olu\u015fturmak i\u00e7in Deprem Master Plan\u0131 \u00e7al\u0131\u015fmalar\u0131na h\u0131z kazand\u0131rd\u0131. Deprem Master Plan\u0131 i\u00e7in altl\u0131k olu\u015fturacak yap\u0131 envanteri, depremsellik-tsunami ara\u015ft\u0131rmas\u0131 ve mikrob\u00f6lgeleme et\u00fct \u00e7al\u0131\u015fmalar\u0131 tamamland\u0131\u011f\u0131nda g\u00fcvenli bir kent i\u00e7in gerekli veriler elde edilmi\u015f olacak. T\u00fcm ara\u015ft\u0131rma sonu\u00e7lar\u0131 entegre edilerek deprem etkisinde yap\u0131-zemin etkile\u015fimi en ger\u00e7ek\u00e7i \u015fekilde analiz edilecek. Deprem tehlike haritas\u0131 ile yerle\u015fime uygunluk haritalar\u0131 olu\u015fturulacak. K\u0131y\u0131lar\u0131 etkileyecek tsunami tehlikesi modellenecek.<\/p>\n<p>Tugay: &#8220;Deprem \u00f6ncelikli konumuzdur&#8221;<br \/>\n<br \/>\u0130zmir B\u00fcy\u00fck\u015fehir Belediye Ba\u015fkan\u0131 Dr. Cemil Tugay, \u0130zmir\u2019in en \u00f6ncelikli konusunun deprem riskinin azalt\u0131lmas\u0131 ile ilgili \u00e7al\u0131\u015fmalar oldu\u011funu belirterek, &#8220;\u0130zmir\u2019i depreme diren\u00e7li h\u00e2le getirmek i\u00e7in ba\u015fta yap\u0131 envanteri olmak \u00fczere bir\u00e7ok risk azalt\u0131c\u0131 \u00e7al\u0131\u015fmay\u0131 s\u00fcrd\u00fcr\u00fcyoruz. Depremsellik ara\u015ft\u0131rmas\u0131 ve zemin \u00e7al\u0131\u015fmalar\u0131na da b\u00fcy\u00fck \u00f6nem veriyoruz. 30 Ekim 2020\u2019de \u0130zmir\u2019de, 6 \u015eubat 2023\u2019te Kahramanmara\u015f\u2019ta ya\u015fanan depremlerin ac\u0131s\u0131 hala \u00e7ok taze. Bir daha b\u00f6yle ac\u0131lar\u0131n ya\u015fanmamas\u0131 i\u00e7in umuyorum herkes almas\u0131 gereken dersi alm\u0131\u015ft\u0131r. Art\u0131k t\u00fcm kurumlar\u0131n elinden gelenin fazlas\u0131n\u0131 yapmas\u0131 gerekiyor. Bu, \u0130zmir\u2019in \u00f6ncelikli konusu. T\u00fcrkiye\u2019nin de \u00f6ncelikli konusu olmak zorunda. Biz \u0130zmir\u2019deki yap\u0131 stokunu depreme dayan\u0131kl\u0131 hale getirmek, yerle\u015fime uygunluk haritas\u0131 \u00e7\u0131kartmak ve iyi bir afet y\u00f6netimi i\u00e7in Deprem Master Plan \u00e7al\u0131\u015fmalar\u0131na h\u0131zla devam ediyoruz. Ne kadar zorlu bir s\u00fcre\u00e7 olursa olsun bu d\u00f6nemde riskli yap\u0131lar\u0131n d\u00f6n\u00fc\u015f\u00fcm\u00fc i\u00e7in s\u00fcreci ba\u015flataca\u011f\u0131z&#8221; dedi.<\/p>\n<p>100 bin binan\u0131n envanteri tamam<br \/>\n<br \/>\u0130zmir B\u00fcy\u00fck\u015fehir Belediyesi, yap\u0131 stoku \u00e7al\u0131\u015fmalar\u0131 kapsam\u0131nda Bornova ve Bayrakl\u0131\u2019da yakla\u015f\u0131k 100 bin binan\u0131n envanterini \u00e7\u0131kard\u0131. Bu \u00e7al\u0131\u015fmayla yap\u0131lar\u0131n deprem s\u0131ras\u0131ndaki davran\u0131\u015flar\u0131 belirlenerek, binaya ili\u015fkin her t\u00fcrl\u00fc bilginin yer ald\u0131\u011f\u0131 kimlik belgesi olu\u015fturuldu. B\u00f6ylece o bina hakk\u0131ndaki ruhsat, mimari proje gibi belgeler ile en yak\u0131n toplanma alan\u0131 gibi bilgilere h\u0131zl\u0131 ve do\u011frudan eri\u015fim sa\u011flanabiliyor. Yap\u0131 envanteri \u00e7al\u0131\u015fmalar\u0131na Kar\u015f\u0131yaka il\u00e7esi ile devam edilecek.<\/p>\n<p>Tsunami senaryolar\u0131 da var<br \/>\n<br \/>Depremsellik-Tsunami Ara\u015ft\u0131rmas\u0131 ve Mikrob\u00f6lgeleme Et\u00fct \u00c7al\u0131\u015fmalar\u0131 kapsam\u0131nda \u0130zmir B\u00fcy\u00fck\u015fehir Belediyesi ve payda\u015flar\u0131 ile de \u00f6nemli \u00e7al\u0131\u015fmalar y\u00fcr\u00fct\u00fcl\u00fcyor. \u0130zmir il merkezini referans alan 100 kilometre yar\u0131\u00e7apl\u0131 alanda s\u00fcrd\u00fcr\u00fclen &#8220;\u0130zmir \u0130li Depremsellik Ara\u015ft\u0131rmas\u0131 Projesi&#8221; hala \u00fclkemizin en geni\u015f ve kapsaml\u0131 deprem ara\u015ft\u0131rma projesi olarak biliniyor.  Sadece \u0130zmir de\u011fil Ayd\u0131n ve Manisa illerinin bir b\u00f6l\u00fcm\u00fcndeki faylar\u0131 da kapsayan bu ara\u015ft\u0131rma projesi tamamland\u0131\u011f\u0131nda \u0130zmir\u2019in gelecekte ka\u00e7 b\u00fcy\u00fckl\u00fc\u011f\u00fcnde depremle kar\u015f\u0131 kar\u015f\u0131ya kalabilece\u011fine, yap\u0131lar\u0131 etkisi alt\u0131na alacak deprem ivmesinin olas\u0131 b\u00fcy\u00fckl\u00fc\u011f\u00fcne, depremlerin y\u00fczey faylanmas\u0131 yaratma riski ta\u015f\u0131y\u0131p ta\u015f\u0131mad\u0131\u011f\u0131na, k\u0131y\u0131larda olu\u015fabilecek olas\u0131 tsunami senaryolar\u0131na ili\u015fkin somut bilgiler elde edilmi\u015f olacak.<\/p>\n<p>Mikrob\u00f6lgeleme \u00e7al\u0131\u015fmalar\u0131 kentin tamam\u0131na yay\u0131l\u0131yor<br \/>\n<br \/>Mikrob\u00f6lgeleme \u00e7al\u0131\u015fmalar\u0131yla da \u0130zmir\u2019in zemin yap\u0131s\u0131 inceleniyor. 30 Ekim \u0130zmir Depremi\u2019nden en \u00e7ok etkilenen Bornova baseninin (Bayrakl\u0131, Konak, Bornova il\u00e7elerini kapsayan) zemin yap\u0131s\u0131 ve basen etkisi d\u00e2hil davran\u0131\u015f \u00f6zelliklerinin ara\u015ft\u0131r\u0131lmas\u0131na y\u00f6nelik \u00e7al\u0131\u015fmalar h\u0131zla devam ediyor. Bornova mikrob\u00f6lgeleme \u00e7al\u0131\u015fmas\u0131 kapsam\u0131nda 7 bin 12 hektarl\u0131k alanda yakla\u015f\u0131k 1500 adet sondaj kuyusu a\u00e7\u0131ld\u0131. Bornova\u2019da y\u00fcr\u00fct\u00fclen mikrob\u00f6lgeleme \u00e7al\u0131\u015fmalar\u0131 tamamlanmak \u00fczere.  Di\u011fer 11 merkez il\u00e7ede \u00e7al\u0131\u015fmalar\u0131n etaplar halinde tamamlanmas\u0131 hedefleniyor.<br \/>\n<br \/>B\u00fct\u00fcn \u00e7al\u0131\u015fmalar tamamland\u0131\u011f\u0131nda; depremsellik ve tsunami projesi ile mikrob\u00f6lgeleme ve yap\u0131 envanteri ara\u015ft\u0131rma sonu\u00e7lar\u0131 entegre edilerek deprem etkisinde yap\u0131-zemin etkile\u015fiminin en ger\u00e7ek\u00e7i \u015fekilde analiz edilmesi \u00f6ng\u00f6r\u00fcl\u00fcyor.<\/p>\n<p>30 bin deney yap\u0131ld\u0131<br \/>\n<br \/>30 Ekim 2020 depreminin etkiledi\u011fi Bornova\u2019da zeminden al\u0131nan numuneler, T\u00fcrkiye\u2019de ilk kez \u0130zmir\u2019de kurulan Ege\u015fehir Laboratuvar\u0131\u2019nda incelendi. Yakla\u015f\u0131k 30 bin deney yap\u0131ld\u0131.<br \/>\n<br \/>Ege\u015fehir Laboratuvar\u0131\u2019nda T\u00fcrkiye\u2019de ilk ve tek olarak rezonant kolon, bender element deneyleri yap\u0131l\u0131yor. M\u00fchendislik olarak ise konsolidasyon, zeminde tek ve \u00fc\u00e7 eksenli bas\u0131n\u00e7 dayan\u0131m\u0131, kesme kutusu, kayada makaslama deneyi, kayada \u00fc\u00e7 eksenli bas\u0131n\u00e7 dayan\u0131m\u0131 yap\u0131l\u0131yor. Zemin (fiziksel) deneyleri ise su i\u00e7eri\u011fi, k\u0131vam limitleri, elek ve hidrometre analizi ile \u00f6zg\u00fcl a\u011f\u0131rl\u0131ktan olu\u015fuyor.<\/p>\n<p>Afete diren\u00e7li kent alanlar\u0131 olu\u015fturuluyor<br \/>\n<br \/>Afete diren\u00e7li kent yakla\u015f\u0131m\u0131 kentsel d\u00f6n\u00fc\u015f\u00fcm \u00e7al\u0131\u015fmalar\u0131nda da g\u00f6zetiliyor. Ba\u015fkan Dr. Cemil Tugay\u2019\u0131n g\u00f6reve gelmesiyle Kentsel D\u00f6n\u00fc\u015f\u00fcm Dairesi Ba\u015fkanl\u0131\u011f\u0131 yeniden kuruldu. Y\u00fczde 100 uzla\u015fma esas\u0131yla ve yerinde d\u00f6n\u00fc\u015f\u00fcm\u00fc ger\u00e7ekle\u015ftirme hedefiyle y\u00fcr\u00fct\u00fclen \u00e7al\u0131\u015fmalar kapsam\u0131nda tek hedef, mevzuata ayk\u0131r\u0131 ve sa\u011fl\u0131ks\u0131z konut stoku sorununu \u00e7\u00f6zmek de\u011fil. Ayn\u0131 zamanda ula\u015f\u0131m s\u0131k\u0131nt\u0131lar\u0131, altyap\u0131 eksikli\u011fi, ye\u015fil alan ve sosyal donat\u0131 yetersizli\u011fi gibi problemlerin de \u00e7\u00f6z\u00fclmesini sa\u011flayarak afete diren\u00e7li kent alanlar\u0131 olu\u015fturuluyor.<br \/>\n<br \/>\u0130zmir B\u00fcy\u00fck\u015fehir Belediyesi 6 b\u00f6lgede Uzundere, Ege Mahallesi, \u00d6rnekk\u00f6y, Ball\u0131kuyu, Gaziemir Aktepe Emrez, \u00c7i\u011fli G\u00fczeltepe\u2019de s\u00fcrd\u00fcrd\u00fc\u011f\u00fc kentsel d\u00f6n\u00fc\u015f\u00fcm \u00e7al\u0131\u015fmalar\u0131na da h\u0131z kazand\u0131rd\u0131. Kentsel d\u00f6n\u00fc\u015f\u00fcm alanlar\u0131nda, hak sahiplerine \u00f6denen kira bedeli de ayl\u0131k 12 bin TL\u2019ye y\u00fckseltildi.<br \/>\n<br \/>\u00d6rnekk\u00f6y 3. ve 4. etap in\u015faatlar\u0131 ba\u015flatacak ihale yap\u0131larak s\u00f6zle\u015fme imzaland\u0131 ve 1018 ba\u011f\u0131ms\u0131z birimin yap\u0131m s\u00fcreci ba\u015flat\u0131ld\u0131. Belediye Enc\u00fcmeni taraf\u0131ndan 2886 say\u0131l\u0131 Kanun gere\u011fince yap\u0131lan ihaleler neticesinde, Ege Mahallesi 1. Etap, Aktepe Emrez 2. Etap ve \u00d6rnekk\u00f6y 5. etap kapsam\u0131nda 1561 ba\u011f\u0131ms\u0131z birimin in\u015faat\u0131 devam ediyor. Uzundere\u2019deki in\u015faatlar\u0131n en k\u0131sa s\u00fcrede bitirilmesi i\u00e7in de ihale \u00e7al\u0131\u015fmalar\u0131na ba\u015fland\u0131.<br \/>\n<br \/>B\u00fcy\u00fck\u015fehir, kenti afete diren\u00e7li hale getirebilmek i\u00e7in can ve mal g\u00fcvenli\u011fi a\u00e7\u0131s\u0131ndan tehlike arz eden &#8220;Afete Maruz B\u00f6lge&#8221;lerde de \u00e7al\u0131\u015fmalar\u0131na ayr\u0131ca devam ediyor.<\/p>\n<p>Afet Toplanma ve Ge\u00e7ici Bar\u0131nma Alanlar\u0131<br \/>\n<br \/>\u0130zmir B\u00fcy\u00fck\u015fehir Belediyesi afet toplanma ve ge\u00e7ici bar\u0131nma alanlar\u0131na ili\u015fkin yeni standartlar belirlemek amac\u0131yla \u0130l Afet M\u00fcd\u00fcrl\u00fc\u011f\u00fc ile ortak \u00e7al\u0131\u015fmalar yap\u0131yor. Bu kapsamda ge\u00e7ici bar\u0131nma alan\u0131 say\u0131s\u0131 29\u2019dan 71\u2019e \u00e7\u0131kar\u0131ld\u0131. Afet toplanma alan\u0131 say\u0131s\u0131 2.426\u2019ya ula\u015ft\u0131.<br \/>\n<br \/>Deprem Odakl\u0131 Diren\u00e7li Mekan Geli\u015ftirme Projesi ile ye\u015fil alan ve parklarda altyap\u0131, \u00fcstyap\u0131 (wc-elektrik- internet) ula\u015f\u0131m ve g\u00fcvenlik standartlar\u0131 olu\u015fturuluyor.<br \/>\n<br \/>\u0130zmir\u2019in afet ve acil durum lojistik kapasitesini art\u0131rmak i\u00e7in Sosyal Hizmetler Dairesi Ba\u015fkanl\u0131\u011f\u0131 ile birlikte lojistik depolar\u0131n b\u00f6lgesel planlamas\u0131 yap\u0131l\u0131yor. \u00c7ad\u0131r, battaniye, uyku tulumu, yatak, hijyen paketi, \u0131s\u0131t\u0131c\u0131 gibi temel ihtiya\u00e7lar\u0131n stoklar\u0131 art\u0131r\u0131l\u0131yor.<br \/>\n<br \/>\u0130\u015fte \u0130zmir\u2019in toplanma alanlar\u0131: \u0130zmir genelinde acil toplanma alan\u0131 olarak belirlenen noktalar\u0131n konumlar\u0131 ve \u00f6zelliklerinin yer ald\u0131\u011f\u0131 listeye a\u015fa\u011f\u0131daki linkten eri\u015filebilir.<br \/>\n<br \/>https:\/\/www.izmir.bel.tr\/tr\/acil-toplanma-alanlari\/936\/4182<br \/><\/p>\n","protected":false},"excerpt":{"rendered":"<p>\u0130zmir B\u00fcy\u00fck\u015fehir Belediyesi, \u015fehri muhtemel depremlere kar\u015f\u0131 diren\u00e7li hale getirmek i\u00e7in kapsaml\u0131 \u00e7al\u0131\u015fma program\u0131na ara vermeden devam ediyor. Ba\u015fkan Dr. Cemil Tugay, 30 Ekim \u0130zmir ve 6 \u015eubat Kahramanmara\u015f depremlerini hat\u0131rlatarak &#8220;Bir daha b\u00f6yle ac\u0131lar\u0131n ya\u015fanmamas\u0131 i\u00e7in umuyorum herkes almas\u0131 gereken dersi alm\u0131\u015ft\u0131r. Biz \u0130zmir\u2019deki yap\u0131 stokunu depreme dayan\u0131kl\u0131 hale getirmek, yerle\u015fime uygunluk haritas\u0131 \u00e7\u0131kartmak&#8230;<\/p>\n","protected":false},"author":1,"featured_media":16026,"comment_status":"open","ping_status":"open","sticky":false,"template":"","format":"standard","meta":{"_crdt_document":"","footnotes":""},"categories":[1],"tags":[],"class_list":["post-16025","post","type-post","status-publish","format-standard","has-post-thumbnail","hentry","category-guncel"],"_links":{"self":[{"href":"https:\/\/www.egemtv.com\/index.php?rest_route=\/wp\/v2\/posts\/16025","targetHints":{"allow":["GET"]}}],"collection":[{"href":"https:\/\/www.egemtv.com\/index.php?rest_route=\/wp\/v2\/posts"}],"about":[{"href":"https:\/\/www.egemtv.com\/index.php?rest_route=\/wp\/v2\/types\/post"}],"author":[{"embeddable":true,"href":"https:\/\/www.egemtv.com\/index.php?rest_route=\/wp\/v2\/users\/1"}],"replies":[{"embeddable":true,"href":"https:\/\/www.egemtv.com\/index.php?rest_route=%2Fwp%2Fv2%2Fcomments&post=16025"}],"version-history":[{"count":1,"href":"https:\/\/www.egemtv.com\/index.php?rest_route=\/wp\/v2\/posts\/16025\/revisions"}],"predecessor-version":[{"id":16027,"href":"https:\/\/www.egemtv.com\/index.php?rest_route=\/wp\/v2\/posts\/16025\/revisions\/16027"}],"wp:featuredmedia":[{"embeddable":true,"href":"https:\/\/www.egemtv.com\/index.php?rest_route=\/wp\/v2\/media\/16026"}],"wp:attachment":[{"href":"https:\/\/www.egemtv.com\/index.php?rest_route=%2Fwp%2Fv2%2Fmedia&parent=16025"}],"wp:term":[{"taxonomy":"category","embeddable":true,"href":"https:\/\/www.egemtv.com\/index.php?rest_route=%2Fwp%2Fv2%2Fcategories&post=16025"},{"taxonomy":"post_tag","embeddable":true,"href":"https:\/\/www.egemtv.com\/index.php?rest_route=%2Fwp%2Fv2%2Ftags&post=16025"}],"curies":[{"name":"wp","href":"https:\/\/api.w.org\/{rel}","templated":true}]}}