{"id":16022,"date":"2025-02-06T09:59:41","date_gmt":"2025-02-06T06:59:41","guid":{"rendered":"https:\/\/www.egemtv.com\/?p=16022"},"modified":"2025-02-06T09:59:47","modified_gmt":"2025-02-06T06:59:47","slug":"egenin-en-buyuk-entegre-ekmek-uretim-tesisi-merkezefendide-acildi","status":"publish","type":"post","link":"https:\/\/www.egemtv.com\/?p=16022","title":{"rendered":"Ege\u2019nin en b\u00fcy\u00fck entegre ekmek \u00fcretim tesisi Merkezefendi\u2019de a\u00e7\u0131ld\u0131"},"content":{"rendered":"<p>Merkezefendi Belediyesi, Denizli\u2019nin ilk Halk Ekmek Fabrikas\u0131n\u0131 t\u00f6renle hizmete a\u00e7t\u0131. Fabrikan\u0131n Ege\u2019nin en b\u00fcy\u00fck entegre ekmek \u00fcretim tesisi oldu\u011funu belirten Merkezefendi Belediye Ba\u015fkan\u0131 \u015eeniz Do\u011fan, &#8220;Halk S\u00fct, Halk Ekmek ve Halk Et\u2019i ayn\u0131 anda sunan ilk ve tek il\u00e7e belediyesi olarak, Denizli\u2019nin ilk Halk Ekmek Fabrikas\u0131n\u0131 da hizmete a\u00e7\u0131yoruz. Merkezefendimize ve Denizlimize hay\u0131rl\u0131 olsun&#8221; dedi.<\/p>\n<p>\u0130l\u00e7e genelindeki \u00e7al\u0131\u015fmalar\u0131 s\u00fcrd\u00fcren Merkezefendi Belediyesi, sosyal belediyecilik anlay\u0131\u015f\u0131 ile hizmet etmeye devam ediyor. 2019 y\u0131l\u0131ndan bu yana il\u00e7eye kazand\u0131r\u0131lan bir\u00e7ok proje ile Merkezefendi\u2019nin g\u00fczelle\u015fmesini ve geli\u015fmesini sa\u011flayan Merkezefendi Belediyesi taraf\u0131ndan Denizli\u2019nin ilk Halk Ekmek Fabrikas\u0131n\u0131 da hizmete a\u00e7\u0131ld\u0131. Bozburun Mahallesi Ahmet Nazif Zorlu Sanayi Sitesi\u2019nde ger\u00e7ekle\u015ftirilen a\u00e7\u0131l\u0131\u015f t\u00f6renine CHP Denizli Milletvekili \u015eeref Arpac\u0131, Denizli B\u00fcy\u00fck\u015fehir Belediyesi Ba\u015fkan Vekili Ali Mar\u0131m, Merkezefendi Belediye Ba\u015fkan\u0131 \u015eeniz Do\u011fan, Denizli B\u00fcy\u00fck\u015fehir Belediyesi Genel Sekreteri B\u00fclent Bozba\u015f, Honaz Belediye Ba\u015fkan\u0131 Y\u00fcksel Kepenek, Beya\u011fa\u00e7 Belediye Ba\u015fkan\u0131 Sezayi P\u00fct\u00fcn, CHP \u0130l Ba\u015fkan\u0131 Ali Osman Horzum,  sivil toplum kurulu\u015flar\u0131n\u0131n temsilcileri, meslek odas\u0131 ba\u015fkanlar\u0131, meclis \u00fcyeleri, muhtarlar ve \u00e7ok say\u0131da vatanda\u015f kat\u0131ld\u0131.<\/p>\n<p>&#8220;Sosyal belediyecili\u011fi ilmek ilmek i\u015fledik&#8221;<br \/>\n<br \/>Ege\u2019nin en b\u00fcy\u00fck entegre \u00fcretim tesisi olarak dikkat \u00e7eken fabrikan\u0131n a\u00e7\u0131l\u0131\u015f t\u00f6reninde konu\u015fan Merkezefendi Belediye Ba\u015fkan\u0131 \u015eeniz Do\u011fan, &#8220;Sizlerden ald\u0131\u011f\u0131m\u0131z g\u00fc\u00e7, destek ve enerji ile \u00e7al\u0131\u015f\u0131yoruz. Hep birlikte ba\u015far\u0131yor, hep birlikte kazan\u0131yoruz. 2019 y\u0131l\u0131ndan bu yana \u00fclkemizin i\u00e7inde bulundu\u011fu ekonomik durumla birlikte sosyal belediyecili\u011fi \u00f6n plana \u00e7\u0131kard\u0131k. Al\u0131m g\u00fcc\u00fcn\u00fcn d\u00fc\u015fmesiyle birlikte hem\u015fehrilerimizin b\u00fct\u00e7esine destek olmak i\u00e7in \u00e7al\u0131\u015f\u0131yoruz. T\u00fcrkiye\u2019ye \u00f6rnek olan projelerimiz ile \u00e7al\u0131\u015fmaya devam ediyoruz&#8221; diye konu\u015ftu.<\/p>\n<p>&#8220;Hizmetlerimiz ile hem\u015fehrilerimizin maddi ve manevi yan\u0131nday\u0131z&#8221;<br \/>\n<br \/>Merkezefendi\u2019de her zaman hem\u015fehrilerinin yan\u0131nda olduklar\u0131n\u0131 belirten ve son bir senede yap\u0131lan hizmetleri anlatan Ba\u015fkan Do\u011fan, &#8220;2024 y\u0131l\u0131 i\u00e7erisinde hem\u015fehrilerimize toplamda 12 Milyon TL nakit deste\u011finde bulunduk. \u00c7ocuklar\u0131m\u0131z bizim i\u00e7in \u00f6ncelikli diyerek 8 ayl\u0131k s\u00fcre\u00e7te 10 Milyon 347 bin TL \u00f6\u011frenim deste\u011fi sa\u011flad\u0131k. 30 bin g\u0131da kolisini ihtiya\u00e7 sahibi hem\u015fehrilerimize ula\u015ft\u0131rd\u0131k. Hasta yata\u011f\u0131, hasta bezi, \u00e7ocuk bezi, devam s\u00fct\u00fcn\u00fc sa\u011flamaya devam ediyoruz. Gen\u00e7lerimizin istihdam\u0131na katk\u0131 sa\u011flamak i\u00e7in Kariyer Merkezimizi hizmete a\u00e7t\u0131k. 8 bin 700 \u00e7ocu\u011fumuza toplamda 418 bin litre sa\u011fl\u0131kl\u0131 Merkezefendi Halk S\u00fct\u2019\u00fc ula\u015ft\u0131rd\u0131k. \u00dcreticimiz ve \u00e7ift\u00e7imiz de kazand\u0131k dedik ve yerel kooperatiflere de destekte bulunduk. Bunlar gibi bir\u00e7ok hizmet ve proje ile hem\u015fehrilerimizin b\u00fct\u00e7elerine katk\u0131 sa\u011flad\u0131k&#8221; diye konu\u015ftu.<\/p>\n<p>&#8220;Fabrikam\u0131z hem\u015fehrilerimizin b\u00fct\u00e7esine b\u00fcy\u00fck katk\u0131 sa\u011flayacak&#8221;<br \/>\n<br \/>B\u00fcy\u00fck bir heyecan ile Merkezefendi Halk Ekmek Fabrikas\u0131\u2019n\u0131 hizmete a\u00e7t\u0131klar\u0131n\u0131 s\u00f6yleyen Do\u011fan, &#8220;Yakla\u015f\u0131k 2,5 y\u0131ld\u0131r Merkezefendi Halk Ekmek\u2019i hem\u015fehrilerimizle bulu\u015fturuyoruz. Bu i\u015f b\u00f6yle devam etmesin dedik ve sizlere daha kaliteli \u00fcr\u00fcnleri sunmak i\u00e7in bu fabrikam\u0131z\u0131 a\u00e7\u0131yoruz. Fabrikam\u0131z hem\u015fehrilerimizin b\u00fct\u00e7esine b\u00fcy\u00fck katk\u0131 sa\u011flayacak. Tam anlam\u0131yla hijyen kurallar\u0131na uygun olan fabrikam\u0131zda sofral\u0131k ekmek ve roll ekmek \u00fcretim alan\u0131, gl\u00fctensiz \u00fcr\u00fcnler \u00fcretim alan\u0131, ya\u015f pasta ve kuru pasta \u00fcretim alan\u0131, simit po\u011fa\u00e7a \u00fcretim alan\u0131, Halk Et par\u00e7alama alan\u0131 ve end\u00fcstriyel mutfa\u011f\u0131 yer al\u0131yor. Halk Ekmek B\u00fcfelerimiz bug\u00fcn itibariyle 50 mahallemizin bulundu\u011fu Merkezefendi\u2019mizde 28 noktada hizmet veriyor. G\u00fcnl\u00fck ortalama 18 bin ekme\u011fi hem\u015fehrilerimize ula\u015ft\u0131r\u0131yoruz. Yar\u0131ndan itibaren bu fabrikam\u0131zda g\u00fcnl\u00fck ortalama 25 bin ekmek \u00e7\u0131karmaya ba\u015flayaca\u011f\u0131z. B\u00f6ylelikle hem\u015fehrilerimizin, b\u00fct\u00e7elerinden 32 Milyon TL tasarruf etmesini sa\u011flam\u0131\u015f olaca\u011f\u0131z. 3600 metrekare kapal\u0131 alan\u0131 bulunan bu fabrikam\u0131zda g\u00fcnl\u00fck 120 bin ekme\u011fi \u00e7\u0131karacak g\u00fc\u00e7te ve kapasitedeyiz. Fabrikam\u0131z\u0131 bilin\u00e7li olarak \u015fehir merkezimizin d\u0131\u015f\u0131nda tuttuk. Ya\u015fanabilecek bir felakette bu fabrikam\u0131z \u00fcretime devam edecek&#8221; ifadelerini kulland\u0131.<\/p>\n<p>&#8220;Yak\u0131nda Merkezefendi Halk Market\u2019i de hizmete a\u00e7aca\u011f\u0131z&#8221;<br \/>\n<br \/>Emeklilere bir m\u00fcjde daha veren Merkezefendi Belediye Ba\u015fkan\u0131 \u015eeniz Do\u011fan, Merkezefendi Halk Market\u2019i de yak\u0131nda a\u00e7acaklar\u0131n\u0131 s\u00f6yledi.  Do\u011fan,  \u015f\u00f6yle konu\u015ftu:<br \/>\n<br \/>&#8220;Hizmete a\u00e7t\u0131\u011f\u0131m\u0131z Halk Et Ma\u011fazam\u0131zda emeklilerimiz indirimlerden yararlanmaya devam ediyor. Halk Et Ma\u011fazam\u0131zda \u00e7ok g\u00fczel \u00e7al\u0131\u015f\u0131yor. Yak\u0131nda hizmete a\u00e7aca\u011f\u0131m\u0131z Merkezefendi Halk Market ile de emeklilerimizin ve hem\u015fehrilerimizin yan\u0131nda olaca\u011f\u0131z. Merkezefendi Halk Market\u2019imizde de emeklilerimiz indirimlerden yararlanacak. Onlar\u0131n da ge\u00e7im s\u0131k\u0131nt\u0131s\u0131 ya\u015fad\u0131\u011f\u0131n\u0131 biliyor ve bu bilin\u00e7li \u00e7al\u0131\u015f\u0131yoruz. Emeklilerimize moral olsun&#8221; dedi.<\/p>\n<p>&#8220;Ba\u015fkan\u0131m\u0131z\u0131n hizmetleri ile gurur duyuyoruz&#8221;<br \/>\n<br \/>Denizli B\u00fcy\u00fck\u015fehir Belediyesi Ba\u015fkan Vekili Ali Mar\u0131m, &#8220;Havan\u0131n so\u011fuk olmas\u0131na ra\u011fmen, \u015eeniz Ba\u015fkan\u0131m\u0131z\u0131n bu hizmeti i\u00e7imizi \u0131s\u0131tt\u0131. \u015eeniz Ba\u015fkan\u0131m\u0131z, Merkezefendi\u2019de anne y\u00fcre\u011fiyle ve \u015fefkatiyle hem\u015fehrilerimiz i\u00e7in \u00e7al\u0131\u015f\u0131yor. T\u00fcm belediye ba\u015fkanlar\u0131m\u0131z ger\u00e7ekle\u015ftirdikleri projeler ile \u00fclkemize \u00f6rnek oluyor. Mutlu bir kent olu\u015fturma hedefi, t\u00fcm belediye ba\u015fkanlar\u0131m\u0131z\u0131n \u00f6nceli\u011fidir. \u015eeniz Ba\u015fkan\u0131m\u0131z\u0131n bu zamana kadar yapm\u0131\u015f oldu\u011fu hizmetler ile gurur duyuyoruz. Bu ba\u015far\u0131lar\u0131ndan dolay\u0131 tebrik ediyorum. Halk Ekmek Fabrikam\u0131z hay\u0131rl\u0131 olsun&#8221; diye konu\u015ftu.<\/p>\n<p>A\u00e7\u0131l\u0131\u015f konu\u015fmalar\u0131n\u0131n ard\u0131ndan protokol \u00fcyeleri, Merkezefendi Halk Ekmek Fabrikas\u0131\u2019n\u0131n a\u00e7\u0131l\u0131\u015f kurdelesini kesti. A\u00e7\u0131l\u0131\u015f\u0131n ard\u0131ndan protokol \u00fcyeleri ve vatanda\u015flar, hijyen kurallar\u0131na uygun olarak fabrikay\u0131 incelediler. A\u00e7\u0131l\u0131\u015f t\u00f6reninde Merkezefendi Halk Ekmek ve Merkezefendi Halk Et \u00fcr\u00fcnleri de kat\u0131l\u0131mc\u0131lara ikram edildi.<br \/><\/p>\n","protected":false},"excerpt":{"rendered":"<p>Merkezefendi Belediyesi, Denizli\u2019nin ilk Halk Ekmek Fabrikas\u0131n\u0131 t\u00f6renle hizmete a\u00e7t\u0131. Fabrikan\u0131n Ege\u2019nin en b\u00fcy\u00fck entegre ekmek \u00fcretim tesisi oldu\u011funu belirten Merkezefendi Belediye Ba\u015fkan\u0131 \u015eeniz Do\u011fan, &#8220;Halk S\u00fct, Halk Ekmek ve Halk Et\u2019i ayn\u0131 anda sunan ilk ve tek il\u00e7e belediyesi olarak, Denizli\u2019nin ilk Halk Ekmek Fabrikas\u0131n\u0131 da hizmete a\u00e7\u0131yoruz. Merkezefendimize ve Denizlimize hay\u0131rl\u0131 olsun&#8221; dedi&#8230;.<\/p>\n","protected":false},"author":1,"featured_media":16023,"comment_status":"open","ping_status":"open","sticky":false,"template":"","format":"standard","meta":{"_crdt_document":"","footnotes":""},"categories":[125],"tags":[],"class_list":["post-16022","post","type-post","status-publish","format-standard","has-post-thumbnail","hentry","category-ekonomi"],"_links":{"self":[{"href":"https:\/\/www.egemtv.com\/index.php?rest_route=\/wp\/v2\/posts\/16022","targetHints":{"allow":["GET"]}}],"collection":[{"href":"https:\/\/www.egemtv.com\/index.php?rest_route=\/wp\/v2\/posts"}],"about":[{"href":"https:\/\/www.egemtv.com\/index.php?rest_route=\/wp\/v2\/types\/post"}],"author":[{"embeddable":true,"href":"https:\/\/www.egemtv.com\/index.php?rest_route=\/wp\/v2\/users\/1"}],"replies":[{"embeddable":true,"href":"https:\/\/www.egemtv.com\/index.php?rest_route=%2Fwp%2Fv2%2Fcomments&post=16022"}],"version-history":[{"count":1,"href":"https:\/\/www.egemtv.com\/index.php?rest_route=\/wp\/v2\/posts\/16022\/revisions"}],"predecessor-version":[{"id":16024,"href":"https:\/\/www.egemtv.com\/index.php?rest_route=\/wp\/v2\/posts\/16022\/revisions\/16024"}],"wp:featuredmedia":[{"embeddable":true,"href":"https:\/\/www.egemtv.com\/index.php?rest_route=\/wp\/v2\/media\/16023"}],"wp:attachment":[{"href":"https:\/\/www.egemtv.com\/index.php?rest_route=%2Fwp%2Fv2%2Fmedia&parent=16022"}],"wp:term":[{"taxonomy":"category","embeddable":true,"href":"https:\/\/www.egemtv.com\/index.php?rest_route=%2Fwp%2Fv2%2Fcategories&post=16022"},{"taxonomy":"post_tag","embeddable":true,"href":"https:\/\/www.egemtv.com\/index.php?rest_route=%2Fwp%2Fv2%2Ftags&post=16022"}],"curies":[{"name":"wp","href":"https:\/\/api.w.org\/{rel}","templated":true}]}}