{"id":16019,"date":"2025-02-06T09:59:36","date_gmt":"2025-02-06T06:59:36","guid":{"rendered":"https:\/\/www.egemtv.com\/?p=16019"},"modified":"2025-02-06T09:59:41","modified_gmt":"2025-02-06T06:59:41","slug":"cinede-genc-gonulluler-cocuklarla-bulustu","status":"publish","type":"post","link":"https:\/\/www.egemtv.com\/?p=16019","title":{"rendered":"\u00c7ine\u2019de gen\u00e7 g\u00f6n\u00fcll\u00fcler \u00e7ocuklarla bulu\u015ftu"},"content":{"rendered":"<p>Ayd\u0131n\u2019\u0131n \u00c7ine il\u00e7esinde hayata ge\u00e7irilen \u2019Gen\u00e7 G\u00f6n\u00fcll\u00fcler, \u00c7ocuk G\u00f6n\u00fcll\u00fclerle Bulu\u015fuyor\u2019 projesi kapsam\u0131nda \u00e7e\u015fitli etkinlikler ger\u00e7ekle\u015ftirildi.<\/p>\n<p>Diyanet \u0130\u015fleri Ba\u015fkanl\u0131\u011f\u0131; ortaokul, lise, \u00fcniversite d\u00fczeyindeki \u00f6\u011frencilere y\u00f6nelik ger\u00e7ekle\u015ftirdi\u011fi \u00e7al\u0131\u015fmalar\u0131na ilkokul \u00f6\u011frencilerini de ekleyerek  \u2019Gen\u00e7 G\u00f6n\u00fcller, \u00c7ocuk G\u00f6n\u00fcllerle Bulu\u015fuyor\u2019 projesini hayata ge\u00e7irdi. Nesiller aras\u0131ndaki etkile\u015fimi art\u0131rmak ve onlara do\u011fru bir rol model sunabilmek gayesi ile ba\u015flat\u0131lan proje kapsam\u0131nda \u00fcniversite ve lise \u00f6\u011frencisi gen\u00e7 g\u00f6n\u00fcll\u00fcler, ilkokulda \u00f6\u011frenim g\u00f6ren karde\u015flerine y\u00f6nelik etkinlikler d\u00fczenleyerek, onlara do\u011fru bir \u015fekilde rehberlik etmeye \u00e7al\u0131\u015f\u0131yor. Bu kapsamda \u00c7ine \u0130l\u00e7e M\u00fcft\u00fcl\u00fc\u011f\u00fc Gen\u00e7lik Merkezi\u2019nde ger\u00e7ekle\u015ftirilen bulu\u015fmada, lise ve ortaokula giden gen\u00e7 g\u00f6n\u00fcll\u00fcler ile \u00e7ocuklar\u0131n bir araya geldi. Programda kitap okuma, ders \u00e7al\u0131\u015fma, de\u011ferler e\u011fitimi ve \u00e7e\u015fitli etkinlikler ger\u00e7ekle\u015ftirildi. Hem e\u011flenip hem \u00f6\u011frenen \u00e7ocuklar, proje kapsam\u0131nda kayna\u015fman\u0131n \u00f6nemini idrak ederken program yap\u0131lan ikram ile son buldu.<br \/><\/p>\n","protected":false},"excerpt":{"rendered":"<p>Ayd\u0131n\u2019\u0131n \u00c7ine il\u00e7esinde hayata ge\u00e7irilen \u2019Gen\u00e7 G\u00f6n\u00fcll\u00fcler, \u00c7ocuk G\u00f6n\u00fcll\u00fclerle Bulu\u015fuyor\u2019 projesi kapsam\u0131nda \u00e7e\u015fitli etkinlikler ger\u00e7ekle\u015ftirildi. Diyanet \u0130\u015fleri Ba\u015fkanl\u0131\u011f\u0131; ortaokul, lise, \u00fcniversite d\u00fczeyindeki \u00f6\u011frencilere y\u00f6nelik ger\u00e7ekle\u015ftirdi\u011fi \u00e7al\u0131\u015fmalar\u0131na ilkokul \u00f6\u011frencilerini de ekleyerek \u2019Gen\u00e7 G\u00f6n\u00fcller, \u00c7ocuk G\u00f6n\u00fcllerle Bulu\u015fuyor\u2019 projesini hayata ge\u00e7irdi. Nesiller aras\u0131ndaki etkile\u015fimi art\u0131rmak ve onlara do\u011fru bir rol model sunabilmek gayesi ile ba\u015flat\u0131lan proje kapsam\u0131nda \u00fcniversite&#8230;<\/p>\n","protected":false},"author":1,"featured_media":16020,"comment_status":"open","ping_status":"open","sticky":false,"template":"","format":"standard","meta":{"_crdt_document":"","footnotes":""},"categories":[1],"tags":[],"class_list":["post-16019","post","type-post","status-publish","format-standard","has-post-thumbnail","hentry","category-guncel"],"_links":{"self":[{"href":"https:\/\/www.egemtv.com\/index.php?rest_route=\/wp\/v2\/posts\/16019","targetHints":{"allow":["GET"]}}],"collection":[{"href":"https:\/\/www.egemtv.com\/index.php?rest_route=\/wp\/v2\/posts"}],"about":[{"href":"https:\/\/www.egemtv.com\/index.php?rest_route=\/wp\/v2\/types\/post"}],"author":[{"embeddable":true,"href":"https:\/\/www.egemtv.com\/index.php?rest_route=\/wp\/v2\/users\/1"}],"replies":[{"embeddable":true,"href":"https:\/\/www.egemtv.com\/index.php?rest_route=%2Fwp%2Fv2%2Fcomments&post=16019"}],"version-history":[{"count":1,"href":"https:\/\/www.egemtv.com\/index.php?rest_route=\/wp\/v2\/posts\/16019\/revisions"}],"predecessor-version":[{"id":16021,"href":"https:\/\/www.egemtv.com\/index.php?rest_route=\/wp\/v2\/posts\/16019\/revisions\/16021"}],"wp:featuredmedia":[{"embeddable":true,"href":"https:\/\/www.egemtv.com\/index.php?rest_route=\/wp\/v2\/media\/16020"}],"wp:attachment":[{"href":"https:\/\/www.egemtv.com\/index.php?rest_route=%2Fwp%2Fv2%2Fmedia&parent=16019"}],"wp:term":[{"taxonomy":"category","embeddable":true,"href":"https:\/\/www.egemtv.com\/index.php?rest_route=%2Fwp%2Fv2%2Fcategories&post=16019"},{"taxonomy":"post_tag","embeddable":true,"href":"https:\/\/www.egemtv.com\/index.php?rest_route=%2Fwp%2Fv2%2Ftags&post=16019"}],"curies":[{"name":"wp","href":"https:\/\/api.w.org\/{rel}","templated":true}]}}