{"id":16016,"date":"2025-02-06T09:59:33","date_gmt":"2025-02-06T06:59:33","guid":{"rendered":"https:\/\/www.egemtv.com\/?p=16016"},"modified":"2025-02-06T09:59:35","modified_gmt":"2025-02-06T06:59:35","slug":"didimli-kaptan-motosiklet-kazasinda-hayatini-kaybetti","status":"publish","type":"post","link":"https:\/\/www.egemtv.com\/?p=16016","title":{"rendered":"Didimli kaptan motosiklet kazas\u0131nda hayat\u0131n\u0131 kaybetti"},"content":{"rendered":"<p>Ayd\u0131n\u2019\u0131n Didim il\u00e7esinde kaptanl\u0131k yapan, 3 \u00e7ocuk babas\u0131 Y\u0131ld\u0131ray \u00c7il (42), ge\u00e7irdi\u011fi motosiklet kazas\u0131 sonras\u0131 3 g\u00fcnd\u00fcr tedavi g\u00f6rd\u00fc\u011f\u00fc hastanede hayat\u0131n\u0131 kaybetti.<\/p>\n<p>Kaza, S\u00f6ke-Bodrum yolu Selimiye Mahallesi\u2019nde meydana geldi. Edinilen bilgiye g\u00f6re, 3 \u015eubat Pazartesi g\u00fcn\u00fc Mu\u011fla\u2019n\u0131n K\u00f6yce\u011fiz il\u00e7esine giden 42 ya\u015f\u0131ndaki Y\u0131ld\u0131ray \u00c7il, Didim\u2019e d\u00f6nmek i\u00e7in motosikletle yola \u00e7\u0131kt\u0131. Milas\u2019\u0131n Selimiye Mahallesi\u2019nde ya\u011fmurdan kayganla\u015fan yolda direksiyon hakimiyetini kaybeden \u00c7il, kaza ge\u00e7irdi. Ba\u015f\u0131ndan yaralanan \u00c7il, Milas Devlet Hastanesi\u2019ne kald\u0131r\u0131ld\u0131. Beyin kanamas\u0131 ge\u00e7iren \u00c7il\u2019e hastanede m\u00fcdahale edildi. 3 g\u00fcnd\u00fcr hastanede ya\u015fam m\u00fccadelesi veren \u00c7il, hayat\u0131n\u0131 kaybetti. \u00c7il\u2019in cenazesi memleketi olan Mu\u011fla\u2019n\u0131n K\u00f6yce\u011fiz \u0130l\u00e7esine ba\u011fl\u0131 Beyobas\u0131 Mahallesi\u2019nde topra\u011fa verildi. &#8220;Y\u0131ldo kaptan&#8221; olarak bilinen Y\u0131ld\u0131ray \u00c7il\u2019in, uzak gemi kaptanl\u0131\u011f\u0131n\u0131n yan\u0131 s\u0131ra ticari tekne kaptanl\u0131\u011f\u0131 da yapt\u0131\u011f\u0131 \u00f6\u011frenildi.<br \/><\/p>\n","protected":false},"excerpt":{"rendered":"<p>Ayd\u0131n\u2019\u0131n Didim il\u00e7esinde kaptanl\u0131k yapan, 3 \u00e7ocuk babas\u0131 Y\u0131ld\u0131ray \u00c7il (42), ge\u00e7irdi\u011fi motosiklet kazas\u0131 sonras\u0131 3 g\u00fcnd\u00fcr tedavi g\u00f6rd\u00fc\u011f\u00fc hastanede hayat\u0131n\u0131 kaybetti. Kaza, S\u00f6ke-Bodrum yolu Selimiye Mahallesi\u2019nde meydana geldi. Edinilen bilgiye g\u00f6re, 3 \u015eubat Pazartesi g\u00fcn\u00fc Mu\u011fla\u2019n\u0131n K\u00f6yce\u011fiz il\u00e7esine giden 42 ya\u015f\u0131ndaki Y\u0131ld\u0131ray \u00c7il, Didim\u2019e d\u00f6nmek i\u00e7in motosikletle yola \u00e7\u0131kt\u0131. Milas\u2019\u0131n Selimiye Mahallesi\u2019nde ya\u011fmurdan kayganla\u015fan&#8230;<\/p>\n","protected":false},"author":1,"featured_media":16017,"comment_status":"open","ping_status":"open","sticky":false,"template":"","format":"standard","meta":{"_crdt_document":"","footnotes":""},"categories":[5],"tags":[],"class_list":["post-16016","post","type-post","status-publish","format-standard","has-post-thumbnail","hentry","category-asayis"],"_links":{"self":[{"href":"https:\/\/www.egemtv.com\/index.php?rest_route=\/wp\/v2\/posts\/16016","targetHints":{"allow":["GET"]}}],"collection":[{"href":"https:\/\/www.egemtv.com\/index.php?rest_route=\/wp\/v2\/posts"}],"about":[{"href":"https:\/\/www.egemtv.com\/index.php?rest_route=\/wp\/v2\/types\/post"}],"author":[{"embeddable":true,"href":"https:\/\/www.egemtv.com\/index.php?rest_route=\/wp\/v2\/users\/1"}],"replies":[{"embeddable":true,"href":"https:\/\/www.egemtv.com\/index.php?rest_route=%2Fwp%2Fv2%2Fcomments&post=16016"}],"version-history":[{"count":1,"href":"https:\/\/www.egemtv.com\/index.php?rest_route=\/wp\/v2\/posts\/16016\/revisions"}],"predecessor-version":[{"id":16018,"href":"https:\/\/www.egemtv.com\/index.php?rest_route=\/wp\/v2\/posts\/16016\/revisions\/16018"}],"wp:featuredmedia":[{"embeddable":true,"href":"https:\/\/www.egemtv.com\/index.php?rest_route=\/wp\/v2\/media\/16017"}],"wp:attachment":[{"href":"https:\/\/www.egemtv.com\/index.php?rest_route=%2Fwp%2Fv2%2Fmedia&parent=16016"}],"wp:term":[{"taxonomy":"category","embeddable":true,"href":"https:\/\/www.egemtv.com\/index.php?rest_route=%2Fwp%2Fv2%2Fcategories&post=16016"},{"taxonomy":"post_tag","embeddable":true,"href":"https:\/\/www.egemtv.com\/index.php?rest_route=%2Fwp%2Fv2%2Ftags&post=16016"}],"curies":[{"name":"wp","href":"https:\/\/api.w.org\/{rel}","templated":true}]}}