{"id":16013,"date":"2025-02-06T09:52:45","date_gmt":"2025-02-06T06:52:45","guid":{"rendered":"https:\/\/www.egemtv.com\/?p=16013"},"modified":"2025-02-06T09:52:50","modified_gmt":"2025-02-06T06:52:50","slug":"okul-servisinde-ogrendikleri-siirleri-ailelerine-okudular","status":"publish","type":"post","link":"https:\/\/www.egemtv.com\/?p=16013","title":{"rendered":"Okul servisinde \u00f6\u011frendikleri \u015fiirleri ailelerine okudular"},"content":{"rendered":"<p>Denizli\u2019de servis \u015fof\u00f6r\u00fc H\u00fcseyin Alata\u015f, sabah aksam okula getirip g\u00f6t\u00fcrd\u00fc\u011f\u00fc \u00f6\u011frencilere \u015fiirler ezberletti. Okul servisinde \u00f6\u011frendikleri \u015fiirleri \u00f6\u011frenciler d\u00fczenlenen etkinlikte anne babalar\u0131 i\u00e7in okudu.<\/p>\n<p>Denizli\u2019de 20 y\u0131ld\u0131r servis \u015fof\u00f6rl\u00fc\u011f\u00fc yapan H\u00fcseyin Alata\u015f, sabah ak\u015fam okula getirip g\u00f6t\u00fcrd\u00fc\u011f\u00fc ilkokul ve ortaokul \u00f6\u011frencilerine \u015fiirler ezberletti. Kendilerine  \u2018As\u0131m\u2019\u0131n Nesli \u015eiir Grubu\u2019 ad\u0131n\u0131 veren \u00f6\u011frenciler, okul servisinde ezberledikleri \u015fiirlerden mini konser haz\u0131rlad\u0131. Kitap kahvede d\u00fczenlenen etkinlikte servis \u015fof\u00f6r\u00fc H\u00fcseyin Alata\u015f, y\u00f6netiminde \u00f6\u011frenciler \u015fiirlerini anne ve babalar\u0131 i\u00e7in okudu. \u015eiir etkinli\u011fi boyunca davetliler ve \u00f6\u011frenci velileri duygu dolu anlar ya\u015fad\u0131.<\/p>\n<p>\u00d6\u011frencilere serviste \u015fiirler \u00f6\u011freten Alata\u015f, &#8220;As\u0131m\u2019\u0131n Nesli \u015eiir Grubu olarak milli \u015fairimiz Mehmet Akif\u2019in fikir ve duygular\u0131n\u0131 gelecek nesillere aktarmak istedik. Sabah aksam servisle \u00f6\u011frencilerimi okullar\u0131na g\u00f6t\u00fcr\u00fcrken zaman\u0131 \u00e7ok iyi kulland\u0131k. \u015eehrin sokaklar\u0131nda servis arac\u0131yla ilerlerken \u015fiirler okuduk, ezberler yapt\u0131k. Bu \u015fiirleri de \u00f6\u011frenci velilerimiz i\u00e7in d\u00fczenleyece\u011fimiz bir gecede seslendirmek istedik. 10 \u00f6\u011frencimizle birlikte \u00e7ok g\u00fczel bir \u015fiir etkinli\u011fi haz\u0131rlad\u0131k. Hepsine te\u015fekk\u00fcr ediyorum&#8221; dedi.<br \/>\n<br \/>Etkinli\u011fe ev sahipli\u011fi yapan H\u00fcseyin Karademir de As\u0131m\u2019\u0131n Nesli \u015eiir Grubundaki \u00f6\u011frencilere ve ailelerine te\u015fekk\u00fcr ederek, &#8220;\u0130stiklal \u015eairimiz Mehmet Akif Ersoy\u2019a, kanlar\u0131yla ve canlar\u0131yla bu vatan\u0131 bize emanet eden kahraman ecdad\u0131m\u0131za Allah\u2019tan rahmet diliyoruz. Mek\u00e2nlar\u0131 cennet olsun. Bu vatan\u0131n ebedi \u0130slam yurdu kalabilmesi i\u00e7in, gelecek nesillerimizin milli ve manevi de\u011ferleri \u00f6\u011frenmesi ve \u0130stiklal Mar\u015f\u0131 ruhunu,  ta\u015f\u0131mas\u0131 gerekmektedir. Bug\u00fcn millet olarak bu ruhu gelecek nesillere en iyi \u015fekilde aktarmal\u0131y\u0131z. Derdimiz \u0130stiklal Mar\u015f\u0131 ruhuna sahip ecdad\u0131n ruh k\u00f6k\u00fcne ba\u011fl\u0131 nesiller yeti\u015ftirmektir&#8221; dedi.<br \/>\n<br \/>\u015eiir okuma etkinli\u011finin ard\u0131ndan \u00f6\u011frencilere \u00e7e\u015fitli hediyeler verildi.<br \/><\/p>\n","protected":false},"excerpt":{"rendered":"<p>Denizli\u2019de servis \u015fof\u00f6r\u00fc H\u00fcseyin Alata\u015f, sabah aksam okula getirip g\u00f6t\u00fcrd\u00fc\u011f\u00fc \u00f6\u011frencilere \u015fiirler ezberletti. Okul servisinde \u00f6\u011frendikleri \u015fiirleri \u00f6\u011frenciler d\u00fczenlenen etkinlikte anne babalar\u0131 i\u00e7in okudu. Denizli\u2019de 20 y\u0131ld\u0131r servis \u015fof\u00f6rl\u00fc\u011f\u00fc yapan H\u00fcseyin Alata\u015f, sabah ak\u015fam okula getirip g\u00f6t\u00fcrd\u00fc\u011f\u00fc ilkokul ve ortaokul \u00f6\u011frencilerine \u015fiirler ezberletti. Kendilerine \u2018As\u0131m\u2019\u0131n Nesli \u015eiir Grubu\u2019 ad\u0131n\u0131 veren \u00f6\u011frenciler, okul servisinde ezberledikleri \u015fiirlerden&#8230;<\/p>\n","protected":false},"author":1,"featured_media":16014,"comment_status":"open","ping_status":"open","sticky":false,"template":"","format":"standard","meta":{"_crdt_document":"","footnotes":""},"categories":[1],"tags":[],"class_list":["post-16013","post","type-post","status-publish","format-standard","has-post-thumbnail","hentry","category-guncel"],"_links":{"self":[{"href":"https:\/\/www.egemtv.com\/index.php?rest_route=\/wp\/v2\/posts\/16013","targetHints":{"allow":["GET"]}}],"collection":[{"href":"https:\/\/www.egemtv.com\/index.php?rest_route=\/wp\/v2\/posts"}],"about":[{"href":"https:\/\/www.egemtv.com\/index.php?rest_route=\/wp\/v2\/types\/post"}],"author":[{"embeddable":true,"href":"https:\/\/www.egemtv.com\/index.php?rest_route=\/wp\/v2\/users\/1"}],"replies":[{"embeddable":true,"href":"https:\/\/www.egemtv.com\/index.php?rest_route=%2Fwp%2Fv2%2Fcomments&post=16013"}],"version-history":[{"count":1,"href":"https:\/\/www.egemtv.com\/index.php?rest_route=\/wp\/v2\/posts\/16013\/revisions"}],"predecessor-version":[{"id":16015,"href":"https:\/\/www.egemtv.com\/index.php?rest_route=\/wp\/v2\/posts\/16013\/revisions\/16015"}],"wp:featuredmedia":[{"embeddable":true,"href":"https:\/\/www.egemtv.com\/index.php?rest_route=\/wp\/v2\/media\/16014"}],"wp:attachment":[{"href":"https:\/\/www.egemtv.com\/index.php?rest_route=%2Fwp%2Fv2%2Fmedia&parent=16013"}],"wp:term":[{"taxonomy":"category","embeddable":true,"href":"https:\/\/www.egemtv.com\/index.php?rest_route=%2Fwp%2Fv2%2Fcategories&post=16013"},{"taxonomy":"post_tag","embeddable":true,"href":"https:\/\/www.egemtv.com\/index.php?rest_route=%2Fwp%2Fv2%2Ftags&post=16013"}],"curies":[{"name":"wp","href":"https:\/\/api.w.org\/{rel}","templated":true}]}}