{"id":16007,"date":"2025-02-06T09:40:45","date_gmt":"2025-02-06T06:40:45","guid":{"rendered":"https:\/\/www.egemtv.com\/?p=16007"},"modified":"2025-02-06T09:40:49","modified_gmt":"2025-02-06T06:40:49","slug":"marmaris-fuarda-ilgi-goren-stantlar-arasinda-yer-aldi","status":"publish","type":"post","link":"https:\/\/www.egemtv.com\/?p=16007","title":{"rendered":"Marmaris, fuarda ilgi g\u00f6ren stantlar aras\u0131nda yer ald\u0131"},"content":{"rendered":"<p>D\u00fcnyan\u0131n en b\u00fcy\u00fck 5 turizm fuar\u0131ndan birisi olarak g\u00f6sterilen 28\u2019inci Do\u011fu Akdeniz Uluslararas\u0131 Turizm ve Seyahat Fuar\u0131 (EM\u0130TT) kap\u0131lar\u0131n\u0131 a\u00e7arken, Marmaris stand\u0131 fuar\u0131n en \u00e7ok ilgi g\u00f6ren yerlerinden biri oldu.<\/p>\n<p>Turizm profesyonelleri ile tatil tutkunlar\u0131n\u0131 bulu\u015fturan 28\u2019inci Do\u011fu Akdeniz Uluslararas\u0131 Turizm ve Seyahat Fuar\u0131 &#8211; EMITT \u0130stanbul T\u00dcYAP Fuar ve Kongre Merkezi\u2019nde ba\u015flad\u0131. \u0130stanbul Valisi Davut G\u00fcl, \u0130stanbul B\u00fcy\u00fck\u015fehir Belediye Ba\u015fkan\u0131 Ekrem \u0130mamo\u011flu, Mu\u011fla B\u00fcy\u00fck\u015fehir Belediye Ba\u015fkan\u0131 Ahmet Aras ve \u00e7ok say\u0131da davetlinin kat\u0131l\u0131m\u0131 ile a\u00e7\u0131l\u0131\u015f\u0131 yap\u0131lan fuarda Marmaris stand\u0131 yo\u011fun bir ilgiyle kar\u015f\u0131land\u0131.<\/p>\n<p>Marmaris Belediyesi, Marmaris Ticaret Odas\u0131, GETOB, Deniz Ticaret Odas\u0131 ba\u015fta olmak \u00fczere oteller ve seyahat acentelerinin yer ald\u0131\u011f\u0131 Marmaris stantta bir de a\u00e7\u0131l\u0131\u015f kokteyli d\u00fczenlendi. Marmaris Belediye Ba\u015fkan\u0131 Acar \u00dcnl\u00fc, Marmaris Ticaret Odas\u0131 Ba\u015fkan\u0131 Mutlu Ayhan, GETOB Ba\u015fkan\u0131 Cengiz Ayg\u00fcn, Deniz Ticaret Odas\u0131 Ba\u015fkan\u0131 Halil Ba\u011fl\u0131, Meclis \u00dcyeleri Fahri Tan, Okan Uslu, Pelin Yaylal\u0131 Pala ve Alara Karg\u0131n\u2019\u0131n misafirleri a\u011f\u0131rlad\u0131\u011f\u0131 standa ilgi yo\u011fun oldu.<\/p>\n<p>Fuar ve \u00f6n\u00fcm\u00fczdeki sezona dair a\u00e7\u0131klamalarda bulunan Ba\u015fkan Acar \u00dcnl\u00fc, &#8220;D\u00fcnyan\u0131n incisi Marmaris\u2019imizin turizm \u00e7e\u015fitlili\u011fini ve pazar pay\u0131n\u0131 artt\u0131rmak i\u00e7in t\u00fcm payda\u015flar\u0131m\u0131zla tan\u0131t\u0131m \u00e7al\u0131\u015fmalar\u0131na devam ediyoruz. Bu fuar T\u00fcrkiye\u2019nin ilk b\u00fcy\u00fct boyutlu profesyonel turizm fuarlar\u0131ndan biri. Biz de Marmaris olarak her sene oldu\u011fu gibi bu sene de kat\u0131l\u0131m ger\u00e7ekle\u015ftirdik. B\u00fct\u00fcn ziyaret\u00e7ileri Marmaris ile ilgili bilgi almaya buraya sonra da Marmaris\u2019e davet ediyoruz&#8221; dedi.<\/p>\n<p>Turizmin \u00e7ok farkl\u0131 dinamiklere ba\u011fl\u0131 olarak de\u011fi\u015fkenlik g\u00f6sterebildi\u011fini ifade eden \u00dcnl\u00fc, &#8220;Turizm bar\u0131\u015f ve huzur ortam\u0131n\u0131 seviyor. \u00dclkenin genel olarak i\u00e7inde bulundu\u011fu durum turizm destinasyonlar\u0131n\u0131n operasyonlar\u0131n\u0131 \u00e7ok ciddi bir \u015fekilde direkt etkiliyor. O y\u00fczden bizim beklentimiz, haz\u0131rl\u0131klar\u0131m\u0131z y\u00fcksek. Umuyoruz ki bu sene \u00fclkemizde ve etraf\u0131m\u0131zda her \u015fey yolunda gider ve bekledi\u011fimiz iyi bir sezonu ya\u015far\u0131z&#8221; \u015feklinde konu\u015ftu. Ba\u015fkan \u00dcnl\u00fc &#8220;Stand\u0131m\u0131za yo\u011fun ilgi g\u00f6steren t\u00fcm misafirlerimize ve kat\u0131l\u0131mc\u0131lara te\u015fekk\u00fcrlerimi sunuyor; herkesi stand\u0131m\u0131za davet ediyorum&#8221; diyerek s\u00f6zlerini bitirdi.<br \/><\/p>\n","protected":false},"excerpt":{"rendered":"<p>D\u00fcnyan\u0131n en b\u00fcy\u00fck 5 turizm fuar\u0131ndan birisi olarak g\u00f6sterilen 28\u2019inci Do\u011fu Akdeniz Uluslararas\u0131 Turizm ve Seyahat Fuar\u0131 (EM\u0130TT) kap\u0131lar\u0131n\u0131 a\u00e7arken, Marmaris stand\u0131 fuar\u0131n en \u00e7ok ilgi g\u00f6ren yerlerinden biri oldu. Turizm profesyonelleri ile tatil tutkunlar\u0131n\u0131 bulu\u015fturan 28\u2019inci Do\u011fu Akdeniz Uluslararas\u0131 Turizm ve Seyahat Fuar\u0131 &#8211; EMITT \u0130stanbul T\u00dcYAP Fuar ve Kongre Merkezi\u2019nde ba\u015flad\u0131. \u0130stanbul Valisi&#8230;<\/p>\n","protected":false},"author":1,"featured_media":16008,"comment_status":"open","ping_status":"open","sticky":false,"template":"","format":"standard","meta":{"_crdt_document":"","footnotes":""},"categories":[1],"tags":[],"class_list":["post-16007","post","type-post","status-publish","format-standard","has-post-thumbnail","hentry","category-guncel"],"_links":{"self":[{"href":"https:\/\/www.egemtv.com\/index.php?rest_route=\/wp\/v2\/posts\/16007","targetHints":{"allow":["GET"]}}],"collection":[{"href":"https:\/\/www.egemtv.com\/index.php?rest_route=\/wp\/v2\/posts"}],"about":[{"href":"https:\/\/www.egemtv.com\/index.php?rest_route=\/wp\/v2\/types\/post"}],"author":[{"embeddable":true,"href":"https:\/\/www.egemtv.com\/index.php?rest_route=\/wp\/v2\/users\/1"}],"replies":[{"embeddable":true,"href":"https:\/\/www.egemtv.com\/index.php?rest_route=%2Fwp%2Fv2%2Fcomments&post=16007"}],"version-history":[{"count":1,"href":"https:\/\/www.egemtv.com\/index.php?rest_route=\/wp\/v2\/posts\/16007\/revisions"}],"predecessor-version":[{"id":16009,"href":"https:\/\/www.egemtv.com\/index.php?rest_route=\/wp\/v2\/posts\/16007\/revisions\/16009"}],"wp:featuredmedia":[{"embeddable":true,"href":"https:\/\/www.egemtv.com\/index.php?rest_route=\/wp\/v2\/media\/16008"}],"wp:attachment":[{"href":"https:\/\/www.egemtv.com\/index.php?rest_route=%2Fwp%2Fv2%2Fmedia&parent=16007"}],"wp:term":[{"taxonomy":"category","embeddable":true,"href":"https:\/\/www.egemtv.com\/index.php?rest_route=%2Fwp%2Fv2%2Fcategories&post=16007"},{"taxonomy":"post_tag","embeddable":true,"href":"https:\/\/www.egemtv.com\/index.php?rest_route=%2Fwp%2Fv2%2Ftags&post=16007"}],"curies":[{"name":"wp","href":"https:\/\/api.w.org\/{rel}","templated":true}]}}