{"id":16004,"date":"2025-02-06T09:33:18","date_gmt":"2025-02-06T06:33:18","guid":{"rendered":"https:\/\/www.egemtv.com\/?p=16004"},"modified":"2025-02-06T09:33:22","modified_gmt":"2025-02-06T06:33:22","slug":"baskan-cercioglu-ve-ilce-belediye-baskanlari-aydinda-muhtemel-afetlere-karsi-hazir","status":"publish","type":"post","link":"https:\/\/www.egemtv.com\/?p=16004","title":{"rendered":"Ba\u015fkan \u00c7er\u00e7io\u011flu ve il\u00e7e belediye ba\u015fkanlar\u0131 Ayd\u0131n\u2019da muhtemel afetlere kar\u015f\u0131 haz\u0131r"},"content":{"rendered":"<p>Ayd\u0131n B\u00fcy\u00fck\u015fehir Belediye Ba\u015fkan\u0131 ve il\u00e7e belediye ba\u015fkanlar\u0131 muhtemel bir afete kar\u015f\u0131 haz\u0131rl\u0131k yapmak ve Ayd\u0131nl\u0131lar\u0131n can ve mal g\u00fcvenli\u011fini g\u00fcvence alt\u0131na almak amac\u0131yla afet acil eylem plan\u0131 toplant\u0131s\u0131 ger\u00e7ekle\u015ftirdi. 17 il\u00e7enin tamam\u0131nda hayata ge\u00e7irilen plan ile Ayd\u0131n kent genelinde afetlere kar\u015f\u0131 haz\u0131rl\u0131k yap\u0131l\u0131yor.<br \/>\n<br \/>\u2018Kriz Masas\u0131\u2019 olu\u015fturuldu<br \/>\n<br \/>Ege Denizi\u2019nde meydana gelen depremlerin ard\u0131ndan riskli iller aras\u0131nda bulunan Ayd\u0131n\u2019da harekete ge\u00e7ildi. Muhtemel bir afet \u00f6ncesi, an\u0131 ve sonras\u0131nda hayata ge\u00e7irilecek eylem ve tedbirler i\u00e7in kriz masas\u0131 olu\u015fturuldu.<br \/>\n<br \/>Belediyeler ve ilgili kurumlar ile koordine halinde \u00e7al\u0131\u015facak olan kriz masas\u0131, muhtemel bir depremin etkilerini en aza indirmek i\u00e7in kapsaml\u0131 risk analizi olu\u015fturuyor.<br \/>\n<br \/>Kent genelinde bulunan toplanma alanlar\u0131n\u0131n belirlendi\u011fini, afet sonras\u0131 i\u00e7in t\u00fcm alanlar\u0131n\u0131n gerekli altyap\u0131yla imal edildi\u011fini belirten Ba\u015fkan \u00c7er\u00e7io\u011flu, Ayd\u0131n\u2019\u0131n ya\u015fanabilecek afetlere kar\u015f\u0131 haz\u0131rl\u0131kl\u0131 oldu\u011funu, il\u00e7e belediyelerinin de haz\u0131rl\u0131klar\u0131n\u0131 tamamlad\u0131\u011f\u0131n\u0131, muhtemel afet sonras\u0131 destek illerinin de AFAD taraf\u0131ndan belirlenmi\u015f oldu\u011funu ifade etti. Ba\u015fkan \u00c7er\u00e7io\u011flu, B\u00fcy\u00fck\u015fehir Belediyesi ve il\u00e7e belediyelerinin, 7 g\u00fcn 24 saat teyakkuz halinde oldu\u011funu s\u00f6yleyerek acil durumlarda il\u00e7e belediyelerimiz ile birlikte Ayd\u0131nl\u0131lar\u0131n yan\u0131nda ve haz\u0131r olduklar\u0131n\u0131 belirtti.<br \/>\n<br \/>Olu\u015fturulan acil eylem plan\u0131 kapsam\u0131nda afet an\u0131nda ya\u015fanabilecek ileti\u015fim kesintilerinin \u00f6n\u00fcne ge\u00e7mek ve haberle\u015fme ara\u00e7lar\u0131n\u0131 afet sonras\u0131 da \u00e7al\u0131\u015f\u0131r halde tutmak i\u00e7in de \u00e7al\u0131\u015fmalar tamamland\u0131.<br \/>\n<br \/>Ba\u015fkan \u00c7er\u00e7io\u011flu: &#8220;Vatanda\u015flar\u0131m\u0131z\u0131n yan\u0131nday\u0131z, yanlar\u0131nda olmaya devam edece\u011fiz&#8221;<br \/>\n<br \/>Belediyelerin t\u00fcm ekipleri ile birlikte muhtemel bir afete kar\u015f\u0131 haz\u0131rl\u0131kl\u0131 oldu\u011funu belirten Ba\u015fkan \u00c7er\u00e7io\u011flu, &#8220;Ege Denizi\u2019nde ya\u015fanan sismik hareketlerdeki art\u0131\u015f sonras\u0131 belediyeler olarak acil eylem plan\u0131m\u0131z\u0131 hayata ge\u00e7irdik. T\u00fcm kurum ve kurulu\u015flarla i\u015f birli\u011fimizi devam ettiriyoruz. Ayd\u0131n\u0131m\u0131z\u0131n riskli iller aras\u0131nda bulundu\u011funun bilinciyle il\u00e7e belediyelerimiz ile koordine olarak \u00e7al\u0131\u015fmalar\u0131m\u0131z\u0131 ger\u00e7ekle\u015ftiriyoruz. Ekiplerimiz 7 g\u00fcn 24 saat teyakkuz halinde. Muhtemel bir afet durumunda hem\u015fehrilerimizin yan\u0131nda olmaya haz\u0131r\u0131z. Muhtemel riskleri en aza indirmek ve vatanda\u015flar\u0131m\u0131z\u0131n can ve mal g\u00fcvenli\u011fini sa\u011flamak amac\u0131yla \u00e7al\u0131\u015fmalar\u0131m\u0131za devam edece\u011fiz. Ayr\u0131ca t\u00fcm vatanda\u015flar\u0131m\u0131z\u0131 B\u00fcy\u00fck\u015fehir Belediyemizin \u00fccretsiz sundu\u011fu yap\u0131 analizlerinden faydalanmaya davet ediyorum&#8221; ifadelerini kulland\u0131.<br \/><\/p>\n","protected":false},"excerpt":{"rendered":"<p>Ayd\u0131n B\u00fcy\u00fck\u015fehir Belediye Ba\u015fkan\u0131 ve il\u00e7e belediye ba\u015fkanlar\u0131 muhtemel bir afete kar\u015f\u0131 haz\u0131rl\u0131k yapmak ve Ayd\u0131nl\u0131lar\u0131n can ve mal g\u00fcvenli\u011fini g\u00fcvence alt\u0131na almak amac\u0131yla afet acil eylem plan\u0131 toplant\u0131s\u0131 ger\u00e7ekle\u015ftirdi. 17 il\u00e7enin tamam\u0131nda hayata ge\u00e7irilen plan ile Ayd\u0131n kent genelinde afetlere kar\u015f\u0131 haz\u0131rl\u0131k yap\u0131l\u0131yor. \u2018Kriz Masas\u0131\u2019 olu\u015fturuldu Ege Denizi\u2019nde meydana gelen depremlerin ard\u0131ndan riskli iller&#8230;<\/p>\n","protected":false},"author":1,"featured_media":16005,"comment_status":"open","ping_status":"open","sticky":false,"template":"","format":"standard","meta":{"_crdt_document":"","footnotes":""},"categories":[1],"tags":[],"class_list":["post-16004","post","type-post","status-publish","format-standard","has-post-thumbnail","hentry","category-guncel"],"_links":{"self":[{"href":"https:\/\/www.egemtv.com\/index.php?rest_route=\/wp\/v2\/posts\/16004","targetHints":{"allow":["GET"]}}],"collection":[{"href":"https:\/\/www.egemtv.com\/index.php?rest_route=\/wp\/v2\/posts"}],"about":[{"href":"https:\/\/www.egemtv.com\/index.php?rest_route=\/wp\/v2\/types\/post"}],"author":[{"embeddable":true,"href":"https:\/\/www.egemtv.com\/index.php?rest_route=\/wp\/v2\/users\/1"}],"replies":[{"embeddable":true,"href":"https:\/\/www.egemtv.com\/index.php?rest_route=%2Fwp%2Fv2%2Fcomments&post=16004"}],"version-history":[{"count":1,"href":"https:\/\/www.egemtv.com\/index.php?rest_route=\/wp\/v2\/posts\/16004\/revisions"}],"predecessor-version":[{"id":16006,"href":"https:\/\/www.egemtv.com\/index.php?rest_route=\/wp\/v2\/posts\/16004\/revisions\/16006"}],"wp:featuredmedia":[{"embeddable":true,"href":"https:\/\/www.egemtv.com\/index.php?rest_route=\/wp\/v2\/media\/16005"}],"wp:attachment":[{"href":"https:\/\/www.egemtv.com\/index.php?rest_route=%2Fwp%2Fv2%2Fmedia&parent=16004"}],"wp:term":[{"taxonomy":"category","embeddable":true,"href":"https:\/\/www.egemtv.com\/index.php?rest_route=%2Fwp%2Fv2%2Fcategories&post=16004"},{"taxonomy":"post_tag","embeddable":true,"href":"https:\/\/www.egemtv.com\/index.php?rest_route=%2Fwp%2Fv2%2Ftags&post=16004"}],"curies":[{"name":"wp","href":"https:\/\/api.w.org\/{rel}","templated":true}]}}