{"id":16001,"date":"2025-02-06T09:33:12","date_gmt":"2025-02-06T06:33:12","guid":{"rendered":"https:\/\/www.egemtv.com\/?p=16001"},"modified":"2025-02-06T09:33:17","modified_gmt":"2025-02-06T06:33:17","slug":"guzelbahce-3-yas-universitesi-egitimleri-basladi","status":"publish","type":"post","link":"https:\/\/www.egemtv.com\/?p=16001","title":{"rendered":"G\u00fczelbah\u00e7e 3. Ya\u015f \u00dcniversitesi e\u011fitimleri ba\u015flad\u0131"},"content":{"rendered":"<p>G\u00fczelbah\u00e7e Belediyesi, G\u00fczelbah\u00e7e Kent Konseyi ve Ege Geriatri Derne\u011fi i\u015fbirli\u011fiyle \u00dc\u00e7\u00fcnc\u00fc Ya\u015f \u00dcniversitesi e\u011fitimleri start verdi.<br \/>\n<br \/>G\u00fczelbah\u00e7e Atat\u00fcrk K\u00fclt\u00fcr Merkezi Belediye Meclis Salonu\u2019nda ger\u00e7ekle\u015fen e\u011fitime G\u00fczelbah\u00e7e Belediye Ba\u015fkan Vekili Aylin Kitap\u00e7\u0131o\u011flu, G\u00fczelbah\u00e7e Kent Konseyi Ba\u015fkan\u0131 Oya T\u00fcrkeli, Ege Geriatri Derne\u011fi Ba\u015fkan\u0131 Mevl\u00fct \u00dclgen, muhtarlar ve G\u00fczelbah\u00e7eli vatanda\u015flar kat\u0131ld\u0131.<br \/>\n<br \/>G\u00fczelbah\u00e7e Belediye Ba\u015fkan Vekili Aylin Kitap\u00e7\u0131o\u011flu, \u00dc\u00e7\u00fcnc\u00fc Ya\u015f \u00dcniversitesi \u00f6\u011frencilerinin sosyal sorumluluk projeleri ve STK\u2019larda g\u00f6rev almalar\u0131n\u0131n e\u011fitim program\u0131n\u0131n \u00f6nemli bir unsuru olarak g\u00f6rerek, g\u00f6n\u00fcll\u00fcl\u00fc\u011f\u00fcn her ya\u015fta \u00fcretkenli\u011fi e\u011fitimi te\u015fvik etmek olaca\u011f\u0131n\u0131 s\u00f6yledi. Kitap\u00e7\u0131o\u011flu, \u2018\u2018E\u011fitimin ya\u015f\u0131 olmad\u0131\u011f\u0131na inan\u0131yor ve bu do\u011frultuda \u00dc\u00e7\u00fcnc\u00fc Ya\u015f \u00dcniversitesi\u2019ni desteklemekten gurur duyuyoruz. \u00dc\u00e7\u00fcnc\u00fc Ya\u015f \u00dcniversitesi, sadece yeni bilgiler edinmek de\u011fil, ayn\u0131 zamanda sosyal hayata daha aktif kat\u0131lmak, yeni dostluklar kurmak ve hayat\u0131n her an\u0131na de\u011fer katmak i\u00e7in \u00f6nemli bir f\u0131rsatt\u0131r. Tecr\u00fcbeleriniz, hayat bilgeli\u011finiz ve \u00f6\u011frenme azminiz bizlere de ilham kayna\u011f\u0131 olmaktad\u0131r. Say\u0131n Belediye Ba\u015fkan\u0131m\u0131z Mustafa G\u00fcnay\u2019\u0131n \u00f6nc\u00fcl\u00fc\u011f\u00fcnde, G\u00fczelbah\u00e7e\u2019nin sosyal ve k\u00fclt\u00fcrel hayat\u0131na de\u011fer katacak projeleri hayata ge\u00e7irmeye devam ediyoruz. \u00dc\u00e7\u00fcnc\u00fc Ya\u015f \u00dcniversitesi de bu vizyonun bir par\u00e7as\u0131 olarak, siz de\u011ferli kat\u0131l\u0131mc\u0131lar\u0131m\u0131za hem akademik hem de sosyal anlamda yeni ufuklar a\u00e7acakt\u0131r. Bug\u00fcn burada, \u00f6\u011frenmeye ve geli\u015fime olan ba\u011fl\u0131l\u0131\u011f\u0131n\u0131z\u0131 g\u00f6rmek bizleri daha da motive ediyor. Sizlerin bilgiye olan tutkusu, toplumumuz i\u00e7in b\u00fcy\u00fck bir kazan\u00e7t\u0131r. Hep birlikte daha g\u00fc\u00e7l\u00fc, daha bilin\u00e7li ve daha aktif bir toplumu in\u015fa edece\u011fimize inan\u0131yorum. Bu anlaml\u0131 projede eme\u011fi ge\u00e7en akademisyenlerimize, belediyemizin de\u011ferli \u00e7al\u0131\u015fanlar\u0131na ve en \u00f6nemlisi, \u00f6\u011frenme azmiyle buraya gelen siz k\u0131ymetli b\u00fcy\u00fcklerimize te\u015fekk\u00fcr ediyor, \u00dc\u00e7\u00fcnc\u00fc Ya\u015f \u00dcniversitesi\u2019nin hepimiz i\u00e7in hay\u0131rl\u0131 olmas\u0131n\u0131 diliyorum&#8221; diye konu\u015ftu.<br \/>\n<br \/>Sa\u011fl\u0131kl\u0131 Ya\u015flanma, Ya\u015fl\u0131l\u0131kta S\u0131k G\u00f6r\u00fclen Hastal\u0131klar, Psikoloji, Hukuk, Tarih, Arkeoloji, \u0130leti\u015fim, Fizik Tedavi ve Egzersiz, Palyatif Bak\u0131m ve Evde Bak\u0131m, Bah\u00e7e Bitkileri vb. derslerin oldu\u011fu e\u011fitim program\u0131nda erkekler i\u00e7in \u00f6rg\u00fc, kad\u0131nlar i\u00e7in k\u00fc\u00e7\u00fck tamirat, mutfak, T\u00fcrk Halk ve Sanat M\u00fczi\u011fi Korolar\u0131, Halk Danslar\u0131, Psiko Drama, Yoga gibi uygulamal\u0131 derslerin verilmesi planlan\u0131yor.<br \/><\/p>\n","protected":false},"excerpt":{"rendered":"<p>G\u00fczelbah\u00e7e Belediyesi, G\u00fczelbah\u00e7e Kent Konseyi ve Ege Geriatri Derne\u011fi i\u015fbirli\u011fiyle \u00dc\u00e7\u00fcnc\u00fc Ya\u015f \u00dcniversitesi e\u011fitimleri start verdi. G\u00fczelbah\u00e7e Atat\u00fcrk K\u00fclt\u00fcr Merkezi Belediye Meclis Salonu\u2019nda ger\u00e7ekle\u015fen e\u011fitime G\u00fczelbah\u00e7e Belediye Ba\u015fkan Vekili Aylin Kitap\u00e7\u0131o\u011flu, G\u00fczelbah\u00e7e Kent Konseyi Ba\u015fkan\u0131 Oya T\u00fcrkeli, Ege Geriatri Derne\u011fi Ba\u015fkan\u0131 Mevl\u00fct \u00dclgen, muhtarlar ve G\u00fczelbah\u00e7eli vatanda\u015flar kat\u0131ld\u0131. G\u00fczelbah\u00e7e Belediye Ba\u015fkan Vekili Aylin Kitap\u00e7\u0131o\u011flu, \u00dc\u00e7\u00fcnc\u00fc&#8230;<\/p>\n","protected":false},"author":1,"featured_media":16002,"comment_status":"open","ping_status":"open","sticky":false,"template":"","format":"standard","meta":{"_crdt_document":"","footnotes":""},"categories":[1],"tags":[],"class_list":["post-16001","post","type-post","status-publish","format-standard","has-post-thumbnail","hentry","category-guncel"],"_links":{"self":[{"href":"https:\/\/www.egemtv.com\/index.php?rest_route=\/wp\/v2\/posts\/16001","targetHints":{"allow":["GET"]}}],"collection":[{"href":"https:\/\/www.egemtv.com\/index.php?rest_route=\/wp\/v2\/posts"}],"about":[{"href":"https:\/\/www.egemtv.com\/index.php?rest_route=\/wp\/v2\/types\/post"}],"author":[{"embeddable":true,"href":"https:\/\/www.egemtv.com\/index.php?rest_route=\/wp\/v2\/users\/1"}],"replies":[{"embeddable":true,"href":"https:\/\/www.egemtv.com\/index.php?rest_route=%2Fwp%2Fv2%2Fcomments&post=16001"}],"version-history":[{"count":1,"href":"https:\/\/www.egemtv.com\/index.php?rest_route=\/wp\/v2\/posts\/16001\/revisions"}],"predecessor-version":[{"id":16003,"href":"https:\/\/www.egemtv.com\/index.php?rest_route=\/wp\/v2\/posts\/16001\/revisions\/16003"}],"wp:featuredmedia":[{"embeddable":true,"href":"https:\/\/www.egemtv.com\/index.php?rest_route=\/wp\/v2\/media\/16002"}],"wp:attachment":[{"href":"https:\/\/www.egemtv.com\/index.php?rest_route=%2Fwp%2Fv2%2Fmedia&parent=16001"}],"wp:term":[{"taxonomy":"category","embeddable":true,"href":"https:\/\/www.egemtv.com\/index.php?rest_route=%2Fwp%2Fv2%2Fcategories&post=16001"},{"taxonomy":"post_tag","embeddable":true,"href":"https:\/\/www.egemtv.com\/index.php?rest_route=%2Fwp%2Fv2%2Ftags&post=16001"}],"curies":[{"name":"wp","href":"https:\/\/api.w.org\/{rel}","templated":true}]}}