{"id":15998,"date":"2025-02-06T09:16:25","date_gmt":"2025-02-06T06:16:25","guid":{"rendered":"https:\/\/www.egemtv.com\/?p=15998"},"modified":"2025-02-06T09:16:30","modified_gmt":"2025-02-06T06:16:30","slug":"depremin-yaralarini-iyilikle-saracaklar","status":"publish","type":"post","link":"https:\/\/www.egemtv.com\/?p=15998","title":{"rendered":"Depremin yaralar\u0131n\u0131 iyilikle saracaklar"},"content":{"rendered":"<p>Ya\u015far \u00dcniversitesi Psikoloji ve \u00c7izgi Film ve Animasyon B\u00f6l\u00fcm\u00fc \u00f6\u011frencileri Ad\u0131yaman\u2019daki depremzede \u00e7ocuklara y\u00f6nelik haz\u0131rlad\u0131klar\u0131 sosyal sorumluluk projesi i\u00e7in bir araya geldi. Proje kapsam\u0131nda \u00e7ocuklar kendilerine \u00f6zel tasarlanan \u00fc\u00e7 boyutlu fig\u00fcrleri boyayarak kendi hediyelerini haz\u0131rlayacak.<br \/>\n<br \/>Sosyal sorumluluk dersi kapsam\u0131nda ortak proje haz\u0131rlayan Psikoloji ve \u00c7izgi Film ve Animasyon B\u00f6l\u00fcm\u00fc \u00f6\u011frencileri Ad\u0131yaman\u2019da deprem b\u00f6lgesinden 55 \u00e7ocu\u011fun hayallerini ger\u00e7ekle\u015ftirdi. Ya\u015flar\u0131 6-12 aras\u0131nda de\u011fi\u015fen 55 \u00e7ocuk, \u00fcniversiteli a\u011fabey ve ablalar\u0131n\u0131n tasarlad\u0131\u011f\u0131 fig\u00fcrler ve boyama kitaplar\u0131nda sevdikleri \u00e7izgi kahramanlar\u0131 boyayacak.<br \/>\n<br \/>Fatma Yaren \u00d6zko\u00e7ak, Berfin Sude T\u00fcr\u00fc, \u015eafak Say\u0131ld\u0131 ve Se\u00e7il Karaorman\u2019\u0131n koordinat\u00f6rl\u00fc\u011f\u00fcnde hayata ge\u00e7irilen proje ile ilgili bilgi veren Fatma Yaren \u00d6zko\u00e7ak, &#8220;Ge\u00e7ti\u011fimiz y\u0131l Ya\u015far \u00dcniversitesi Psikoloji Toplulu\u011fu olarak depremden etkilenen Hatay kentimizde bir k\u00fct\u00fcphane kurmu\u015ftuk. Orada edindi\u011fimiz deneyimlerle dayan\u0131\u015fman\u0131n ne kadar \u00f6nemli oldu\u011funu g\u00f6rd\u00fck. Bu nedenle bu y\u0131l yine deprem b\u00f6lgesinde farkl\u0131 bir kentte bir proje yapmak istedik. Bu y\u0131l yapt\u0131\u011f\u0131m\u0131z projede \u00c7izgi Tasar\u0131m Toplulu\u011fu ile birlikte \u00e7al\u0131\u015fmak \u00e7ok g\u00fczeldi. Habitat Derne\u011fi Ad\u0131yaman \u015eubesi ile ileti\u015fime ge\u00e7tik. B\u00f6lgede \u00e7ocuklarla \u00e7al\u0131\u015fmalar y\u00fcr\u00fcten Tansu \u00c7elik bize bu konuda destek oldu. Deprem b\u00f6lgesinde ya\u015fayan \u00e7ocuklar i\u00e7in bir proje hayata ge\u00e7irerek fark\u0131ndal\u0131k yaratmak istedik. Konteynerde ya\u015fayan 6-12 ya\u015f aral\u0131\u011f\u0131ndaki 55 \u00e7ocu\u011fa onlar i\u00e7in tasarlad\u0131\u011f\u0131m\u0131z fig\u00fcrlerden olu\u015fan katalo\u011fu g\u00f6nderdik. \u00c7ocuklar\u0131n katalogtan se\u00e7tikleri bu fig\u00fcrleri Ya\u015far \u00dcniversitesi Tasar\u0131m Uygulama ve Ara\u015ft\u0131rma Merkezi\u2019nde (Y\u00dcTAM) 3 boyutlu olarak \u00fcrettik. Bunlar\u0131 \u00e7ocuklara g\u00f6nderece\u011fiz. Onlar da kendi belirledikleri fig\u00fcrleri istedikleri gibi renklendirerek kendi hediyelerini kendileri haz\u0131rlam\u0131\u015f olacak. Asl\u0131nda kendi hediyesinin tasar\u0131m s\u00fcrecine katk\u0131 sa\u011flam\u0131\u015f olacak. Bu projeyi geli\u015ftirirken temel d\u00fc\u015f\u00fcncemiz \u00e7ocuklar\u0131n ald\u0131klar\u0131 bu hediyelerle ba\u011f kurmas\u0131n\u0131 sa\u011flamakt\u0131&#8221; dedi.<\/p>\n<p>Her \u00e7ocu\u011fa \u00f6zel kart<br \/>\n<br \/>Deprem b\u00f6lgesinde yaralar\u0131n tam anlam\u0131yla sar\u0131lamad\u0131\u011f\u0131n\u0131 vurgulayan Fatma Yaren \u00d6zko\u00e7ak, &#8220;\u00dczerinde biraz zaman ge\u00e7ince ya\u015fanan ac\u0131lara al\u0131\u015f\u0131l\u0131yoruz. Hayat bizler i\u00e7in normal seyrinde devam ederken deprem b\u00f6lgesinde \u00f6zellikle \u00e7ocuklar bir\u00e7ok zorlukla kar\u015f\u0131la\u015f\u0131yor. Bu proje ile onlara ho\u015f bir an\u0131 vermek istiyoruz. \u00c7ocuklara \u00fc\u00e7 boyutlu fig\u00fcrleri, f\u0131r\u00e7a, boya, ayr\u0131ca projeye kat\u0131lan \u00f6\u011frencilerle birlikte d\u00fczenledi\u011fimiz kart at\u00f6lyesinde her \u00e7ocu\u011fa \u00f6zel yaz\u0131lan kartlar\u0131, sosyal sorumluluk dersini alan \u00e7izgi film ve animasyon b\u00f6l\u00fcm\u00fcnden Maya Dalman\u2019\u0131n tasarlad\u0131\u011f\u0131 resim defterleri ve Ya\u015far \u00dcniversitesi Psikoloji B\u00f6l\u00fcm Ba\u015fkan\u0131 Do\u00e7.Dr. Oya Mortan Sevi hocam\u0131z\u0131n bir kitab\u0131n\u0131 da g\u00f6nderece\u011fiz. Bu noktada kitaplar\u0131n\u0131 payla\u015fan Do\u00e7.Dr. Oya Mortan Sevi, Sosyal Sorumluluk dersi ile bizleri te\u015fvik eden \u00d6\u011fretim G\u00f6revlisi Kevser \u00c7imenli ve Y\u00dcTAM\u2019\u0131n olanaklar\u0131ndan faydalanmam\u0131z\u0131 sa\u011flayan \u00d6\u011fretim G\u00f6revlisi Can G\u00fcvenir hocalar\u0131m\u0131za destekleri i\u00e7in \u00e7ok te\u015fekk\u00fcr ederiz&#8221; diye konu\u015ftu.<br \/><\/p>\n","protected":false},"excerpt":{"rendered":"<p>Ya\u015far \u00dcniversitesi Psikoloji ve \u00c7izgi Film ve Animasyon B\u00f6l\u00fcm\u00fc \u00f6\u011frencileri Ad\u0131yaman\u2019daki depremzede \u00e7ocuklara y\u00f6nelik haz\u0131rlad\u0131klar\u0131 sosyal sorumluluk projesi i\u00e7in bir araya geldi. Proje kapsam\u0131nda \u00e7ocuklar kendilerine \u00f6zel tasarlanan \u00fc\u00e7 boyutlu fig\u00fcrleri boyayarak kendi hediyelerini haz\u0131rlayacak. Sosyal sorumluluk dersi kapsam\u0131nda ortak proje haz\u0131rlayan Psikoloji ve \u00c7izgi Film ve Animasyon B\u00f6l\u00fcm\u00fc \u00f6\u011frencileri Ad\u0131yaman\u2019da deprem b\u00f6lgesinden 55 \u00e7ocu\u011fun&#8230;<\/p>\n","protected":false},"author":1,"featured_media":15999,"comment_status":"open","ping_status":"open","sticky":false,"template":"","format":"standard","meta":{"_crdt_document":"","footnotes":""},"categories":[1],"tags":[],"class_list":["post-15998","post","type-post","status-publish","format-standard","has-post-thumbnail","hentry","category-guncel"],"_links":{"self":[{"href":"https:\/\/www.egemtv.com\/index.php?rest_route=\/wp\/v2\/posts\/15998","targetHints":{"allow":["GET"]}}],"collection":[{"href":"https:\/\/www.egemtv.com\/index.php?rest_route=\/wp\/v2\/posts"}],"about":[{"href":"https:\/\/www.egemtv.com\/index.php?rest_route=\/wp\/v2\/types\/post"}],"author":[{"embeddable":true,"href":"https:\/\/www.egemtv.com\/index.php?rest_route=\/wp\/v2\/users\/1"}],"replies":[{"embeddable":true,"href":"https:\/\/www.egemtv.com\/index.php?rest_route=%2Fwp%2Fv2%2Fcomments&post=15998"}],"version-history":[{"count":1,"href":"https:\/\/www.egemtv.com\/index.php?rest_route=\/wp\/v2\/posts\/15998\/revisions"}],"predecessor-version":[{"id":16000,"href":"https:\/\/www.egemtv.com\/index.php?rest_route=\/wp\/v2\/posts\/15998\/revisions\/16000"}],"wp:featuredmedia":[{"embeddable":true,"href":"https:\/\/www.egemtv.com\/index.php?rest_route=\/wp\/v2\/media\/15999"}],"wp:attachment":[{"href":"https:\/\/www.egemtv.com\/index.php?rest_route=%2Fwp%2Fv2%2Fmedia&parent=15998"}],"wp:term":[{"taxonomy":"category","embeddable":true,"href":"https:\/\/www.egemtv.com\/index.php?rest_route=%2Fwp%2Fv2%2Fcategories&post=15998"},{"taxonomy":"post_tag","embeddable":true,"href":"https:\/\/www.egemtv.com\/index.php?rest_route=%2Fwp%2Fv2%2Ftags&post=15998"}],"curies":[{"name":"wp","href":"https:\/\/api.w.org\/{rel}","templated":true}]}}