{"id":15995,"date":"2025-02-06T09:11:07","date_gmt":"2025-02-06T06:11:07","guid":{"rendered":"https:\/\/www.egemtv.com\/?p=15995"},"modified":"2025-02-06T09:11:11","modified_gmt":"2025-02-06T06:11:11","slug":"dso-avrupa-birligi-perspektifinde-dijital-ve-yesil-donusum-calistayi-duzenledi","status":"publish","type":"post","link":"https:\/\/www.egemtv.com\/?p=15995","title":{"rendered":"DSO, Avrupa Birli\u011fi perspektifinde \u2018Dijital ve Ye\u015fil D\u00f6n\u00fc\u015f\u00fcm\u2019 \u00e7al\u0131\u015ftay\u0131 d\u00fczenledi"},"content":{"rendered":"<p>Denizli Avrupa Birli\u011fi Bilgi Merkezi koordinasyonunda, DSO Bili\u015fim Komisyonu ortakl\u0131\u011f\u0131, MEXT Teknoloji Merkezi i\u015f birli\u011fi ve AB T\u00fcrkiye Delegasyonu deste\u011fiyle d\u00fczenlenen Avrupa Birli\u011fi Perspektifinde Dijital ve Ye\u015fil D\u00f6n\u00fc\u015f\u00fcm \u00c7al\u0131\u015ftay\u0131 b\u00fcy\u00fck bir ilgiyle ger\u00e7ekle\u015ftirildi.<\/p>\n<p>\u00c7al\u0131\u015ftay, Avrupa Birli\u011fi\u2019nin &#8220;Ye\u015fil Mutabakat&#8221; ve &#8220;Dijital Ge\u00e7i\u015f&#8221; hedefleri do\u011frultusunda, Denizli sanayisinin gelece\u011fini \u015fekillendirmek ve uluslararas\u0131 rekabet g\u00fcc\u00fcn\u00fc art\u0131rmak amac\u0131yla d\u00fczenlendi. Etkinli\u011fe, Denizli\u2019deki sanayiciler, bili\u015fim sekt\u00f6r\u00fc temsilcileri ve di\u011fer payda\u015flar kat\u0131ld\u0131.<\/p>\n<p>\u00c7al\u0131\u015ftay\u0131n a\u00e7\u0131l\u0131\u015f konu\u015fmalar\u0131, Denizli Sanayi Odas\u0131 Y\u00f6netim Kurulu Ba\u015fkan\u0131 Say\u0131n Selim Kasapo\u011flu ve Denizli AB Bilgi Merkezi Koordinat\u00f6r\u00fc Cansun \u00d6zd\u00fclger taraf\u0131ndan yap\u0131ld\u0131. Konu\u015fmac\u0131lar, \u00e7al\u0131\u015ftay\u0131n \u00f6nemine vurgu yaparak, dijital ve ye\u015fil d\u00f6n\u00fc\u015f\u00fcm\u00fcn Denizli sanayisi i\u00e7in ta\u015f\u0131d\u0131\u011f\u0131 f\u0131rsatlara dikkat \u00e7ektiler.<\/p>\n<p>&#8220;S\u00fcrd\u00fcr\u00fclebilir sanayi ekosistemi in\u015fa etmeliyiz&#8221;<br \/>\n<br \/>Avrupa Birli\u011fi \u00fclkelerinde oldu\u011fu gibi \u00fclkemizin sanayi stratejisi \u00e7er\u00e7evesinde de dijital ve ye\u015fil d\u00f6n\u00fc\u015f\u00fcm\u00fcn art\u0131k bir tercih de\u011fil zorunluluk oldu\u011funu belirten Ba\u015fkan Kasapo\u011flu, &#8220;Denizli, tekstil, metal ve makine gibi kimi sekt\u00f6rlerde k\u00f6kl\u00fc bir ge\u00e7mi\u015fe sahip. Ancak, bu miras\u0131 gelece\u011fe ta\u015f\u0131mak i\u00e7in de\u011fi\u015fime ayak uydurmam\u0131z ve sanayimizi daha verimli, daha ak\u0131ll\u0131 ve daha s\u00fcrd\u00fcr\u00fclebilir hale getirmemiz gerekiyor. Bu noktada, d\u00f6n\u00fc\u015f\u00fcm s\u00fcrecinin yaln\u0131zca b\u00fcy\u00fck sanayi kurulu\u015flar\u0131 i\u00e7in de\u011fil, t\u00fcm firmalar\u0131m\u0131z i\u00e7in eri\u015filebilir ve y\u00f6netilebilir olmas\u0131 kritik \u00f6nem ta\u015f\u0131yor. De\u011fi\u015fim, yaln\u0131zca teknolojiye entegre olmakla s\u0131n\u0131rl\u0131 de\u011fil, ayn\u0131 zamanda do\u011faya duyarl\u0131, s\u00fcrd\u00fcr\u00fclebilir ve insana de\u011fer katan bir sanayi ekosistemi in\u015fa etmek anlam\u0131na da geliyor&#8221; dedi.<\/p>\n<p>&#8220;D\u00f6n\u00fc\u015f\u00fcm\u00fc y\u00f6netenler aras\u0131nda yer almak istiyoruz&#8221;<br \/>\n<br \/>Teknokentlerle i\u015f birli\u011fini art\u0131rma konusunda, yerel yaz\u0131l\u0131m firmalar\u0131n\u0131 sanayi ile daha fazla entegre etme konusunda birlikte hareket edildi\u011fine dikkat \u00e7eken Ba\u015fkan Kasapo\u011flu, &#8220;Sanayimizin t\u00fcm zorluklar\u0131na ra\u011fmen, dijital ve ye\u015fil d\u00f6n\u00fc\u015f\u00fcm konular\u0131n\u0131n ikincil bir mesele olmad\u0131\u011f\u0131n\u0131 hep birlikte g\u00f6stermemiz gerekiyor. Bug\u00fcn burada geli\u015ftirece\u011fimiz fikirlerin, ataca\u011f\u0131m\u0131z ad\u0131mlar\u0131n, Denizli sanayisinin gelece\u011fini \u015fekillendirece\u011fine inan\u0131yorum. Gecikmesiyle \u00fcnl\u00fc trenlere ge\u00e7ici ev sahipli\u011fi yapan bir \u00fclke, bir \u015fehir, bir Oda olmak istemiyoruz. D\u00f6n\u00fc\u015f\u00fcm\u00fc y\u00f6netenler aras\u0131nda yer almaya devam etmek i\u00e7in birlikte \u00e7al\u0131\u015faca\u011f\u0131z&#8221; ifadelerini kulland\u0131.<\/p>\n<p>Organizasyona katk\u0131 sa\u011flayanlara te\u015fekk\u00fcrlerini sunan Kasapo\u011flu, &#8220;Bu \u00e7al\u0131\u015ftay\u0131n d\u00fczenlenmesine katk\u0131 sa\u011flayan AB T\u00fcrkiye Delegasyonuna, Bili\u015fim Komisyonumuza, Odam\u0131z b\u00fcnyesinde yer alan Avrupa Birli\u011fi Bilgi Merkezimize, MEXT Teknoloji Merkezi\u2019ne, de\u011ferli konu\u015fmac\u0131m\u0131z Say\u0131n \u0130brahim Tataro\u011flu\u2019na, kat\u0131l\u0131m g\u00f6steren t\u00fcm sanayicilerimize ve eme\u011fi ge\u00e7en t\u00fcm mesai arkada\u015flar\u0131ma te\u015fekk\u00fcr ediyorum&#8221; ifadelerine yer verdi.<\/p>\n<p>&#8220;Avrupa Birli\u011fi perspektifinde sanayinin ikiz d\u00f6n\u00fc\u015f\u00fcm\u00fc \u00e7ok \u00f6nemli&#8221;<br \/>\n<br \/>DSO Genel Sekreter Yard\u0131mc\u0131s\u0131 ve Denizli AB Bilgi Merkezi Koordinat\u00f6r\u00fc Cansun \u00d6zd\u00fclger, &#8220;AB\u2019nin, Avrupa Ye\u015fil Mutabakat\u0131 ile s\u00fcrd\u00fcr\u00fclebilirlik ve \u00e7evre temelinde ba\u015flatt\u0131\u011f\u0131 d\u00f6n\u00fc\u015f\u00fcm s\u00fcreci, dijitalle\u015fme g\u00fcndemi ile paralel olarak devam etmektedir. Bir AB aday \u00fclkesi ve AB ile G\u00fcmr\u00fck Birli\u011fi\u2019ne sahip olan T\u00fcrkiye, AB\u2019nin ikiz d\u00f6n\u00fc\u015f\u00fcm \u00e7er\u00e7evesinde ge\u00e7irdi\u011fi d\u00f6n\u00fc\u015f\u00fcm s\u00fcrecini yak\u0131ndan takip etmek durumundad\u0131r&#8221; dedi.<br \/>\n<br \/>Yeni i\u015f yapma modelleri \u00fczerinden ye\u015fil d\u00f6n\u00fc\u015f\u00fcm ve dijital d\u00f6n\u00fc\u015f\u00fcm konusunun kapsaml\u0131 \u015fekilde ele al\u0131nd\u0131\u011f\u0131 ilk etkinlik oldu\u011funa dikkat \u00e7eken \u00d6zd\u00fclger, &#8220;Odam\u0131z stratejik plan\u0131 do\u011frultusunda dijitalle\u015fme ve s\u00fcrd\u00fcr\u00fclebilirlik alan\u0131nda sizlerin de bildi\u011fi gibi uzun zamand\u0131r \u00f6nemli \u00e7al\u0131\u015fmalar y\u00fcr\u00fct\u00fcyor. Bu \u00e7al\u0131\u015fmalar\u0131m\u0131za Bili\u015fim Komisyonu\u2019nun da katk\u0131lar\u0131yla T\u00fcrkiye\u2019de KOB\u0130\u2019lerin ve i\u015fletmelerin dijital d\u00f6n\u00fc\u015f\u00fcm\u00fcnde \u00f6nemli rol \u00fcstlenen MEXT Teknoloji Merkezi i\u015f birli\u011fi ile bug\u00fcn hem \u00f6nemli bilgileri alaca\u011f\u0131z hem de yuvarlak masalarda ihtiya\u00e7lar\u0131m\u0131z\u0131 ve \u00e7\u00f6z\u00fcmlerimizi konu\u015fuyor olaca\u011f\u0131z. Sorumlu \u00fcretim, ak\u0131ll\u0131 \u00fcretim tekniklerini ger\u00e7ekle\u015ftirirken Avrupa Ye\u015fil Mutabakat\u0131n\u0131n ve ye\u015fil d\u00f6n\u00fc\u015f\u00fcm prensiplerinin beraberinde uygulan\u0131yor olmas\u0131 \u00e7ok kritik ve \u00f6nemli. Dolay\u0131s\u0131yla bug\u00fcnk\u00fc \u00e7al\u0131\u015ftay\u0131m\u0131zda asl\u0131nda i\u015fletmelerimizin bu yolculu\u011funu h\u0131zland\u0131rabilmek, Denizlili sanayicilerimizin dijital d\u00f6n\u00fc\u015f\u00fcm alan\u0131nda ataca\u011f\u0131 ad\u0131mlar\u0131 belirleyebilmek i\u00e7in b\u00f6yle bir etkinli\u011fi tasarlam\u0131\u015f bulunuyoruz. Bu \u00e7al\u0131\u015ftaydan sonra asl\u0131nda Denizli sanayisinin dijitalle\u015fmesiyle ilgili bir foto\u011fraf\u0131n\u0131 \u00e7ekmi\u015f olaca\u011f\u0131z. Ve burada bundan sonraki s\u00fcre\u00e7te i\u015f birliklerimizi ve yeni \u00fcretece\u011fimiz projelerin de zeminini haz\u0131rl\u0131yor olaca\u011f\u0131z&#8221; diye konu\u015ftu.<\/p>\n<p>\u00dcretimde yapay zeka ve gelece\u011fin fabrikalar\u0131<br \/>\n<br \/>A\u00e7\u0131l\u0131\u015f konu\u015fmalar\u0131n\u0131n ard\u0131ndan, etkinli\u011fin konuk konu\u015fmac\u0131s\u0131 Ko\u00e7 Digital End\u00fcstri Lideri \u0130brahim Tataro\u011flu, &#8220;\u00dcretimde Yapay Zek\u00e2 ve Gelece\u011fin Fabrikalar\u0131&#8221; ba\u015fl\u0131kl\u0131 bir sunum ger\u00e7ekle\u015ftirerek, geli\u015fen teknolojileri salondakilerle payla\u015ft\u0131. Dijital d\u00f6n\u00fc\u015f\u00fcm\u00fcn sanayinin gelece\u011finde \u00f6nemli bir yer tuttu\u011funu, bu s\u00fcre\u00e7lerin do\u011fru bir \u015fekilde y\u00f6netilmesi gerekti\u011fini vurgulayan Tataro\u011flu, ayn\u0131 zamanda, dijital ikizler, yapay zek\u00e2 ve IOT teknolojilerinin \u00fcretim s\u00fcre\u00e7lerine entegrasyonunun \u00f6neminden bahsetti.<\/p>\n<p>Toplant\u0131n\u0131n genel kat\u0131l\u0131ma a\u00e7\u0131k olan b\u00f6l\u00fcm\u00fc, MEXT Teknoloji Merkezi Dijital D\u00f6n\u00fc\u015f\u00fcm Lideri \u00d6mer Cinpir\u2019in sunumuyla sona erdi. Cinpir, Dijital ve Ye\u015fil D\u00f6n\u00fc\u015f\u00fcmde Finansmana Eri\u015fim F\u0131rsatlar\u0131n\u0131 kat\u0131l\u0131mc\u0131larla payla\u015farak, s\u00fcre\u00e7 y\u00f6netimine dair \u00f6nemli bilgiler aktard\u0131. Sunumlar\u0131n ard\u0131ndan \u00e7al\u0131\u015ftay d\u00fczenine ge\u00e7ildi. &#8220;Ye\u015fil D\u00f6n\u00fc\u015f\u00fcm \u00c7al\u0131\u015ftay\u0131&#8221; ve &#8220;Dijital D\u00f6n\u00fc\u015f\u00fcm \u00c7al\u0131\u015ftay\u0131&#8221; olmak \u00fczere iki ana oturum ger\u00e7ekle\u015ftirildi. &#8220;Sanayide \u0130kiz D\u00f6n\u00fc\u015f\u00fcm\u00fc Ba\u015far\u0131l\u0131 K\u0131lman\u0131n Yolu Nedir?&#8221; sorusuna yan\u0131t arad\u0131\u011f\u0131m\u0131z \u00e7al\u0131\u015ftay\u0131n moderasyonunu MEXT Teknoloji Merkezi y\u00fcr\u00fctt\u00fc.<br \/>\n<br \/>MEXT Teknoloji Merkezi S\u00fcrd\u00fcr\u00fclebilirlik Y\u00f6neticisi Yusuf Turhan, &#8220;Sanayide Ye\u015fil D\u00f6n\u00fc\u015f\u00fcm\u00fc Y\u00f6netmek&#8221; konulu bir sunum yapt\u0131, ar\u0131ndan kat\u0131l\u0131mc\u0131lar\u0131n aktif kat\u0131l\u0131m\u0131yla sanayide ye\u015fil d\u00f6n\u00fc\u015f\u00fcm\u00fcn \u00f6nemi, kar\u015f\u0131la\u015f\u0131lan zorluklar ve \u00e7\u00f6z\u00fcm \u00f6nerileri \u00fczerine konu\u015fuldu. Dijital D\u00f6n\u00fc\u015f\u00fcm \u00c7al\u0131\u015ftay\u0131\u2019nda ise, sanayide dijital d\u00f6n\u00fc\u015f\u00fcm\u00fcn \u00f6nemi, ak\u0131ll\u0131 fabrikalar, End\u00fcstri 4.0 ve di\u011fer ilgili konular ele al\u0131nd\u0131. Dijital ve ye\u015fil d\u00f6n\u00fc\u015f\u00fcme ili\u015fkin yenilik\u00e7i fikirler g\u00f6r\u00fc\u015f\u00fcld\u00fc ve her bir masan\u0131n \u00f6zg\u00fcn katk\u0131lar\u0131 birer sunum \u015feklinde kat\u0131l\u0131mc\u0131larla payla\u015f\u0131ld\u0131.<\/p>\n<p>\u00c7al\u0131\u015ftay, kapan\u0131\u015f konu\u015fmalar\u0131 ve toplu foto\u011fraf \u00e7ekimi ile sona erdi. \u00c7al\u0131\u015ftay\u0131n sonunda kat\u0131l\u0131mc\u0131lar, etkinlikten duyduklar\u0131 memnuniyeti dile getirerek, bu \u00f6nemli organizasyon i\u00e7in t\u00fcm payda\u015flara te\u015fekk\u00fcrlerini sundu.<br \/><\/p>\n","protected":false},"excerpt":{"rendered":"<p>Denizli Avrupa Birli\u011fi Bilgi Merkezi koordinasyonunda, DSO Bili\u015fim Komisyonu ortakl\u0131\u011f\u0131, MEXT Teknoloji Merkezi i\u015f birli\u011fi ve AB T\u00fcrkiye Delegasyonu deste\u011fiyle d\u00fczenlenen Avrupa Birli\u011fi Perspektifinde Dijital ve Ye\u015fil D\u00f6n\u00fc\u015f\u00fcm \u00c7al\u0131\u015ftay\u0131 b\u00fcy\u00fck bir ilgiyle ger\u00e7ekle\u015ftirildi. \u00c7al\u0131\u015ftay, Avrupa Birli\u011fi\u2019nin &#8220;Ye\u015fil Mutabakat&#8221; ve &#8220;Dijital Ge\u00e7i\u015f&#8221; hedefleri do\u011frultusunda, Denizli sanayisinin gelece\u011fini \u015fekillendirmek ve uluslararas\u0131 rekabet g\u00fcc\u00fcn\u00fc art\u0131rmak amac\u0131yla d\u00fczenlendi. Etkinli\u011fe,&#8230;<\/p>\n","protected":false},"author":1,"featured_media":15996,"comment_status":"open","ping_status":"open","sticky":false,"template":"","format":"standard","meta":{"_crdt_document":"","footnotes":""},"categories":[125],"tags":[],"class_list":["post-15995","post","type-post","status-publish","format-standard","has-post-thumbnail","hentry","category-ekonomi"],"_links":{"self":[{"href":"https:\/\/www.egemtv.com\/index.php?rest_route=\/wp\/v2\/posts\/15995","targetHints":{"allow":["GET"]}}],"collection":[{"href":"https:\/\/www.egemtv.com\/index.php?rest_route=\/wp\/v2\/posts"}],"about":[{"href":"https:\/\/www.egemtv.com\/index.php?rest_route=\/wp\/v2\/types\/post"}],"author":[{"embeddable":true,"href":"https:\/\/www.egemtv.com\/index.php?rest_route=\/wp\/v2\/users\/1"}],"replies":[{"embeddable":true,"href":"https:\/\/www.egemtv.com\/index.php?rest_route=%2Fwp%2Fv2%2Fcomments&post=15995"}],"version-history":[{"count":1,"href":"https:\/\/www.egemtv.com\/index.php?rest_route=\/wp\/v2\/posts\/15995\/revisions"}],"predecessor-version":[{"id":15997,"href":"https:\/\/www.egemtv.com\/index.php?rest_route=\/wp\/v2\/posts\/15995\/revisions\/15997"}],"wp:featuredmedia":[{"embeddable":true,"href":"https:\/\/www.egemtv.com\/index.php?rest_route=\/wp\/v2\/media\/15996"}],"wp:attachment":[{"href":"https:\/\/www.egemtv.com\/index.php?rest_route=%2Fwp%2Fv2%2Fmedia&parent=15995"}],"wp:term":[{"taxonomy":"category","embeddable":true,"href":"https:\/\/www.egemtv.com\/index.php?rest_route=%2Fwp%2Fv2%2Fcategories&post=15995"},{"taxonomy":"post_tag","embeddable":true,"href":"https:\/\/www.egemtv.com\/index.php?rest_route=%2Fwp%2Fv2%2Ftags&post=15995"}],"curies":[{"name":"wp","href":"https:\/\/api.w.org\/{rel}","templated":true}]}}