{"id":15992,"date":"2025-02-06T08:52:03","date_gmt":"2025-02-06T05:52:03","guid":{"rendered":"https:\/\/www.egemtv.com\/?p=15992"},"modified":"2025-02-06T08:52:08","modified_gmt":"2025-02-06T05:52:08","slug":"aydin-ticaret-borsasi-vali-canbolati-ve-buyuksehir-belediye-baskani-cercioglunu-fuara-davet-etti","status":"publish","type":"post","link":"https:\/\/www.egemtv.com\/?p=15992","title":{"rendered":"Ayd\u0131n Ticaret Borsas\u0131, Vali Canbolat\u2019\u0131 ve B\u00fcy\u00fck\u015fehir Belediye Ba\u015fkan\u0131 \u00c7er\u00e7io\u011flu\u2019nu fuara davet etti"},"content":{"rendered":"<p>Ayd\u0131n Ticaret Borsas\u0131 Y\u00f6netim Kurulu Ba\u015fkan\u0131 Fevzi \u00c7ondur, Meclis Ba\u015fkan\u0131 A.Bahri Erdel ve Y\u00f6netim Kurulu Ba\u015fkan Yard\u0131mc\u0131s\u0131 Cengiz \u00dclgen, Ayd\u0131n Valisi Yakup Canbolat\u2019\u0131 ve Ayd\u0131n B\u00fcy\u00fck\u015fehir Belediye Ba\u015fkan\u0131 \u00d6zlem \u00c7er\u00e7io\u011flu\u2019nu makam\u0131nda ziyaret ederek bu y\u0131l 12.kez ger\u00e7ekle\u015ftirilecek olan Uluslararas\u0131 Ayd\u0131n Tar\u0131m, G\u0131da ve Hayvanc\u0131l\u0131k Fuar\u0131\u2019na davet etti.<\/p>\n<p>Ayd\u0131n Ticaret Borsas\u0131 heyeti, Ayd\u0131n Valisi Yakup Canbolat\u2019\u0131 ve B\u00fcy\u00fck\u015fehir Belediye Ba\u015fkan\u0131 \u00c7er\u00e7io\u011flu\u2019nu makam\u0131nda ziyaret ederek borsan\u0131n mevcut \u00e7al\u0131\u015fmalar\u0131 ve y\u00fcr\u00fct\u00fclen projeler hakk\u0131nda bilgi verdi. Ziyarette, 13-16 \u015eubat 2025 tarihlerinde d\u00fczenlenecek olan 12. Uluslararas\u0131 Ayd\u0131n Tar\u0131m, G\u0131da ve Hayvanc\u0131l\u0131k Fuar\u0131 \u2018n\u0131n sekt\u00f6rel katk\u0131lar\u0131 ve b\u00f6lge ekonomisine sa\u011flayaca\u011f\u0131 faydalar aktar\u0131ld\u0131.<br \/>\n<br \/>Ayd\u0131n Ticaret Borsas\u0131 Y\u00f6netim Kurulu Ba\u015fkan\u0131 Fevzi \u00c7ondur, fuar\u0131n tar\u0131m, g\u0131da ve hayvanc\u0131l\u0131k sekt\u00f6rlerindeki ulusal ve uluslararas\u0131 i\u015f birliklerine ev sahipli\u011fi yapaca\u011f\u0131n\u0131, \u00fcreticiler, sekt\u00f6r temsilcileri ve yat\u0131r\u0131mc\u0131lar\u0131 bir araya getirece\u011fini vurgulad\u0131. Tar\u0131msal \u00fcretim, modern tar\u0131m teknolojileri, g\u0131da g\u00fcvenli\u011fi ve hayvanc\u0131l\u0131k alanlar\u0131nda en yeni geli\u015fmelerin tan\u0131t\u0131laca\u011f\u0131 organizasyonun, sekt\u00f6rde faaliyet g\u00f6steren firmalar i\u00e7in \u00f6nemli i\u015f birli\u011fi f\u0131rsatlar\u0131 sunaca\u011f\u0131n\u0131 ifade eden \u00c7ondur, fuar\u0131n b\u00f6lge ekonomisine sa\u011flayaca\u011f\u0131 katk\u0131n\u0131n alt\u0131n\u0131 \u00e7izdi. Tar\u0131m\u0131n kalbinin Ayd\u0131n\u2019da ataca\u011f\u0131 bu \u00f6nemli etkinli\u011fe Vali Canbolat ve Ba\u015fkan \u00c7er\u00e7io\u011flu\u2019nu davet eden \u00c7ondur, kendilerini fuarda a\u011f\u0131rlamaktan b\u00fcy\u00fck onur duyacaklar\u0131n\u0131 belirtti.<br \/><\/p>\n","protected":false},"excerpt":{"rendered":"<p>Ayd\u0131n Ticaret Borsas\u0131 Y\u00f6netim Kurulu Ba\u015fkan\u0131 Fevzi \u00c7ondur, Meclis Ba\u015fkan\u0131 A.Bahri Erdel ve Y\u00f6netim Kurulu Ba\u015fkan Yard\u0131mc\u0131s\u0131 Cengiz \u00dclgen, Ayd\u0131n Valisi Yakup Canbolat\u2019\u0131 ve Ayd\u0131n B\u00fcy\u00fck\u015fehir Belediye Ba\u015fkan\u0131 \u00d6zlem \u00c7er\u00e7io\u011flu\u2019nu makam\u0131nda ziyaret ederek bu y\u0131l 12.kez ger\u00e7ekle\u015ftirilecek olan Uluslararas\u0131 Ayd\u0131n Tar\u0131m, G\u0131da ve Hayvanc\u0131l\u0131k Fuar\u0131\u2019na davet etti. Ayd\u0131n Ticaret Borsas\u0131 heyeti, Ayd\u0131n Valisi Yakup Canbolat\u2019\u0131&#8230;<\/p>\n","protected":false},"author":1,"featured_media":15993,"comment_status":"open","ping_status":"open","sticky":false,"template":"","format":"standard","meta":{"_crdt_document":"","footnotes":""},"categories":[1],"tags":[],"class_list":["post-15992","post","type-post","status-publish","format-standard","has-post-thumbnail","hentry","category-guncel"],"_links":{"self":[{"href":"https:\/\/www.egemtv.com\/index.php?rest_route=\/wp\/v2\/posts\/15992","targetHints":{"allow":["GET"]}}],"collection":[{"href":"https:\/\/www.egemtv.com\/index.php?rest_route=\/wp\/v2\/posts"}],"about":[{"href":"https:\/\/www.egemtv.com\/index.php?rest_route=\/wp\/v2\/types\/post"}],"author":[{"embeddable":true,"href":"https:\/\/www.egemtv.com\/index.php?rest_route=\/wp\/v2\/users\/1"}],"replies":[{"embeddable":true,"href":"https:\/\/www.egemtv.com\/index.php?rest_route=%2Fwp%2Fv2%2Fcomments&post=15992"}],"version-history":[{"count":1,"href":"https:\/\/www.egemtv.com\/index.php?rest_route=\/wp\/v2\/posts\/15992\/revisions"}],"predecessor-version":[{"id":15994,"href":"https:\/\/www.egemtv.com\/index.php?rest_route=\/wp\/v2\/posts\/15992\/revisions\/15994"}],"wp:featuredmedia":[{"embeddable":true,"href":"https:\/\/www.egemtv.com\/index.php?rest_route=\/wp\/v2\/media\/15993"}],"wp:attachment":[{"href":"https:\/\/www.egemtv.com\/index.php?rest_route=%2Fwp%2Fv2%2Fmedia&parent=15992"}],"wp:term":[{"taxonomy":"category","embeddable":true,"href":"https:\/\/www.egemtv.com\/index.php?rest_route=%2Fwp%2Fv2%2Fcategories&post=15992"},{"taxonomy":"post_tag","embeddable":true,"href":"https:\/\/www.egemtv.com\/index.php?rest_route=%2Fwp%2Fv2%2Ftags&post=15992"}],"curies":[{"name":"wp","href":"https:\/\/api.w.org\/{rel}","templated":true}]}}