{"id":15989,"date":"2025-02-06T08:42:59","date_gmt":"2025-02-06T05:42:59","guid":{"rendered":"https:\/\/www.egemtv.com\/?p=15989"},"modified":"2025-02-06T08:43:04","modified_gmt":"2025-02-06T05:43:04","slug":"didimde-zabita-ekipleri-denetimlerine-devam-ediyor","status":"publish","type":"post","link":"https:\/\/www.egemtv.com\/?p=15989","title":{"rendered":"Didim\u2019de zab\u0131ta ekipleri denetimlerine devam ediyor"},"content":{"rendered":"<p>Didimli vatanda\u015flar\u0131n daha sa\u011fl\u0131kl\u0131 ve g\u00fcvenli bir ortamda al\u0131\u015fveri\u015flerini ger\u00e7ekle\u015ftirmesi i\u00e7in Didim Belediyesi il\u00e7e genelinde kurulan semt pazarlar\u0131nda denetimlerine ara vermeden devam ediyor.<\/p>\n<p>Zab\u0131ta M\u00fcd\u00fcrl\u00fc\u011f\u00fc ekiplerince ger\u00e7ekle\u015ftirilen denetimler kapsam\u0131nda, il\u00e7ede kurulan semt pazarlar\u0131nda fiyat &#8211; etiket kontrol\u00fc, \u00f6l\u00e7\u00fc ve ayar kontrol\u00fc ile ilgili denetimler yap\u0131lmaktad\u0131r.<\/p>\n<p>Konu ile ilgili bilgi veren Didim Belediye Ba\u015fkan\u0131 Hatice Gen\u00e7ay &#8220;Vatanda\u015flar\u0131m\u0131z\u0131n g\u00fcvenli ve sa\u011fl\u0131kl\u0131 bir ortamda al\u0131\u015fveri\u015f yapabilmeleri i\u00e7in il\u00e7emizde kurulan semt pazarlar\u0131nda denetimler ger\u00e7ekle\u015ftiriyoruz. Denetimlerimize durmaks\u0131z\u0131n devam edece\u011fiz&#8221; dedi.<br \/><\/p>\n","protected":false},"excerpt":{"rendered":"<p>Didimli vatanda\u015flar\u0131n daha sa\u011fl\u0131kl\u0131 ve g\u00fcvenli bir ortamda al\u0131\u015fveri\u015flerini ger\u00e7ekle\u015ftirmesi i\u00e7in Didim Belediyesi il\u00e7e genelinde kurulan semt pazarlar\u0131nda denetimlerine ara vermeden devam ediyor. Zab\u0131ta M\u00fcd\u00fcrl\u00fc\u011f\u00fc ekiplerince ger\u00e7ekle\u015ftirilen denetimler kapsam\u0131nda, il\u00e7ede kurulan semt pazarlar\u0131nda fiyat &#8211; etiket kontrol\u00fc, \u00f6l\u00e7\u00fc ve ayar kontrol\u00fc ile ilgili denetimler yap\u0131lmaktad\u0131r. Konu ile ilgili bilgi veren Didim Belediye Ba\u015fkan\u0131 Hatice Gen\u00e7ay&#8230;<\/p>\n","protected":false},"author":1,"featured_media":15990,"comment_status":"open","ping_status":"open","sticky":false,"template":"","format":"standard","meta":{"_crdt_document":"","footnotes":""},"categories":[1],"tags":[],"class_list":["post-15989","post","type-post","status-publish","format-standard","has-post-thumbnail","hentry","category-guncel"],"_links":{"self":[{"href":"https:\/\/www.egemtv.com\/index.php?rest_route=\/wp\/v2\/posts\/15989","targetHints":{"allow":["GET"]}}],"collection":[{"href":"https:\/\/www.egemtv.com\/index.php?rest_route=\/wp\/v2\/posts"}],"about":[{"href":"https:\/\/www.egemtv.com\/index.php?rest_route=\/wp\/v2\/types\/post"}],"author":[{"embeddable":true,"href":"https:\/\/www.egemtv.com\/index.php?rest_route=\/wp\/v2\/users\/1"}],"replies":[{"embeddable":true,"href":"https:\/\/www.egemtv.com\/index.php?rest_route=%2Fwp%2Fv2%2Fcomments&post=15989"}],"version-history":[{"count":1,"href":"https:\/\/www.egemtv.com\/index.php?rest_route=\/wp\/v2\/posts\/15989\/revisions"}],"predecessor-version":[{"id":15991,"href":"https:\/\/www.egemtv.com\/index.php?rest_route=\/wp\/v2\/posts\/15989\/revisions\/15991"}],"wp:featuredmedia":[{"embeddable":true,"href":"https:\/\/www.egemtv.com\/index.php?rest_route=\/wp\/v2\/media\/15990"}],"wp:attachment":[{"href":"https:\/\/www.egemtv.com\/index.php?rest_route=%2Fwp%2Fv2%2Fmedia&parent=15989"}],"wp:term":[{"taxonomy":"category","embeddable":true,"href":"https:\/\/www.egemtv.com\/index.php?rest_route=%2Fwp%2Fv2%2Fcategories&post=15989"},{"taxonomy":"post_tag","embeddable":true,"href":"https:\/\/www.egemtv.com\/index.php?rest_route=%2Fwp%2Fv2%2Ftags&post=15989"}],"curies":[{"name":"wp","href":"https:\/\/api.w.org\/{rel}","templated":true}]}}