{"id":15986,"date":"2025-02-06T08:33:55","date_gmt":"2025-02-06T05:33:55","guid":{"rendered":"https:\/\/www.egemtv.com\/?p=15986"},"modified":"2025-02-06T08:34:02","modified_gmt":"2025-02-06T05:34:02","slug":"nazillide-6-subat-depremleri-anma-ve-farkindalik-etkinligi-yapilacak","status":"publish","type":"post","link":"https:\/\/www.egemtv.com\/?p=15986","title":{"rendered":"Nazilli\u2019de 6 \u015eubat Depremleri Anma ve Fark\u0131ndal\u0131k Etkinli\u011fi yap\u0131lacak"},"content":{"rendered":"<p>Ayd\u0131n\u2019\u0131n Nazilli il\u00e7esinde Nazilli Belediyesi\u2019nin ev sahipli\u011finde \u20186 \u015eubat Depremleri Anma ve Fark\u0131ndal\u0131k Etkinli\u011fi\u2019 yap\u0131lacak.<br \/>\n<br \/>Bug\u00fcn saat 20.30\u2019da Nazilli Belediyesi hizmet binas\u0131 biti\u015fi\u011findeki Mehmet Y\u00fcz\u00fcg\u00fcler Nikah Salonunda d\u00fczenlenecek olan etkinlikte ilkyard\u0131m ve yang\u0131n fark\u0131ndal\u0131k konular\u0131n\u0131n i\u015flenece\u011fini ifade eden Nazilli Belediye Ba\u015fkan\u0131 Ertu\u011frul Tetik, t\u00fcm il\u00e7e halk\u0131n\u0131 davet etti. Ba\u015fkan Tetik: &#8220;Afet ve Acil Durumlara kar\u015f\u0131 bilin\u00e7li ve diren\u00e7li bireyler olabilmek i\u00e7in \u00f6nemli bir etkinlik d\u00fczenliyoruz. G\u00fcnl\u00fck hayata kar\u015f\u0131la\u015fabilece\u011fimiz yang\u0131n \u00e7e\u015fitleri ve m\u00fcdahale y\u00f6ntemleri ile birlikte ilk yard\u0131m fark\u0131ndal\u0131k e\u011fitimi de yap\u0131lacak. 6 \u015eubat 2023 tarihinde ya\u015fanan b\u00fcy\u00fck felaketin y\u0131l d\u00f6n\u00fcm\u00fcnde, hayat\u0131n\u0131 kaybedenleri anmak ve afetlere kar\u015f\u0131 fark\u0131ndal\u0131\u011f\u0131 art\u0131rmak amac\u0131yla d\u00fczenledi\u011fimiz yang\u0131n ve ilk yard\u0131m m\u00fcdahaleleri konulu seminere t\u00fcm vatanda\u015flar\u0131m\u0131z\u0131 davet ediyoruz. Afet ve Acil Durumlara kar\u015f\u0131 bilin\u00e7li ve diren\u00e7li bireyler olabilmek i\u00e7in bu \u00f6nemli etkinlikte bulu\u015fal\u0131m&#8221; dedi.<br \/>\n<br \/>E\u011fitime kat\u0131lanlara Kat\u0131l\u0131m Belgesi verilece\u011fi belirtildi.<br \/><\/p>\n","protected":false},"excerpt":{"rendered":"<p>Ayd\u0131n\u2019\u0131n Nazilli il\u00e7esinde Nazilli Belediyesi\u2019nin ev sahipli\u011finde \u20186 \u015eubat Depremleri Anma ve Fark\u0131ndal\u0131k Etkinli\u011fi\u2019 yap\u0131lacak. Bug\u00fcn saat 20.30\u2019da Nazilli Belediyesi hizmet binas\u0131 biti\u015fi\u011findeki Mehmet Y\u00fcz\u00fcg\u00fcler Nikah Salonunda d\u00fczenlenecek olan etkinlikte ilkyard\u0131m ve yang\u0131n fark\u0131ndal\u0131k konular\u0131n\u0131n i\u015flenece\u011fini ifade eden Nazilli Belediye Ba\u015fkan\u0131 Ertu\u011frul Tetik, t\u00fcm il\u00e7e halk\u0131n\u0131 davet etti. Ba\u015fkan Tetik: &#8220;Afet ve Acil Durumlara kar\u015f\u0131&#8230;<\/p>\n","protected":false},"author":1,"featured_media":15987,"comment_status":"open","ping_status":"open","sticky":false,"template":"","format":"standard","meta":{"_crdt_document":"","footnotes":""},"categories":[1],"tags":[],"class_list":["post-15986","post","type-post","status-publish","format-standard","has-post-thumbnail","hentry","category-guncel"],"_links":{"self":[{"href":"https:\/\/www.egemtv.com\/index.php?rest_route=\/wp\/v2\/posts\/15986","targetHints":{"allow":["GET"]}}],"collection":[{"href":"https:\/\/www.egemtv.com\/index.php?rest_route=\/wp\/v2\/posts"}],"about":[{"href":"https:\/\/www.egemtv.com\/index.php?rest_route=\/wp\/v2\/types\/post"}],"author":[{"embeddable":true,"href":"https:\/\/www.egemtv.com\/index.php?rest_route=\/wp\/v2\/users\/1"}],"replies":[{"embeddable":true,"href":"https:\/\/www.egemtv.com\/index.php?rest_route=%2Fwp%2Fv2%2Fcomments&post=15986"}],"version-history":[{"count":1,"href":"https:\/\/www.egemtv.com\/index.php?rest_route=\/wp\/v2\/posts\/15986\/revisions"}],"predecessor-version":[{"id":15988,"href":"https:\/\/www.egemtv.com\/index.php?rest_route=\/wp\/v2\/posts\/15986\/revisions\/15988"}],"wp:featuredmedia":[{"embeddable":true,"href":"https:\/\/www.egemtv.com\/index.php?rest_route=\/wp\/v2\/media\/15987"}],"wp:attachment":[{"href":"https:\/\/www.egemtv.com\/index.php?rest_route=%2Fwp%2Fv2%2Fmedia&parent=15986"}],"wp:term":[{"taxonomy":"category","embeddable":true,"href":"https:\/\/www.egemtv.com\/index.php?rest_route=%2Fwp%2Fv2%2Fcategories&post=15986"},{"taxonomy":"post_tag","embeddable":true,"href":"https:\/\/www.egemtv.com\/index.php?rest_route=%2Fwp%2Fv2%2Ftags&post=15986"}],"curies":[{"name":"wp","href":"https:\/\/api.w.org\/{rel}","templated":true}]}}