{"id":15983,"date":"2025-02-06T07:34:20","date_gmt":"2025-02-06T04:34:20","guid":{"rendered":"https:\/\/www.egemtv.com\/?p=15983"},"modified":"2025-02-06T07:34:24","modified_gmt":"2025-02-06T04:34:24","slug":"depremin-simgelerinden-ebrar-sitesi-kahramanlari-depremin-ikinci-yilinda-sehitleri-sirenlerle-andi","status":"publish","type":"post","link":"https:\/\/www.egemtv.com\/?p=15983","title":{"rendered":"Depremin simgelerinden Ebrar Sitesi kahramanlar\u0131 depremin ikinci y\u0131l\u0131nda \u015fehitleri sirenlerle and\u0131"},"content":{"rendered":"<p>6 \u015eubat depreminin ikinci y\u0131l\u0131nda depremin ilk saatlerinde yola \u00e7\u0131karak bir\u00e7ok depremzedenin kurtar\u0131lmas\u0131n\u0131 sa\u011flayan Burdur \u0130tfaiyesi personelleri saat 04.17\u2019yi g\u00f6sterdi\u011finde Kahramanmara\u015f merkezli 11 ili etkisi alt\u0131na alan asr\u0131n felaketinde hayat\u0131n\u0131 kaybedenleri and\u0131.<\/p>\n<p>Kahramanmara\u015f merkezli 11 ili etkileyen ve asr\u0131n felaketi olarak nitelendirilen 7.7 ve 7.6 \u015fiddetindeki 6 \u015eubat depreminin ikinci y\u0131l\u0131nda \u00fclkenin bir\u00e7ok yerinde hayat\u0131n\u0131 kaybeden vatanda\u015flar an\u0131ld\u0131. Depremin ilk dakikalar\u0131nda haz\u0131rl\u0131klar\u0131n\u0131 tamamlayarak yard\u0131m i\u00e7in yola koyulan ve ilk olarak Kahramanmara\u015f\u2019ta bulunan ve depremin simgesi haline gelen yakla\u015f\u0131k 7 bin ki\u015finin ya\u015fad\u0131\u011f\u0131 ve depremde bir\u00e7ok ki\u015finin enkaz alt\u0131nda kald\u0131\u011f\u0131, bin 400 ki\u015finin de hayat\u0131n\u0131 kaybetti\u011fi Ebrar Sitesi\u2019nde g\u00f6rev alan Burdur \u0130tfaiyesi de depremzedeleri unutmayarak \u0130tfaiye M\u00fcd\u00fcrl\u00fc\u011f\u00fc \u00f6n\u00fcnde anma t\u00f6reni ger\u00e7ekle\u015ftirdi. So\u011fuk havaya ra\u011fmen toplanan itfaiye personelleri saatler 04.17\u2019yi g\u00f6sterdi\u011finde siren \u00e7alarak 2 dakika sayg\u0131 duru\u015funda bulunup hayat\u0131n\u0131 kaybeden depremzedeleri and\u0131lar.<\/p>\n<p>&#8220;Vatanda\u015f olarak depremlere haz\u0131r m\u0131y\u0131z bilmiyorum ama ekip olarak haz\u0131r\u0131z&#8221;<\/p>\n<p>6 \u015eubat depreminin kahramanlar\u0131ndan biri olan Burdur \u0130tfaiye \u00c7avu\u015fu Ali Ery\u0131lmaz o g\u00fcnlerde ya\u015fad\u0131klar\u0131n\u0131 anlatt\u0131\u011f\u0131 konu\u015fmas\u0131nda; &#8220;6 \u015eubat 2023 tarihinde meydana gelen depremde ekibimizle birlikte Kahramanmara\u015f\u2018a hareket ettik. Kahramanmara\u015f\u2018ta Ebrar Sitesi\u2018nde \u00e7al\u0131\u015ft\u0131k ve Hediye Apartman\u0131\u2019nda \u00e7al\u0131\u015ft\u0131k. Ebrar Sitesi\u2018nde Kumsal bebekle ve Elif bebekle kar\u015f\u0131la\u015ft\u0131k. Bunlarla birebir konu\u015fma f\u0131rsat\u0131m\u0131z oldu. Bebek olduklar\u0131 i\u00e7in bunlardan bahsediyorum yoksa kurtard\u0131\u011f\u0131m\u0131z bir\u00e7ok can var. Mesela bir Mustafa amcam\u0131z vard\u0131. D\u0131\u015far\u0131ya \u00e7\u0131kt\u0131\u011f\u0131nda bile elimi hi\u00e7 b\u0131rakmad\u0131, ambulansta bile b\u0131rakmak istemedi, zorla ayr\u0131ld\u0131k onunla. Yan\u0131nda o\u011flu vard\u0131 fakat ona ula\u015famad\u0131k yani onu kurtaramad\u0131k. \u0130lk vard\u0131\u011f\u0131m\u0131zda Kumsal bebekle tan\u0131\u015ft\u0131k, enkaz alt\u0131ndayd\u0131. \u00c7ok \u015fiddetli bir ya\u011fmur ya\u011f\u0131yordu ama onu sa\u011f salim \u00e7\u0131kard\u0131ktan sonra di\u011fer enkazlara gittik. Burdur olarak bizim \u015fehrimizde deprem b\u00f6lgesinde. Fakat depreme haz\u0131rl\u0131k olarak haz\u0131r oldu\u011fumuzu hissetmiyorum ben. \u00d6ncesi tedbir, \u00f6nlem. Tabi vatanda\u015f olarak tedbir ald\u0131k m\u0131 diye \u00f6nce kendimize sormak laz\u0131m. Ama biz kurtarma ekibi olarak bu depremlere haz\u0131rl\u0131kl\u0131y\u0131z. Burdur Arama Kurtarma ekibi olarak 150 ki\u015filik bir ekibimiz var haz\u0131r ve e\u011fitimli. Onlar\u0131n e\u011fitimlerine devam ediyoruz. Allah bir daha afet ya\u015fatmas\u0131n.&#8221; dedi.<\/p>\n<p>&#8220;\u0130nsanlar art\u0131k yak\u0131nlar\u0131n\u0131n cenazelerini alabilmek i\u00e7in enkazlar\u0131n ba\u015f\u0131ndan ayr\u0131lm\u0131yordu&#8221;<\/p>\n<p>Burdur\u2019da n\u00f6bette oldu\u011fu gece meydana gelen deprem sonras\u0131 direkt ekip ile birlikte Kahramanmara\u015f\u2019a giden itfaiye eri \u0130smail \u015eahin ise; &#8220;6 \u015eubat gecesi biz burada zaten n\u00f6betteydik. Gece deprem haberini al\u0131r almaz h\u0131zl\u0131 bir \u015fekilde haz\u0131rlan\u0131p 18 ki\u015filik bir ekiple yola \u00e7\u0131kt\u0131k buradan. Deprem b\u00f6lgesinin oldu\u011fu yerlere yakla\u015ft\u0131k\u00e7a yollarda arabalar birbirine girmi\u015f durumdayd\u0131. Oraya varmam\u0131z \u00e7ok uzun s\u00fcrd\u00fc. Deprem b\u00f6lgesine ula\u015ft\u0131\u011f\u0131m\u0131zda da ilk olarak Ebrar Sitesi\u2019ne ula\u015ft\u0131k. Ebrar Sitesi\u2019ne ula\u015ft\u0131ktan sonra ilk olarak Kumsal bebe\u011fi kurtarmak nasip oldu. Sonras\u0131nda da Elif isminde bir k\u0131z\u0131 kurtard\u0131k. Ebrar Sitesi\u2019ndeki \u00e7al\u0131\u015fmalar\u0131m\u0131zdan sonra di\u011fer enkazlarda \u00e7al\u0131\u015fmaya devam ettik. Ortalama 10-15 g\u00fcn civar\u0131 orada \u00e7al\u0131\u015fmalar\u0131m\u0131z oldu. Deprem b\u00f6lgesinde her yer \u00e7ok k\u00f6t\u00fc durumdayd\u0131. Herkes kendi derdine d\u00fc\u015fm\u00fc\u015f, art\u0131k belli bir s\u00fcreden sonra millet canl\u0131lar\u0131 de\u011fil de cenazelerini dahi bulabilmek i\u00e7in bir umut i\u00e7indeydi. Yani art\u0131k candan vazge\u00e7mi\u015fler yak\u0131nlar\u0131n\u0131n cenazelerini alabilmek i\u00e7in y\u0131k\u0131nt\u0131lar\u0131n ba\u015f\u0131nda almak i\u00e7in bekliyor durumdalard\u0131.  \u00c7ok k\u00f6t\u00fc bir y\u0131k\u0131md\u0131.&#8221; \u015feklinde konu\u015ftu.<\/p>\n<p>&#8220;B\u00f6lgeye gitti\u011fimizde ortal\u0131k mah\u015fer yeri gibiydi&#8221;<\/p>\n<p>Deprem haberini al\u0131r almaz ekibi toplayarak 12 saat sonra Kahramanmara\u015f\u2019ta arama kurtarma \u00e7al\u0131\u015fmalar\u0131na ba\u015flayan Burdur \u0130tfaiyesi M\u00fcd\u00fcr\u00fc Mehmet Ali Ballak; &#8220;Bug\u00fcn 6 \u015eubat 2025, Kahramanmara\u015f depreminin 2. y\u0131l d\u00f6n\u00fcm\u00fc ama ac\u0131lar\u0131m\u0131z ilk g\u00fcnk\u00fc kadar taze. Ben \u00f6nce kaybetti\u011fimiz canlar\u0131m\u0131za Allah\u2019tan rahmet yak\u0131nlar\u0131na ba\u015fsa\u011fl\u0131\u011f\u0131 ve sab\u0131rlar diliyorum.&#8221; s\u00f6zleriyle ba\u015flad\u0131\u011f\u0131 konu\u015fmas\u0131nda; &#8220;Tam da 2 y\u0131l \u00f6nce bu saatlerde gece \u00e7alan bir ac\u0131 telefonla uyand\u0131m. Belediye ba\u015fkan\u0131m\u0131z Ali Orkun Ercengiz Kahramanmara\u015f b\u00f6lgesinde b\u00fcy\u00fck bir y\u0131k\u0131m oldu\u011funu ama \u015fu an detaylar\u0131n belli olmad\u0131\u011f\u0131n\u0131 s\u00f6yledi. Saat 04.50\u2019de alm\u0131\u015ft\u0131k biz telefonu Ba\u015fkan\u0131mdan.  05.30\u2019da 18 ki\u015filik ekibimle yola \u00e7\u0131kt\u0131k ama hangi alana do\u011fru gitti\u011fimizi bilmiyorduk. G\u00fcneydo\u011fu\u2019ya do\u011fru gidiyorduk ama il belli de\u011fildi. Mersin ilinde gidece\u011fimiz g\u00fczerg\u00e2h belli oldu, Kahramanmara\u015f\u2019a gittik. Kahramanmara\u015f\u2019a ilk ula\u015ft\u0131\u011f\u0131m\u0131zda adeta o \u015fehirle beraber biz de y\u0131k\u0131lm\u0131\u015ft\u0131k. \u00c7\u00fcnk\u00fc hi\u00e7birimiz o ac\u0131 tabloyu g\u00f6z\u00fcnde dahi canland\u0131ramam\u0131\u015ft\u0131 deprem b\u00f6lgesine gidene kadar. \u0130lk b\u00f6lgeye gitti\u011fimiz zaman tamamen bir kaos ortam\u0131 vard\u0131, mah\u015fer yeriydi. Adres sorabilece\u011fimiz akl\u0131 ba\u015f\u0131nda bir insan bile yoktu, \u0130l koordinasyon merkezine ula\u015fmaya \u00e7al\u0131\u015f\u0131yorken. Ebrar Sitesi\u2019ne y\u00f6nlendirildik ilk olarak ve o kadar k\u00f6t\u00fc bir durumdayd\u0131 ki kazmay\u0131, k\u00fcre\u011fi kapan enkaz\u0131na ko\u015fmaya \u00e7al\u0131\u015f\u0131yordu. \u00c7\u00fcnk\u00fc herkes kendi yak\u0131n\u0131n\u0131n, kendi can\u0131n\u0131n pe\u015findeydi. Yakla\u015f\u0131k 15 g\u00fcn b\u00f6lgede kald\u0131k, onlarca insan\u0131n hayata ba\u011fl\u0131 kalmas\u0131na vesile olduk. Maalesef alt\u0131nc\u0131 g\u00fcnden sonra art\u0131k cenazelere ula\u015fmaya ba\u015flam\u0131\u015ft\u0131k. Asl\u0131nda o b\u00f6lgede biz de y\u0131k\u0131lm\u0131\u015ft\u0131k, biz de moral motivasyon olarak \u00e7ok k\u00f6t\u00fcyd\u00fck. Ama bizim ayakta kalmam\u0131z gerekiyordu, personelimizi ayakta tutmam\u0131z gerekiyordu. \u00c7\u00fcnk\u00fc orada biz de y\u0131k\u0131lsayd\u0131k tamamen insanlar\u0131n umut ba\u011flayabilece\u011fi kimse kalmayacakt\u0131.&#8221; dedi.<\/p>\n<p>&#8220;Ke\u015fke ekip olarak depreme haz\u0131r olmasak da \u015fehir olarak haz\u0131r olsak &#8221;<\/p>\n<p>Depremin ne zaman gelece\u011finin belli olmad\u0131\u011f\u0131n\u0131 ama bizim buna haz\u0131r olmam\u0131z gerekti\u011fini belirten Ballak; &#8220;Depremin \u00fczerinden 2 y\u0131l ge\u00e7ti. Biz arama kurtarma ekibi, ara\u00e7, malzeme, ekipman olarak haz\u0131r\u0131z. Asl\u0131nda bu depremin en ac\u0131 ger\u00e7e\u011fi. Ke\u015fke biz arama kurtarma ekip ve ekipman olarak haz\u0131r olmasak da \u015fehrimizi, \u015fehirlerimizi, binalar\u0131m\u0131z\u0131 g\u00fcvenli \u015fekle sokabilsek. Ben \u00fclkemizin tekrar b\u00f6yle bir ac\u0131 ya\u015famamas\u0131n\u0131 diliyorum.&#8221; \u015feklinde konu\u015ftu.<\/p>\n","protected":false},"excerpt":{"rendered":"<p>6 \u015eubat depreminin ikinci y\u0131l\u0131nda depremin ilk saatlerinde yola \u00e7\u0131karak bir\u00e7ok depremzedenin kurtar\u0131lmas\u0131n\u0131 sa\u011flayan Burdur \u0130tfaiyesi personelleri saat 04.17\u2019yi g\u00f6sterdi\u011finde Kahramanmara\u015f merkezli 11 ili etkisi alt\u0131na alan asr\u0131n felaketinde hayat\u0131n\u0131 kaybedenleri and\u0131. Kahramanmara\u015f merkezli 11 ili etkileyen ve asr\u0131n felaketi olarak nitelendirilen 7.7 ve 7.6 \u015fiddetindeki 6 \u015eubat depreminin ikinci y\u0131l\u0131nda \u00fclkenin bir\u00e7ok yerinde hayat\u0131n\u0131&#8230;<\/p>\n","protected":false},"author":1,"featured_media":15984,"comment_status":"open","ping_status":"open","sticky":false,"template":"","format":"standard","meta":{"_crdt_document":"","footnotes":""},"categories":[1],"tags":[],"class_list":["post-15983","post","type-post","status-publish","format-standard","has-post-thumbnail","hentry","category-guncel"],"_links":{"self":[{"href":"https:\/\/www.egemtv.com\/index.php?rest_route=\/wp\/v2\/posts\/15983","targetHints":{"allow":["GET"]}}],"collection":[{"href":"https:\/\/www.egemtv.com\/index.php?rest_route=\/wp\/v2\/posts"}],"about":[{"href":"https:\/\/www.egemtv.com\/index.php?rest_route=\/wp\/v2\/types\/post"}],"author":[{"embeddable":true,"href":"https:\/\/www.egemtv.com\/index.php?rest_route=\/wp\/v2\/users\/1"}],"replies":[{"embeddable":true,"href":"https:\/\/www.egemtv.com\/index.php?rest_route=%2Fwp%2Fv2%2Fcomments&post=15983"}],"version-history":[{"count":1,"href":"https:\/\/www.egemtv.com\/index.php?rest_route=\/wp\/v2\/posts\/15983\/revisions"}],"predecessor-version":[{"id":15985,"href":"https:\/\/www.egemtv.com\/index.php?rest_route=\/wp\/v2\/posts\/15983\/revisions\/15985"}],"wp:featuredmedia":[{"embeddable":true,"href":"https:\/\/www.egemtv.com\/index.php?rest_route=\/wp\/v2\/media\/15984"}],"wp:attachment":[{"href":"https:\/\/www.egemtv.com\/index.php?rest_route=%2Fwp%2Fv2%2Fmedia&parent=15983"}],"wp:term":[{"taxonomy":"category","embeddable":true,"href":"https:\/\/www.egemtv.com\/index.php?rest_route=%2Fwp%2Fv2%2Fcategories&post=15983"},{"taxonomy":"post_tag","embeddable":true,"href":"https:\/\/www.egemtv.com\/index.php?rest_route=%2Fwp%2Fv2%2Ftags&post=15983"}],"curies":[{"name":"wp","href":"https:\/\/api.w.org\/{rel}","templated":true}]}}