{"id":15980,"date":"2025-02-05T23:22:22","date_gmt":"2025-02-05T20:22:22","guid":{"rendered":"https:\/\/www.egemtv.com\/?p=15980"},"modified":"2025-02-05T23:22:26","modified_gmt":"2025-02-05T20:22:26","slug":"odasinda-basindan-vurulmus-halde-olu-bulundu","status":"publish","type":"post","link":"https:\/\/www.egemtv.com\/?p=15980","title":{"rendered":"Odas\u0131nda ba\u015f\u0131ndan vurulmu\u015f halde \u00f6l\u00fc bulundu"},"content":{"rendered":"<p>Ayd\u0131n\u2019\u0131n Efeler il\u00e7esinde bir \u015fah\u0131s odas\u0131nda ba\u015f\u0131ndan tabanca ile vurulmu\u015f halde \u00f6l\u00fc olarak bulundu.<br \/>\n<br \/>Olay, Me\u015frutiyet Mahallesi 2057 sokak \u00fczerinde bulunan bir apartman\u0131n d\u00f6rd\u00fcnc\u00fc kat\u0131nda meydana geldi. Edinilen bilgiye g\u00f6re, Alican \u00c7.\u2019nin (22) odas\u0131ndan silah sesi duyuldu. Odaya giren ailesi gencin ba\u015f\u0131ndan tabanca ile vurulmu\u015f halde kanlar i\u00e7erisinde buldu. Durumun 112 Acil \u00c7a\u011fr\u0131 Merkezi\u2019ne bildirilmesinin \u00fczerine b\u00f6lgeye sa\u011fl\u0131k ve polis ekipleri sevk edildi. K\u0131sa s\u00fcrede olay yerine gelen sa\u011fl\u0131k ekipleri yapt\u0131klar\u0131 kontrollerde Alican \u00c7.\u2019nin hayat\u0131n\u0131 kaybetti\u011fini tespit etti. Ac\u0131 haberi alan ailesi g\u00f6zya\u015flar\u0131na bo\u011fulurken, gencin cans\u0131z bedeni hastane morguna kald\u0131r\u0131ld\u0131. \u0130lk incelemelere g\u00f6re \u015fahs\u0131n kendi hayat\u0131na son verdi\u011fi \u015f\u00fcphesi \u00fczerinde duruldu\u011fu bilgisine ula\u015f\u0131ld\u0131.<br \/>\n<br \/>Olayla ilgili soru\u015fturma s\u00fcr\u00fcyor.<br \/><\/p>\n","protected":false},"excerpt":{"rendered":"<p>Ayd\u0131n\u2019\u0131n Efeler il\u00e7esinde bir \u015fah\u0131s odas\u0131nda ba\u015f\u0131ndan tabanca ile vurulmu\u015f halde \u00f6l\u00fc olarak bulundu. Olay, Me\u015frutiyet Mahallesi 2057 sokak \u00fczerinde bulunan bir apartman\u0131n d\u00f6rd\u00fcnc\u00fc kat\u0131nda meydana geldi. Edinilen bilgiye g\u00f6re, Alican \u00c7.\u2019nin (22) odas\u0131ndan silah sesi duyuldu. Odaya giren ailesi gencin ba\u015f\u0131ndan tabanca ile vurulmu\u015f halde kanlar i\u00e7erisinde buldu. Durumun 112 Acil \u00c7a\u011fr\u0131 Merkezi\u2019ne bildirilmesinin&#8230;<\/p>\n","protected":false},"author":1,"featured_media":15981,"comment_status":"open","ping_status":"open","sticky":false,"template":"","format":"standard","meta":{"_crdt_document":"","footnotes":""},"categories":[5],"tags":[],"class_list":["post-15980","post","type-post","status-publish","format-standard","has-post-thumbnail","hentry","category-asayis"],"_links":{"self":[{"href":"https:\/\/www.egemtv.com\/index.php?rest_route=\/wp\/v2\/posts\/15980","targetHints":{"allow":["GET"]}}],"collection":[{"href":"https:\/\/www.egemtv.com\/index.php?rest_route=\/wp\/v2\/posts"}],"about":[{"href":"https:\/\/www.egemtv.com\/index.php?rest_route=\/wp\/v2\/types\/post"}],"author":[{"embeddable":true,"href":"https:\/\/www.egemtv.com\/index.php?rest_route=\/wp\/v2\/users\/1"}],"replies":[{"embeddable":true,"href":"https:\/\/www.egemtv.com\/index.php?rest_route=%2Fwp%2Fv2%2Fcomments&post=15980"}],"version-history":[{"count":1,"href":"https:\/\/www.egemtv.com\/index.php?rest_route=\/wp\/v2\/posts\/15980\/revisions"}],"predecessor-version":[{"id":15982,"href":"https:\/\/www.egemtv.com\/index.php?rest_route=\/wp\/v2\/posts\/15980\/revisions\/15982"}],"wp:featuredmedia":[{"embeddable":true,"href":"https:\/\/www.egemtv.com\/index.php?rest_route=\/wp\/v2\/media\/15981"}],"wp:attachment":[{"href":"https:\/\/www.egemtv.com\/index.php?rest_route=%2Fwp%2Fv2%2Fmedia&parent=15980"}],"wp:term":[{"taxonomy":"category","embeddable":true,"href":"https:\/\/www.egemtv.com\/index.php?rest_route=%2Fwp%2Fv2%2Fcategories&post=15980"},{"taxonomy":"post_tag","embeddable":true,"href":"https:\/\/www.egemtv.com\/index.php?rest_route=%2Fwp%2Fv2%2Ftags&post=15980"}],"curies":[{"name":"wp","href":"https:\/\/api.w.org\/{rel}","templated":true}]}}