{"id":15972,"date":"2025-02-05T23:00:55","date_gmt":"2025-02-05T20:00:55","guid":{"rendered":"https:\/\/www.egemtv.com\/?p=15972"},"modified":"2025-02-05T23:01:14","modified_gmt":"2025-02-05T20:01:14","slug":"kusadasinda-kayip-olarak-aranan-sahis-ucurumda-olu-bulundu-3","status":"publish","type":"post","link":"https:\/\/www.egemtv.com\/?p=15972","title":{"rendered":"Ku\u015fadas\u0131\u2019nda kay\u0131p olarak aranan \u015fah\u0131s u\u00e7urumda \u00f6l\u00fc bulundu"},"content":{"rendered":"<p>Ayd\u0131n\u2019\u0131n Ku\u015fadas\u0131 il\u00e7esinde 2 g\u00fcnd\u00fcr kay\u0131p olarak aranan bir ki\u015fi u\u00e7urumda \u00f6l\u00fc bulundu. \u015eahs\u0131n trakt\u00f6r\u00fcyle birlikte u\u00e7urumdan d\u00fc\u015ferek hayat\u0131n\u0131 kaybetti\u011fi de\u011ferlendiriliyor.<br \/>\n<br \/>Edinilen bilgiye g\u00f6re, Kirazl\u0131 Mahallesi\u2019nde ya\u015fayan C\u00fcneyt Duman\u2019dan (37) bir s\u00fcredir haber alamayan yak\u0131nlar\u0131, pazartesi g\u00fcn\u00fc durumu jandarmaya bildirip, kay\u0131p ba\u015fvurusunda bulundu. Bunun \u00fczerine jandarma ekipleri Duman\u2019\u0131n bulunmas\u0131 i\u00e7in \u00e7al\u0131\u015fma ba\u015flatt\u0131. \u00c7al\u0131\u015fmalar s\u00fcrerken saat 16.00 s\u0131ralar\u0131nda Kirazl\u0131 Mahallesi Belen mevkiinden ara\u00e7lar\u0131yla ge\u00e7enler u\u00e7uruma yuvarlanm\u0131\u015f bir trakt\u00f6r g\u00f6rd\u00fc. \u0130hbar \u00fczerine b\u00f6lgeye sevk edilen jandarma, polis ve Acil Sa\u011fl\u0131k ekipleri, u\u00e7urumda Duman\u2019\u0131n cans\u0131z bedenini buldu. Trakt\u00f6r\u00fcyle birlikte u\u00e7urumdan d\u00fc\u015ferek ya\u015fam\u0131n\u0131 yitirdi\u011fi de\u011ferlendirilen Duman\u2019\u0131n cans\u0131z bedeni u\u00e7urumdan \u00e7\u0131kart\u0131larak hastane morguna kald\u0131r\u0131ld\u0131.<br \/>\n<br \/>Olayla ilgili soru\u015fturma s\u00fcr\u00fcyor.<br \/><\/p>\n","protected":false},"excerpt":{"rendered":"<p>Ayd\u0131n\u2019\u0131n Ku\u015fadas\u0131 il\u00e7esinde 2 g\u00fcnd\u00fcr kay\u0131p olarak aranan bir ki\u015fi u\u00e7urumda \u00f6l\u00fc bulundu. \u015eahs\u0131n trakt\u00f6r\u00fcyle birlikte u\u00e7urumdan d\u00fc\u015ferek hayat\u0131n\u0131 kaybetti\u011fi de\u011ferlendiriliyor. Edinilen bilgiye g\u00f6re, Kirazl\u0131 Mahallesi\u2019nde ya\u015fayan C\u00fcneyt Duman\u2019dan (37) bir s\u00fcredir haber alamayan yak\u0131nlar\u0131, pazartesi g\u00fcn\u00fc durumu jandarmaya bildirip, kay\u0131p ba\u015fvurusunda bulundu. Bunun \u00fczerine jandarma ekipleri Duman\u2019\u0131n bulunmas\u0131 i\u00e7in \u00e7al\u0131\u015fma ba\u015flatt\u0131. \u00c7al\u0131\u015fmalar s\u00fcrerken saat&#8230;<\/p>\n","protected":false},"author":1,"featured_media":15973,"comment_status":"open","ping_status":"open","sticky":false,"template":"","format":"standard","meta":{"_crdt_document":"","footnotes":""},"categories":[5],"tags":[],"class_list":["post-15972","post","type-post","status-publish","format-standard","has-post-thumbnail","hentry","category-asayis"],"_links":{"self":[{"href":"https:\/\/www.egemtv.com\/index.php?rest_route=\/wp\/v2\/posts\/15972","targetHints":{"allow":["GET"]}}],"collection":[{"href":"https:\/\/www.egemtv.com\/index.php?rest_route=\/wp\/v2\/posts"}],"about":[{"href":"https:\/\/www.egemtv.com\/index.php?rest_route=\/wp\/v2\/types\/post"}],"author":[{"embeddable":true,"href":"https:\/\/www.egemtv.com\/index.php?rest_route=\/wp\/v2\/users\/1"}],"replies":[{"embeddable":true,"href":"https:\/\/www.egemtv.com\/index.php?rest_route=%2Fwp%2Fv2%2Fcomments&post=15972"}],"version-history":[{"count":1,"href":"https:\/\/www.egemtv.com\/index.php?rest_route=\/wp\/v2\/posts\/15972\/revisions"}],"predecessor-version":[{"id":15978,"href":"https:\/\/www.egemtv.com\/index.php?rest_route=\/wp\/v2\/posts\/15972\/revisions\/15978"}],"wp:featuredmedia":[{"embeddable":true,"href":"https:\/\/www.egemtv.com\/index.php?rest_route=\/wp\/v2\/media\/15973"}],"wp:attachment":[{"href":"https:\/\/www.egemtv.com\/index.php?rest_route=%2Fwp%2Fv2%2Fmedia&parent=15972"}],"wp:term":[{"taxonomy":"category","embeddable":true,"href":"https:\/\/www.egemtv.com\/index.php?rest_route=%2Fwp%2Fv2%2Fcategories&post=15972"},{"taxonomy":"post_tag","embeddable":true,"href":"https:\/\/www.egemtv.com\/index.php?rest_route=%2Fwp%2Fv2%2Ftags&post=15972"}],"curies":[{"name":"wp","href":"https:\/\/api.w.org\/{rel}","templated":true}]}}