{"id":15962,"date":"2025-02-05T23:00:37","date_gmt":"2025-02-05T20:00:37","guid":{"rendered":"https:\/\/www.egemtv.com\/?p=15962"},"modified":"2025-02-05T23:00:48","modified_gmt":"2025-02-05T20:00:48","slug":"aydinda-yildiz-erkek-grekoromen-gures-il-birinciligi-musabakalari-sona-erdi","status":"publish","type":"post","link":"https:\/\/www.egemtv.com\/?p=15962","title":{"rendered":"Ayd\u0131n\u2019da Y\u0131ld\u0131z Erkek Grekoromen G\u00fcre\u015f il birincili\u011fi m\u00fcsabakalar\u0131 sona erdi"},"content":{"rendered":"<p>Ayd\u0131n Gen\u00e7lik ve Spor \u0130l M\u00fcd\u00fcrl\u00fc\u011f\u00fc taraf\u0131ndan d\u00fczenlenen Y\u0131ld\u0131z Erkek Grekoromen G\u00fcre\u015f \u0130l Birincili\u011fi Mimar Sinan Spor Salonu\u2019nda yap\u0131lan \u00f6d\u00fcl t\u00f6reniyle sona erdi.<\/p>\n<p>11 okuldan 31 sporcunun kat\u0131ld\u0131\u011f\u0131 m\u00fcsabakalarda gen\u00e7 g\u00fcre\u015f\u00e7iler, minderde \u00fcst\u00fcn performans sergileyerek dereceye girebilmek i\u00e7in m\u00fccadele etti. Kar\u015f\u0131la\u015fmalar b\u00fcy\u00fck bir \u00e7eki\u015fmeye sahne olurken, sporcular hem teknik becerilerini hem de azimlerini ortaya koydu. Dereceye giren sporcular; 34-38 kg Ferit Ta\u015fdemir, 41 kg Emir Demir, 44 kg Ali Efe G\u00fcl\u015fen, 48 kg Ya\u011f\u0131z Eymen Soydan, 52 kg Emre Ald\u0131m, 57 kg Kadir Dakak, 62 kg Ayaz \u00c7a\u011flayan, 68 kg Can Soycan, 75 kg Poyraz Karakurt, 85 kg Kuzey Baybora, 85-100 kg\u2019da \u015eakir Akay oldu.<\/p>\n<p>Ayd\u0131n Gen\u00e7lik ve Spor \u0130l M\u00fcd\u00fcrl\u00fc\u011f\u00fc\u2019nden yap\u0131lan a\u00e7\u0131klamada, dereceye giren t\u00fcm sporcular\u0131 tebrik ederek ba\u015far\u0131lar\u0131n\u0131n devam\u0131n\u0131 dilenerek, geleneksel g\u00fcre\u015f k\u00fclt\u00fcr\u00fcn\u00fc ya\u015fatan ve b\u00fcy\u00fck bir m\u00fccadele \u00f6rne\u011fi sergileyen sporcular\u0131n gelecekte de \u00f6nemli ba\u015far\u0131lar elde etmeleri temenni edildi.<br \/><\/p>\n","protected":false},"excerpt":{"rendered":"<p>Ayd\u0131n Gen\u00e7lik ve Spor \u0130l M\u00fcd\u00fcrl\u00fc\u011f\u00fc taraf\u0131ndan d\u00fczenlenen Y\u0131ld\u0131z Erkek Grekoromen G\u00fcre\u015f \u0130l Birincili\u011fi Mimar Sinan Spor Salonu\u2019nda yap\u0131lan \u00f6d\u00fcl t\u00f6reniyle sona erdi. 11 okuldan 31 sporcunun kat\u0131ld\u0131\u011f\u0131 m\u00fcsabakalarda gen\u00e7 g\u00fcre\u015f\u00e7iler, minderde \u00fcst\u00fcn performans sergileyerek dereceye girebilmek i\u00e7in m\u00fccadele etti. Kar\u015f\u0131la\u015fmalar b\u00fcy\u00fck bir \u00e7eki\u015fmeye sahne olurken, sporcular hem teknik becerilerini hem de azimlerini ortaya koydu&#8230;.<\/p>\n","protected":false},"author":1,"featured_media":15963,"comment_status":"open","ping_status":"open","sticky":false,"template":"","format":"standard","meta":{"_crdt_document":"","footnotes":""},"categories":[4],"tags":[],"class_list":["post-15962","post","type-post","status-publish","format-standard","has-post-thumbnail","hentry","category-spor"],"_links":{"self":[{"href":"https:\/\/www.egemtv.com\/index.php?rest_route=\/wp\/v2\/posts\/15962","targetHints":{"allow":["GET"]}}],"collection":[{"href":"https:\/\/www.egemtv.com\/index.php?rest_route=\/wp\/v2\/posts"}],"about":[{"href":"https:\/\/www.egemtv.com\/index.php?rest_route=\/wp\/v2\/types\/post"}],"author":[{"embeddable":true,"href":"https:\/\/www.egemtv.com\/index.php?rest_route=\/wp\/v2\/users\/1"}],"replies":[{"embeddable":true,"href":"https:\/\/www.egemtv.com\/index.php?rest_route=%2Fwp%2Fv2%2Fcomments&post=15962"}],"version-history":[{"count":1,"href":"https:\/\/www.egemtv.com\/index.php?rest_route=\/wp\/v2\/posts\/15962\/revisions"}],"predecessor-version":[{"id":15966,"href":"https:\/\/www.egemtv.com\/index.php?rest_route=\/wp\/v2\/posts\/15962\/revisions\/15966"}],"wp:featuredmedia":[{"embeddable":true,"href":"https:\/\/www.egemtv.com\/index.php?rest_route=\/wp\/v2\/media\/15963"}],"wp:attachment":[{"href":"https:\/\/www.egemtv.com\/index.php?rest_route=%2Fwp%2Fv2%2Fmedia&parent=15962"}],"wp:term":[{"taxonomy":"category","embeddable":true,"href":"https:\/\/www.egemtv.com\/index.php?rest_route=%2Fwp%2Fv2%2Fcategories&post=15962"},{"taxonomy":"post_tag","embeddable":true,"href":"https:\/\/www.egemtv.com\/index.php?rest_route=%2Fwp%2Fv2%2Ftags&post=15962"}],"curies":[{"name":"wp","href":"https:\/\/api.w.org\/{rel}","templated":true}]}}