{"id":15953,"date":"2025-02-05T22:37:30","date_gmt":"2025-02-05T19:37:30","guid":{"rendered":"https:\/\/www.egemtv.com\/?p=15953"},"modified":"2025-02-05T22:37:36","modified_gmt":"2025-02-05T19:37:36","slug":"zimmet-davasinda-eski-belediye-baskanina-12-yil-hapis-cezasi","status":"publish","type":"post","link":"https:\/\/www.egemtv.com\/?p=15953","title":{"rendered":"Zimmet davas\u0131nda eski belediye ba\u015fkan\u0131na 12 y\u0131l hapis cezas\u0131"},"content":{"rendered":"<p>Burdur\u2019un Bucak il\u00e7esi K\u0131z\u0131lkaya Belediyesi AK Parti\u2019li eski Belediye Ba\u015fkan\u0131 Canan Atasoy yarg\u0131land\u0131\u011f\u0131 zimmet davas\u0131nda 12 y\u0131l 6 ay hapis cezas\u0131na \u00e7arpt\u0131r\u0131ld\u0131.<br \/>\n<br \/>31 Mart 2019 Mahalli \u0130dareler Genel Se\u00e7imleri sonucunda AK Parti\u2019li Canan Atasoy\u2019un belediye ba\u015fkanl\u0131\u011f\u0131 yapt\u0131\u011f\u0131 Burdur\u2019un Bucak il\u00e7esine ba\u011fl\u0131 K\u0131z\u0131lkaya Beldesi, se\u00e7imi kazanan MHP\u2019li \u0130lkay G\u00fcng\u00f6r\u2019e ge\u00e7mi\u015fti. G\u00fcng\u00f6r\u2019\u00fcn g\u00f6reve ba\u015flamas\u0131yla birlikte Say\u0131\u015ftay denetimi talep edildi. Say\u0131\u015ftay taraf\u0131ndan yap\u0131lan incelemelerin ard\u0131ndan 2021 y\u0131l\u0131nda eski ba\u015fkan Canan Atasoy ve 14 san\u0131k hakk\u0131nda zimmet davas\u0131 a\u00e7\u0131ld\u0131.<br \/>\n<br \/>Burdur 1. A\u011f\u0131r Ceza Mahkemesi\u2019nde g\u00f6r\u00fclen davan\u0131n karar duru\u015fmas\u0131nda Canan Atasoy 12 y\u0131l 6 ay hapis cezas\u0131na \u00e7arpt\u0131r\u0131larak tutukland\u0131.<br \/>\n<br \/>Zimmet davas\u0131nda yarg\u0131lanan di\u011fer san\u0131klardan Gamze K. 2 y\u0131l 7 ay 7 g\u00fcn, \u0130brahim C. 8 y\u0131l 4 ay, L\u00fctfi O. 7 y\u0131l 6 ay, \u0130smail U. 5 y\u0131l 6 ay 20 g\u00fcn, Mehmet S.5 y\u0131l 2 ay 15 g\u00fcn, Naci A. 4 y\u0131l 4 ay 15 g\u00fcn, Serdar \u00d6. 2 y\u0131l 13 ay 15 g\u00fcn, S\u00fcleyman G. 3 y\u0131l 9 ay, \u00dcmit \u00d6. 4 y\u0131l 4 ay 15 g\u00fcn, Y\u00fcksel \u00c7. 2 y\u0131l 7 ay 7 g\u00fcn, M.\u0130. 4 y\u0131l 15 g\u00fcn, \u0130brahim \u00d6.\u2019ye 4 y\u0131l 15 g\u00fcn hapis cezas\u0131 verilirken Ay\u015fe B., \u00dcmit D. ve Mustafa G. beraat etti.<br \/><\/p>\n","protected":false},"excerpt":{"rendered":"<p>Burdur\u2019un Bucak il\u00e7esi K\u0131z\u0131lkaya Belediyesi AK Parti\u2019li eski Belediye Ba\u015fkan\u0131 Canan Atasoy yarg\u0131land\u0131\u011f\u0131 zimmet davas\u0131nda 12 y\u0131l 6 ay hapis cezas\u0131na \u00e7arpt\u0131r\u0131ld\u0131. 31 Mart 2019 Mahalli \u0130dareler Genel Se\u00e7imleri sonucunda AK Parti\u2019li Canan Atasoy\u2019un belediye ba\u015fkanl\u0131\u011f\u0131 yapt\u0131\u011f\u0131 Burdur\u2019un Bucak il\u00e7esine ba\u011fl\u0131 K\u0131z\u0131lkaya Beldesi, se\u00e7imi kazanan MHP\u2019li \u0130lkay G\u00fcng\u00f6r\u2019e ge\u00e7mi\u015fti. G\u00fcng\u00f6r\u2019\u00fcn g\u00f6reve ba\u015flamas\u0131yla birlikte Say\u0131\u015ftay denetimi&#8230;<\/p>\n","protected":false},"author":1,"featured_media":15954,"comment_status":"open","ping_status":"open","sticky":false,"template":"","format":"standard","meta":{"_crdt_document":"","footnotes":""},"categories":[5],"tags":[],"class_list":["post-15953","post","type-post","status-publish","format-standard","has-post-thumbnail","hentry","category-asayis"],"_links":{"self":[{"href":"https:\/\/www.egemtv.com\/index.php?rest_route=\/wp\/v2\/posts\/15953","targetHints":{"allow":["GET"]}}],"collection":[{"href":"https:\/\/www.egemtv.com\/index.php?rest_route=\/wp\/v2\/posts"}],"about":[{"href":"https:\/\/www.egemtv.com\/index.php?rest_route=\/wp\/v2\/types\/post"}],"author":[{"embeddable":true,"href":"https:\/\/www.egemtv.com\/index.php?rest_route=\/wp\/v2\/users\/1"}],"replies":[{"embeddable":true,"href":"https:\/\/www.egemtv.com\/index.php?rest_route=%2Fwp%2Fv2%2Fcomments&post=15953"}],"version-history":[{"count":1,"href":"https:\/\/www.egemtv.com\/index.php?rest_route=\/wp\/v2\/posts\/15953\/revisions"}],"predecessor-version":[{"id":15955,"href":"https:\/\/www.egemtv.com\/index.php?rest_route=\/wp\/v2\/posts\/15953\/revisions\/15955"}],"wp:featuredmedia":[{"embeddable":true,"href":"https:\/\/www.egemtv.com\/index.php?rest_route=\/wp\/v2\/media\/15954"}],"wp:attachment":[{"href":"https:\/\/www.egemtv.com\/index.php?rest_route=%2Fwp%2Fv2%2Fmedia&parent=15953"}],"wp:term":[{"taxonomy":"category","embeddable":true,"href":"https:\/\/www.egemtv.com\/index.php?rest_route=%2Fwp%2Fv2%2Fcategories&post=15953"},{"taxonomy":"post_tag","embeddable":true,"href":"https:\/\/www.egemtv.com\/index.php?rest_route=%2Fwp%2Fv2%2Ftags&post=15953"}],"curies":[{"name":"wp","href":"https:\/\/api.w.org\/{rel}","templated":true}]}}