{"id":15950,"date":"2025-02-05T22:28:18","date_gmt":"2025-02-05T19:28:18","guid":{"rendered":"https:\/\/www.egemtv.com\/?p=15950"},"modified":"2025-02-05T22:28:22","modified_gmt":"2025-02-05T19:28:22","slug":"aydin-eczaci-odasindan-sgkya-ilac-temin-protokolu-cozum-cagrisi","status":"publish","type":"post","link":"https:\/\/www.egemtv.com\/?p=15950","title":{"rendered":"Ayd\u0131n Eczac\u0131 Odas\u0131\u2019ndan SGK\u2019ya \u2019ila\u00e7 temin protokol\u00fc\u2019 \u00e7\u00f6z\u00fcm \u00e7a\u011fr\u0131s\u0131"},"content":{"rendered":"<p>21. B\u00f6lge Ayd\u0131n Eczac\u0131 Odas\u0131 Ba\u015fkan\u0131 Sefa Karaarslan T\u00fcrk Eczac\u0131lar\u0131 Birli\u011fi ve SGK aras\u0131ndaki ila\u00e7 temin protokol\u00fc hakk\u0131nda yapt\u0131\u011f\u0131 a\u00e7\u0131klamada, &#8220;Sesimiz duyulmazsa ve gerekli \u00f6nlemler al\u0131nmazsa 2025 eczanelerimizin \u0131\u015f\u0131\u011f\u0131n\u0131n karard\u0131\u011f\u0131 ve sa\u011fl\u0131k kap\u0131s\u0131n\u0131n kapand\u0131\u011f\u0131 bir y\u0131l olacak&#8221; dedi.<\/p>\n<p>Odan\u0131n toplant\u0131 salonunda Ayd\u0131nl\u0131 eczac\u0131lar\u0131n da kat\u0131ld\u0131\u011f\u0131 toplant\u0131da SGK protokol 21. B\u00f6lge Ayd\u0131n Eczac\u0131 Odas\u0131 Ba\u015fkan\u0131 Sefa Karaarslan T\u00fcrk Eczac\u0131lar\u0131 Birli\u011fi ile Sosyal G\u00fcvenlik Kurumu (SGK) aras\u0131ndaki \u0130la\u00e7 Temin Protokol\u00fc 1 Ekim 2024 tarihinde sona erdi\u011fini, aradan ge\u00e7en 4 ayda da yeni bir protokol \u00fczerinde mutabakat sa\u011flanamad\u0131\u011f\u0131n\u0131 ve yeni bir protokol imzalanamad\u0131\u011f\u0131n\u0131 hat\u0131rlatarak bu durumun eczac\u0131lar\u0131 zorlad\u0131\u011f\u0131n\u0131 ifade etti. Kendilerini k\u00f6ylerden kentlere, il\u00e7elerden mahallelere, \u00fclkenin d\u00f6rt bir yan\u0131nda kesintisiz hizmet sunan, toplumla i\u00e7 i\u00e7e, birinci basamak sa\u011fl\u0131k hizmet sunucusu olan eczac\u0131lar olarak tan\u0131mlayarak, &#8220;Bizler, hastalar\u0131m\u0131z\u0131n ihtiya\u00e7 duyduklar\u0131 ila\u00e7lara en g\u00fcvenilir ve en h\u0131zl\u0131 \u015fekilde ula\u015fmalar\u0131n\u0131 sa\u011flayan, en yak\u0131n sa\u011fl\u0131k dan\u0131\u015fmanlar\u0131y\u0131z. Birinci basamak sa\u011fl\u0131k hizmetinin ayr\u0131lmaz bir par\u00e7as\u0131y\u0131z. Ancak mevcut ekonomik \u015fartlar ve artan maliyetler kar\u015f\u0131s\u0131nda eczanelerimizi koruyan, onlar\u0131 ayakta tutan ger\u00e7ek\u00e7i \u00f6nlemlerin al\u0131nmad\u0131\u011f\u0131 bir noktaday\u0131z. Defalarca dile getirmemize, taleplerimizi \u0131srarla ifade etmemize ra\u011fmen eczanelerdeki kan kayb\u0131 g\u00f6rmezden gelindi. Bu anlamda 2024 y\u0131l\u0131 hem hastalar\u0131m\u0131z hem de bizim a\u00e7\u0131m\u0131zdan \u00e7ok zor ge\u00e7ti. 30 bini a\u015fk\u0131n eczanemiz, sundu\u011fu ila\u00e7 ve eczac\u0131l\u0131k hizmetlerini s\u0131rt\u0131ndaki mali y\u00fcklerle bo\u011fu\u015farak s\u00fcrd\u00fcrebildi. Ama daha da k\u00f6t\u00fcs\u00fc sesimiz duyulmazsa, gerekli \u00f6nlemler al\u0131nmazsa 2025 y\u0131l\u0131 daha da karanl\u0131k bir y\u0131l olarak an\u0131lacakt\u0131r. Eczanelerimizin \u0131\u015f\u0131\u011f\u0131n\u0131n karard\u0131\u011f\u0131 ve sa\u011fl\u0131k kap\u0131s\u0131n\u0131n kapand\u0131\u011f\u0131 bir y\u0131l&#8221; dedi.<\/p>\n<p>&#8220;4 ayd\u0131r yeni protokol imzalanamad\u0131&#8221;<br \/>\n<br \/>T\u00fcrk Eczac\u0131lar\u0131 Birli\u011fi ile SGK aras\u0131ndaki \u0130la\u00e7 Temin Protokol\u00fc 1 Ekim 2024 tarihinde sona erdi\u011fini hat\u0131rlatan Karaarslan, &#8220;4 ayd\u0131r yeni bir protokol \u00fczerinde mutabakat sa\u011flanamam\u0131\u015f, yeni bir protokol imzalanamam\u0131\u015ft\u0131r. Buna ra\u011fmen, eczanelerimizde ila\u00e7 eczac\u0131l\u0131k hizmetleri halen b\u00fcy\u00fck bir \u00f6zveriyle s\u00fcrd\u00fcr\u00fclmektedir. Eczanelerimizin ila\u00e7 ve eczac\u0131l\u0131k hizmetlerini sa\u011fl\u0131kl\u0131 bir \u015fekilde s\u00fcrd\u00fcrebilece\u011fi, g\u00fcn\u00fcn ekonomik \u015fartlar\u0131na uygun bir protokol\u00fcn ivedilikle hayata ge\u00e7mesini hem kendimiz hem de hastalar\u0131m\u0131z ad\u0131na talep ediyoruz. 30 bini a\u015fk\u0131n eczanemizin ayakta kalmas\u0131, hastalar\u0131m\u0131za hizmet sunumuna devam edebilmesi, ancak ger\u00e7ek\u00e7i \u015fartlarda ve tam bir mutabakatla imzalanacak protokole ba\u011fl\u0131d\u0131r&#8221; diye konu\u015ftu.<\/p>\n<p>&#8220;Muayene \u00fccretlerini SGK ad\u0131na vatanda\u015flardan tahsil etmek istemiyoruz&#8221;<br \/>\n<br \/>&#8220;Sosyal G\u00fcvenlik Kurumu\u2019na, bir sorumlulu\u011funu daha hat\u0131rlatmak istiyoruz. Sosyal G\u00fcvenlik Kurumu mevzuatta bulunmas\u0131na ra\u011fmen, Kamu Kurum \u0130skontosunu \u00fclkeden \u00e7ekilme tehdidiyle uygulamayan, aradaki fiyat fark\u0131n\u0131 vatanda\u015flar\u0131m\u0131z\u0131n s\u0131rt\u0131na y\u00fckleyen ila\u00e7 firmalar\u0131na izin vermemelidir&#8221; diyerek s\u00f6zlerini s\u00fcrd\u00fcren Karaarslan, &#8220;Sosyal G\u00fcvenlik Kurumunu g\u00f6reve davet ediyoruz; Kamu Kurum \u0130skontosundan do\u011fan fiyat farklar\u0131 vatanda\u015flar\u0131m\u0131z\u0131n cebinden \u00e7\u0131kmas\u0131n istiyoruz. Bunun yan\u0131 s\u0131ra, Sa\u011fl\u0131k Uygulama Tebli\u011finde son yap\u0131lan d\u00fczenleme ile hasta kat\u0131l\u0131m paylar\u0131na y\u00fczde 542\u2019ye ula\u015fan art\u0131\u015flar yap\u0131lm\u0131\u015ft\u0131r. Emekli, asgari \u00fccretli ve \u00f6zellikle kronik hastal\u0131\u011f\u0131 bulunan vatanda\u015flar\u0131m\u0131z\u0131 \u00e7ok zor durumda b\u0131rakan bu art\u0131\u015flar\u0131n geri \u00e7ekilmesini istiyoruz. Ayr\u0131ca s\u00f6z konusu muayene \u00fccretlerinin tahsilat\u0131, hi\u00e7bir ilgisi olmamas\u0131na ra\u011fmen eczanelerimize yapt\u0131r\u0131lmakta, vatanda\u015flar\u0131m\u0131zla meslekta\u015flar\u0131m\u0131z\u0131 kar\u015f\u0131 kar\u015f\u0131ya getirmektedir. Eczac\u0131lar olarak muayene \u00fccretlerini SGK ad\u0131na vatanda\u015flar\u0131m\u0131zdan tahsil etmek istemiyoruz&#8221; ifadelerini kulland\u0131.<\/p>\n<p>&#8220;Eczac\u0131lar\u0131n bu \u015fartlar alt\u0131nda ayakta kalmas\u0131 m\u00fcmk\u00fcn de\u011fil&#8221;<br \/>\n<br \/>21. B\u00f6lge Ayd\u0131n Eczac\u0131 Odas\u0131 Ba\u015fkan\u0131 Karaarslan sorunlar\u0131na kal\u0131c\u0131 ve ger\u00e7ek\u00e7i \u00e7\u00f6z\u00fcm bulunmas\u0131 gerekti\u011fini belirterek, &#8220;Hem B\u00f6lge Eczac\u0131 Odalar\u0131m\u0131z\u0131n ba\u015fkanlar\u0131 hem de T\u00fcrk Eczac\u0131lar\u0131 Birli\u011fi y\u00f6neticileri ya\u015fad\u0131\u011f\u0131m\u0131z bu zorluklar\u0131 konunun yetkililerine, siyasi partilerin de\u011ferli temsilcilerine defalarca aktard\u0131k. Ancak ne yaz\u0131k ki ne hastalar\u0131m\u0131z ne de meslekta\u015flar\u0131m\u0131z ad\u0131na kal\u0131c\u0131 ve ger\u00e7ek\u00e7i bir \u00e7\u00f6z\u00fcme hen\u00fcz ula\u015famad\u0131k.<br \/>\n<br \/>Bug\u00fcn sessiz kal\u0131rsak, hastalar\u0131m\u0131z ila\u00e7lar\u0131na eri\u015fimde \u00e7ok daha b\u00fcy\u00fck sorunlar ya\u015fayacak. Bug\u00fcn sessiz kal\u0131rsak, eczanelerimiz birer birer kapanacak. \u0130la\u00e7 ve sa\u011fl\u0131k hizmetlerinde bilginin, eme\u011fin ve g\u00fcvenin ilk adresi olan eczanelerimizin bu \u015fartlarda ayakta kalmas\u0131 m\u00fcmk\u00fcn de\u011fildir. Acil \u00f6nlemler al\u0131nmazsa eczane iflaslar\u0131n\u0131n ba\u015flamas\u0131 an meselesidir. Bu talebimiz sadece meslek grubumuz ad\u0131na yap\u0131lan bir \u00e7a\u011fr\u0131 de\u011fildir! Bilinmelidir ki, \u00fclkemizde halk sa\u011fl\u0131\u011f\u0131 sisteminin etkinli\u011fi ve ayakta kalmas\u0131 da ancak bu \u015fekilde m\u00fcmk\u00fcnd\u00fcr. Biz eczac\u0131lar, halk\u0131m\u0131z\u0131n sa\u011fl\u0131k kap\u0131s\u0131n\u0131 a\u00e7\u0131k tutmak i\u00e7in buraday\u0131z ve m\u00fccadelemize devam edece\u011fiz. \u00c7a\u011fr\u0131m\u0131z\u0131 tekrarl\u0131yoruz; hakl\u0131 taleplerimizin kar\u015f\u0131lanmas\u0131 i\u00e7in gerekli ad\u0131mlar bir an \u00f6nce at\u0131ls\u0131n, sa\u011fl\u0131k kap\u0131n\u0131z a\u00e7\u0131k kals\u0131n&#8221; diye konu\u015farak a\u00e7\u0131klamas\u0131n\u0131 sonland\u0131rd\u0131.<br \/><\/p>\n","protected":false},"excerpt":{"rendered":"<p>21. B\u00f6lge Ayd\u0131n Eczac\u0131 Odas\u0131 Ba\u015fkan\u0131 Sefa Karaarslan T\u00fcrk Eczac\u0131lar\u0131 Birli\u011fi ve SGK aras\u0131ndaki ila\u00e7 temin protokol\u00fc hakk\u0131nda yapt\u0131\u011f\u0131 a\u00e7\u0131klamada, &#8220;Sesimiz duyulmazsa ve gerekli \u00f6nlemler al\u0131nmazsa 2025 eczanelerimizin \u0131\u015f\u0131\u011f\u0131n\u0131n karard\u0131\u011f\u0131 ve sa\u011fl\u0131k kap\u0131s\u0131n\u0131n kapand\u0131\u011f\u0131 bir y\u0131l olacak&#8221; dedi. Odan\u0131n toplant\u0131 salonunda Ayd\u0131nl\u0131 eczac\u0131lar\u0131n da kat\u0131ld\u0131\u011f\u0131 toplant\u0131da SGK protokol 21. B\u00f6lge Ayd\u0131n Eczac\u0131 Odas\u0131 Ba\u015fkan\u0131 Sefa&#8230;<\/p>\n","protected":false},"author":1,"featured_media":15951,"comment_status":"open","ping_status":"open","sticky":false,"template":"","format":"standard","meta":{"_crdt_document":"","footnotes":""},"categories":[1],"tags":[],"class_list":["post-15950","post","type-post","status-publish","format-standard","has-post-thumbnail","hentry","category-guncel"],"_links":{"self":[{"href":"https:\/\/www.egemtv.com\/index.php?rest_route=\/wp\/v2\/posts\/15950","targetHints":{"allow":["GET"]}}],"collection":[{"href":"https:\/\/www.egemtv.com\/index.php?rest_route=\/wp\/v2\/posts"}],"about":[{"href":"https:\/\/www.egemtv.com\/index.php?rest_route=\/wp\/v2\/types\/post"}],"author":[{"embeddable":true,"href":"https:\/\/www.egemtv.com\/index.php?rest_route=\/wp\/v2\/users\/1"}],"replies":[{"embeddable":true,"href":"https:\/\/www.egemtv.com\/index.php?rest_route=%2Fwp%2Fv2%2Fcomments&post=15950"}],"version-history":[{"count":1,"href":"https:\/\/www.egemtv.com\/index.php?rest_route=\/wp\/v2\/posts\/15950\/revisions"}],"predecessor-version":[{"id":15952,"href":"https:\/\/www.egemtv.com\/index.php?rest_route=\/wp\/v2\/posts\/15950\/revisions\/15952"}],"wp:featuredmedia":[{"embeddable":true,"href":"https:\/\/www.egemtv.com\/index.php?rest_route=\/wp\/v2\/media\/15951"}],"wp:attachment":[{"href":"https:\/\/www.egemtv.com\/index.php?rest_route=%2Fwp%2Fv2%2Fmedia&parent=15950"}],"wp:term":[{"taxonomy":"category","embeddable":true,"href":"https:\/\/www.egemtv.com\/index.php?rest_route=%2Fwp%2Fv2%2Fcategories&post=15950"},{"taxonomy":"post_tag","embeddable":true,"href":"https:\/\/www.egemtv.com\/index.php?rest_route=%2Fwp%2Fv2%2Ftags&post=15950"}],"curies":[{"name":"wp","href":"https:\/\/api.w.org\/{rel}","templated":true}]}}